{"id":73240,"date":"2026-03-03T09:43:37","date_gmt":"2026-03-03T09:43:37","guid":{"rendered":"https:\/\/www.entroncamentoonline.pt\/portal\/?p=73240"},"modified":"2026-03-03T09:43:37","modified_gmt":"2026-03-03T09:43:37","slug":"necrologia-america-costa-maleiro-caldeira-vale-de-santarem","status":"publish","type":"post","link":"https:\/\/www.entroncamentoonline.pt\/portal\/necrologia-america-costa-maleiro-caldeira-vale-de-santarem\/","title":{"rendered":"Necrologia: Am\u00e9rica Costa Maleiro Caldeira \u2013 Vale de Santar\u00e9m"},"content":{"rendered":"<p><span style=\"color: #000000;\"><span style=\"font-family: Arial, sans-serif;\">Faleceu Am\u00e9rica Costa Maleiro Caldeira, de 83 anos, que residia na Rua das Paponas &#8211; Vale de Santar\u00e9m.<\/span><\/span><\/p>\n<p><span style=\"color: #000000;\"><span style=\"font-family: Arial, sans-serif;\">Seu marido: Francisco Jos\u00e9 Pinela Caldeira, seu filho: Francisco Ant\u00f3nio Maleiro<br \/>\nCaldeira e restante fam\u00edlia, comunicam que o seu vel\u00f3rio ser\u00e1 realizado na Igreja do<br \/>\nVale de Santar\u00e9m, dia 03 de mar\u00e7o de 2026, a partir das 13:00 horas.<\/span><\/span><\/p>\n<p><span style=\"color: #000000;\"><span style=\"font-family: Arial, sans-serif;\">O seu funeral realizar-se-\u00e1 no dia 03 de mar\u00e7o de 2026 (ter\u00e7a-feira), na Igreja do Vale<br \/>\nde Santar\u00e9m, pelas 14:30 horas, onde ser\u00e3o celebradas as respetivas cerim\u00f3nias<br \/>\nf\u00fanebres, seguindo para o Cemit\u00e9rio do Vale de Santar\u00e9m.<\/span><\/span><\/p>\n<p><strong><em><span style=\"color: #000000;\"><span style=\"font-family: Arial, sans-serif;\">Ag\u00eancia Funer\u00e1ria Rainho<\/span><\/span><\/em><\/strong><\/p>\n<div class=\"fb-background-color\">\n\t\t\t  <div \n\t\t\t  \tclass = \"fb-comments\" \n\t\t\t  \tdata-href = \"https:\/\/www.entroncamentoonline.pt\/portal\/necrologia-america-costa-maleiro-caldeira-vale-de-santarem\/\"\n\t\t\t  \tdata-numposts = \"10\"\n\t\t\t  \tdata-lazy = \"true\"\n\t\t\t\tdata-colorscheme = \"light\"\n\t\t\t\tdata-order-by = \"social\"\n\t\t\t\tdata-mobile=true>\n\t\t\t  <\/div><\/div>\n\t\t  <style>\n\t\t    .fb-background-color {\n\t\t\t\tbackground:  !important;\n\t\t\t}\n\t\t\t.fb_iframe_widget_fluid_desktop iframe {\n\t\t\t    width: 100% !important;\n\t\t\t}\n\t\t  <\/style>\n\t\t  ","protected":false},"excerpt":{"rendered":"<p>Faleceu Am\u00e9rica Costa Maleiro Caldeira, de 83 anos, que residia na Rua das Paponas &#8211; Vale de Santar\u00e9m. Seu marido: Francisco Jos\u00e9 Pinela Caldeira, seu filho: Francisco Ant\u00f3nio Maleiro Caldeira e restante fam\u00edlia, comunicam que o seu vel\u00f3rio ser\u00e1 realizado na Igreja do Vale de Santar\u00e9m, dia 03 de mar\u00e7o de 2026, a partir das [&hellip;]<\/p>\n","protected":false},"author":43,"featured_media":73241,"comment_status":"open","ping_status":"closed","sticky":false,"template":"","format":"standard","meta":{"_acf_changed":false,"footnotes":""},"categories":[41],"tags":[],"class_list":{"0":"post-73240","1":"post","2":"type-post","3":"status-publish","4":"format-standard","5":"has-post-thumbnail","7":"category-necrologia"},"acf":[],"_links":{"self":[{"href":"https:\/\/www.entroncamentoonline.pt\/portal\/wp-json\/wp\/v2\/posts\/73240","targetHints":{"allow":["GET"]}}],"collection":[{"href":"https:\/\/www.entroncamentoonline.pt\/portal\/wp-json\/wp\/v2\/posts"}],"about":[{"href":"https:\/\/www.entroncamentoonline.pt\/portal\/wp-json\/wp\/v2\/types\/post"}],"author":[{"embeddable":true,"href":"https:\/\/www.entroncamentoonline.pt\/portal\/wp-json\/wp\/v2\/users\/43"}],"replies":[{"embeddable":true,"href":"https:\/\/www.entroncamentoonline.pt\/portal\/wp-json\/wp\/v2\/comments?post=73240"}],"version-history":[{"count":1,"href":"https:\/\/www.entroncamentoonline.pt\/portal\/wp-json\/wp\/v2\/posts\/73240\/revisions"}],"predecessor-version":[{"id":73242,"href":"https:\/\/www.entroncamentoonline.pt\/portal\/wp-json\/wp\/v2\/posts\/73240\/revisions\/73242"}],"wp:featuredmedia":[{"embeddable":true,"href":"https:\/\/www.entroncamentoonline.pt\/portal\/wp-json\/wp\/v2\/media\/73241"}],"wp:attachment":[{"href":"https:\/\/www.entroncamentoonline.pt\/portal\/wp-json\/wp\/v2\/media?parent=73240"}],"wp:term":[{"taxonomy":"category","embeddable":true,"href":"https:\/\/www.entroncamentoonline.pt\/portal\/wp-json\/wp\/v2\/categories?post=73240"},{"taxonomy":"post_tag","embeddable":true,"href":"https:\/\/www.entroncamentoonline.pt\/portal\/wp-json\/wp\/v2\/tags?post=73240"}],"curies":[{"name":"wp","href":"https:\/\/api.w.org\/{rel}","templated":true}]}}