{"id":73200,"date":"2026-02-27T12:30:21","date_gmt":"2026-02-27T12:30:21","guid":{"rendered":"https:\/\/www.entroncamentoonline.pt\/portal\/?p=73200"},"modified":"2026-02-27T09:49:31","modified_gmt":"2026-02-27T09:49:31","slug":"parquimetros-do-centro-historico-de-abrantes-retomam-funcionamento-a-16-de-marco","status":"publish","type":"post","link":"https:\/\/www.entroncamentoonline.pt\/portal\/parquimetros-do-centro-historico-de-abrantes-retomam-funcionamento-a-16-de-marco\/","title":{"rendered":"Parqu\u00edmetros do centro hist\u00f3rico de Abrantes retomam funcionamento a 16 de mar\u00e7o"},"content":{"rendered":"<p><span style=\"color: #000000;\"><span style=\"font-family: Arial, sans-serif;\">Os parqu\u00edmetros do centro hist\u00f3rico de Abrantes v\u00e3o voltar a funcionar a partir de 16 de mar\u00e7o, ap\u00f3s v\u00e1rios anos desligados. A decis\u00e3o foi anunciada pelo Munic\u00edpio de Abrantes, que justifica a medida com a necessidade de melhorar a organiza\u00e7\u00e3o do estacionamento e garantir maior rotatividade de lugares numa zona central da cidade.<\/span><\/span><\/p>\n<p><span style=\"color: #000000;\"><span style=\"font-family: Arial, sans-serif;\">Os parqu\u00edmetros estavam inativos desde a pandemia de Covid\u201119. Durante este per\u00edodo, a autarquia realizou uma avalia\u00e7\u00e3o das estruturas existentes e procedeu \u00e0 aquisi\u00e7\u00e3o de novos equipamentos, mais modernos e ajustados \u00e0s necessidades atuais de gest\u00e3o do estacionamento urbano.<\/span><\/span><\/p>\n<p><span style=\"color: #000000;\"><span style=\"font-family: Arial, sans-serif;\">Com o regresso da cobran\u00e7a, o munic\u00edpio pretende assegurar uma utiliza\u00e7\u00e3o mais equilibrada do espa\u00e7o p\u00fablico, permitindo que mais pessoas possam estacionar junto ao com\u00e9rcio local e aos servi\u00e7os instalados no centro hist\u00f3rico. A autarquia acredita que esta reorganiza\u00e7\u00e3o contribuir\u00e1 para dinamizar a atividade econ\u00f3mica da zona.<\/span><\/span><\/p>\n<p><span style=\"color: #000000;\"><span style=\"font-family: Arial, sans-serif;\">A taxa de utiliza\u00e7\u00e3o ser\u00e1 de 0,45 euros por hora, com um limite m\u00e1ximo de perman\u00eancia de 120 minutos.<\/span><\/span><\/p>\n<h3 class=\"western\"><span style=\"color: #000000;\"><span style=\"font-family: Arial, sans-serif;\"><span style=\"font-size: medium;\"><b>Alternativas de estacionamento gratuito<\/b><\/span><\/span><\/span><\/h3>\n<p><span style=\"color: #000000;\"><span style=\"font-family: Arial, sans-serif;\">O munic\u00edpio recorda que continuam dispon\u00edveis v\u00e1rios parques gratuitos nas imedia\u00e7\u00f5es, nomeadamente:<\/span><\/span><\/p>\n<ul>\n<li><span style=\"color: #000000;\"><span style=\"font-family: Arial, sans-serif;\">Parque junto ao Castelo<\/span><\/span><\/li>\n<li><span style=\"color: #000000;\"><span style=\"font-family: Arial, sans-serif;\">Parque dos Quinchosos<\/span><\/span><\/li>\n<li><span style=\"color: #000000;\"><span style=\"font-family: Arial, sans-serif;\">Parque do Vale da Fontinha<\/span><\/span><\/li>\n<li><span style=\"color: #000000;\"><span style=\"font-family: Arial, sans-serif;\">Parque do Convento de S\u00e3o Domingos<\/span><\/span><\/li>\n<\/ul>\n<p><span style=\"color: #000000;\"><span style=\"font-family: Arial, sans-serif;\">Estas alternativas permitem que residentes e visitantes possam optar por estacionar fora da zona tarifada sem custos adicionais.<\/span><\/span><\/p>\n<p><span style=\"color: #000000;\"><span style=\"font-family: Arial, sans-serif;\">A autarquia reconhece que a mudan\u00e7a exige um per\u00edodo de adapta\u00e7\u00e3o, mas considera que o novo modelo contribuir\u00e1 para uma utiliza\u00e7\u00e3o mais justa e eficiente do espa\u00e7o p\u00fablico, refor\u00e7ando a mobilidade e o acesso ao centro hist\u00f3rico.<\/span><\/span><\/p>\n<div class=\"fb-background-color\">\n\t\t\t  <div \n\t\t\t  \tclass = \"fb-comments\" \n\t\t\t  \tdata-href = \"https:\/\/www.entroncamentoonline.pt\/portal\/parquimetros-do-centro-historico-de-abrantes-retomam-funcionamento-a-16-de-marco\/\"\n\t\t\t  \tdata-numposts = \"10\"\n\t\t\t  \tdata-lazy = \"true\"\n\t\t\t\tdata-colorscheme = \"light\"\n\t\t\t\tdata-order-by = \"social\"\n\t\t\t\tdata-mobile=true>\n\t\t\t  <\/div><\/div>\n\t\t  <style>\n\t\t    .fb-background-color {\n\t\t\t\tbackground:  !important;\n\t\t\t}\n\t\t\t.fb_iframe_widget_fluid_desktop iframe {\n\t\t\t    width: 100% !important;\n\t\t\t}\n\t\t  <\/style>\n\t\t  ","protected":false},"excerpt":{"rendered":"<p>Os parqu\u00edmetros do centro hist\u00f3rico de Abrantes v\u00e3o voltar a funcionar a partir de 16 de mar\u00e7o, ap\u00f3s v\u00e1rios anos desligados. A decis\u00e3o foi anunciada pelo Munic\u00edpio de Abrantes, que justifica a medida com a necessidade de melhorar a organiza\u00e7\u00e3o do estacionamento e garantir maior rotatividade de lugares numa zona central da cidade. Os parqu\u00edmetros [&hellip;]<\/p>\n","protected":false},"author":43,"featured_media":73192,"comment_status":"open","ping_status":"closed","sticky":false,"template":"","format":"standard","meta":{"_acf_changed":false,"footnotes":""},"categories":[56,29,32],"tags":[],"class_list":{"0":"post-73200","1":"post","2":"type-post","3":"status-publish","4":"format-standard","5":"has-post-thumbnail","7":"category-1apagina","8":"category-abrantes","9":"category-noticias"},"acf":[],"_links":{"self":[{"href":"https:\/\/www.entroncamentoonline.pt\/portal\/wp-json\/wp\/v2\/posts\/73200","targetHints":{"allow":["GET"]}}],"collection":[{"href":"https:\/\/www.entroncamentoonline.pt\/portal\/wp-json\/wp\/v2\/posts"}],"about":[{"href":"https:\/\/www.entroncamentoonline.pt\/portal\/wp-json\/wp\/v2\/types\/post"}],"author":[{"embeddable":true,"href":"https:\/\/www.entroncamentoonline.pt\/portal\/wp-json\/wp\/v2\/users\/43"}],"replies":[{"embeddable":true,"href":"https:\/\/www.entroncamentoonline.pt\/portal\/wp-json\/wp\/v2\/comments?post=73200"}],"version-history":[{"count":1,"href":"https:\/\/www.entroncamentoonline.pt\/portal\/wp-json\/wp\/v2\/posts\/73200\/revisions"}],"predecessor-version":[{"id":73201,"href":"https:\/\/www.entroncamentoonline.pt\/portal\/wp-json\/wp\/v2\/posts\/73200\/revisions\/73201"}],"wp:featuredmedia":[{"embeddable":true,"href":"https:\/\/www.entroncamentoonline.pt\/portal\/wp-json\/wp\/v2\/media\/73192"}],"wp:attachment":[{"href":"https:\/\/www.entroncamentoonline.pt\/portal\/wp-json\/wp\/v2\/media?parent=73200"}],"wp:term":[{"taxonomy":"category","embeddable":true,"href":"https:\/\/www.entroncamentoonline.pt\/portal\/wp-json\/wp\/v2\/categories?post=73200"},{"taxonomy":"post_tag","embeddable":true,"href":"https:\/\/www.entroncamentoonline.pt\/portal\/wp-json\/wp\/v2\/tags?post=73200"}],"curies":[{"name":"wp","href":"https:\/\/api.w.org\/{rel}","templated":true}]}}