{"id":7317,"date":"2019-05-27T15:26:34","date_gmt":"2019-05-27T14:26:34","guid":{"rendered":"https:\/\/www.entroncamentoonline.pt\/portal\/?p=7317"},"modified":"2019-05-27T16:19:23","modified_gmt":"2019-05-27T15:19:23","slug":"torres-novas-inspira-t-com-catarina-azevedo-licinio-neto-e-veronica-paiva","status":"publish","type":"post","link":"https:\/\/www.entroncamentoonline.pt\/portal\/torres-novas-inspira-t-com-catarina-azevedo-licinio-neto-e-veronica-paiva\/","title":{"rendered":"TORRES NOVAS | Inspira T com Catarina Azevedo, Lic\u00ednio Neto e Ver\u00f3nica Paiva"},"content":{"rendered":"<p>A StartUp de Torres Novas vai promover, no dia 4 de junho, mais uma edi\u00e7\u00e3o do Inspira T, um evento de networking ligado \u00e0s \u00e1reas do empreendedorismo e neg\u00f3cios. A iniciativa contar\u00e1 com a participa\u00e7\u00e3o de Catarina Azevedo, Lic\u00ednio Neto e Ver\u00f3nica Paiva.<\/p>\n<p>Catarina Azevedo, natural de Torres Novas, 39 anos, engenheira agroalimentar. Trabalhou 15 anos no ramo da distribui\u00e7\u00e3o, em grandes superf\u00edcies, como gerente de loja. Em 2016 criou a marca Sabores a Granel, uma loja que vende mercearia, essencialmente a granel.<\/p>\n<p>Ver\u00f3nica Paiva, 33 anos, bi\u00f3loga. Vive em Alcanena, onde os pais foram propriet\u00e1rios de uma ervan\u00e1ria, o que lhe permitiu crescer num mundo em contacto com os produtos naturais. Dedicou os \u00faltimos anos ao estudo e especializa\u00e7\u00e3o em Cosm\u00e9tica Natural e Naturopatia. Trabalhou em diversas \u00e1reas ligadas \u00e0 Educa\u00e7\u00e3o Ambiental\u00a0e, ap\u00f3s ter sido m\u00e3e, cresceu o sonho de abrir o seu pr\u00f3prio neg\u00f3cio na \u00e1rea da cosm\u00e9tica natural. Em junho de 2018 decidiu abrir uma unidade produtiva artesanal em Alcanena onde fabrica cosm\u00e9ticos naturais sustent\u00e1veis e atrav\u00e9s da qual dinamiza workshops e outras a\u00e7\u00f5es, um pouco por todo o pa\u00eds.<\/p>\n<p>Lic\u00ednio Neto, engenheiro do ambiente. Com poucas oportunidades de exercer a sua atividade profissional, depois de muitas forma\u00e7\u00f5es e temporadas no desemprego, decidiu envolver-se em algo que sempre gostou de fazer: andar de bicicleta. Criou a marca Recadex, uma forma ecol\u00f3gica de fazer publicidade, transportar objetos e prestar servi\u00e7os de recados. Pretende expandir o conceito inovador da Recadex para muitas outras cidades.<\/p>\n<p>O evento tem in\u00edcio \u00e0s 18h30, no audit\u00f3rio da StartUp Torres Novas e a participa\u00e7\u00e3o \u00e9 gratuita. Inscri\u00e7\u00e3o atrav\u00e9s do link:\u00a0<a href=\"https:\/\/goo.gl\/forms\/1vQVx37jyRySIYHg2?fbclid=IwAR2rj2ItH1PlpgaAPmj_HstpqRzwCZYCon4Bs964V2drFKwLWEbGTXs4Qkw\">https:\/\/goo.gl\/forms\/1vQVx37jyRySIYHg2<\/a><\/p>\n<div class=\"fb-background-color\">\n\t\t\t  <div \n\t\t\t  \tclass = \"fb-comments\" \n\t\t\t  \tdata-href = \"https:\/\/www.entroncamentoonline.pt\/portal\/torres-novas-inspira-t-com-catarina-azevedo-licinio-neto-e-veronica-paiva\/\"\n\t\t\t  \tdata-numposts = \"10\"\n\t\t\t  \tdata-lazy = \"true\"\n\t\t\t\tdata-colorscheme = \"light\"\n\t\t\t\tdata-order-by = \"social\"\n\t\t\t\tdata-mobile=true>\n\t\t\t  <\/div><\/div>\n\t\t  <style>\n\t\t    .fb-background-color {\n\t\t\t\tbackground:  !important;\n\t\t\t}\n\t\t\t.fb_iframe_widget_fluid_desktop iframe {\n\t\t\t    width: 100% !important;\n\t\t\t}\n\t\t  <\/style>\n\t\t  ","protected":false},"excerpt":{"rendered":"<p>A StartUp de Torres Novas vai promover, no dia 4 de junho, mais uma edi\u00e7\u00e3o do Inspira T, um evento de networking ligado \u00e0s \u00e1reas do empreendedorismo e neg\u00f3cios. A iniciativa contar\u00e1 com a participa\u00e7\u00e3o de Catarina Azevedo, Lic\u00ednio Neto e Ver\u00f3nica Paiva. Catarina Azevedo, natural de Torres Novas, 39 anos, engenheira agroalimentar. Trabalhou 15 [&hellip;]<\/p>\n","protected":false},"author":1,"featured_media":7318,"comment_status":"open","ping_status":"closed","sticky":false,"template":"","format":"standard","meta":{"_acf_changed":false,"footnotes":""},"categories":[32,37],"tags":[],"class_list":{"0":"post-7317","1":"post","2":"type-post","3":"status-publish","4":"format-standard","5":"has-post-thumbnail","7":"category-noticias","8":"category-torres-novas"},"acf":[],"_links":{"self":[{"href":"https:\/\/www.entroncamentoonline.pt\/portal\/wp-json\/wp\/v2\/posts\/7317","targetHints":{"allow":["GET"]}}],"collection":[{"href":"https:\/\/www.entroncamentoonline.pt\/portal\/wp-json\/wp\/v2\/posts"}],"about":[{"href":"https:\/\/www.entroncamentoonline.pt\/portal\/wp-json\/wp\/v2\/types\/post"}],"author":[{"embeddable":true,"href":"https:\/\/www.entroncamentoonline.pt\/portal\/wp-json\/wp\/v2\/users\/1"}],"replies":[{"embeddable":true,"href":"https:\/\/www.entroncamentoonline.pt\/portal\/wp-json\/wp\/v2\/comments?post=7317"}],"version-history":[{"count":0,"href":"https:\/\/www.entroncamentoonline.pt\/portal\/wp-json\/wp\/v2\/posts\/7317\/revisions"}],"wp:featuredmedia":[{"embeddable":true,"href":"https:\/\/www.entroncamentoonline.pt\/portal\/wp-json\/wp\/v2\/media\/7318"}],"wp:attachment":[{"href":"https:\/\/www.entroncamentoonline.pt\/portal\/wp-json\/wp\/v2\/media?parent=7317"}],"wp:term":[{"taxonomy":"category","embeddable":true,"href":"https:\/\/www.entroncamentoonline.pt\/portal\/wp-json\/wp\/v2\/categories?post=7317"},{"taxonomy":"post_tag","embeddable":true,"href":"https:\/\/www.entroncamentoonline.pt\/portal\/wp-json\/wp\/v2\/tags?post=7317"}],"curies":[{"name":"wp","href":"https:\/\/api.w.org\/{rel}","templated":true}]}}