{"id":7300,"date":"2019-05-27T14:29:08","date_gmt":"2019-05-27T13:29:08","guid":{"rendered":"https:\/\/www.entroncamentoonline.pt\/portal\/?p=7300"},"modified":"2019-06-06T16:04:29","modified_gmt":"2019-06-06T15:04:29","slug":"biografia-de-sophia-apresentada-hoje-em-tomar","status":"publish","type":"post","link":"https:\/\/www.entroncamentoonline.pt\/portal\/biografia-de-sophia-apresentada-hoje-em-tomar\/","title":{"rendered":"Biografia de Sophia apresentada hoje em Tomar"},"content":{"rendered":"<p>Tomar vai receber esta noite uma das primeiras apresenta\u00e7\u00f5es p\u00fablicas de \u201cSophia de Mello Breyner Andresen\u201d, a primeira biografia da poeta de que este ano se celebra o centen\u00e1rio. Da autoria da jornalista Isabel Nery, este trabalho \u00e9 o resultado de uma profunda investiga\u00e7\u00e3o, que incluiu, al\u00e9m das consultas em arquivos e da recolha de cerca de sessenta testemunhos pessoais, a visita aos lugares mais emblem\u00e1ticos onde viveu, que visitou ou que de alguma maneira marcaram a sua vida.<\/p>\n<p>A apresenta\u00e7\u00e3o ser\u00e1 feita a partir das 21 horas, na Biblioteca Municipal de Tomar, numa iniciativa conjunta do Munic\u00edpio e da Livraria Nova, onde n\u00e3o faltar\u00e1 alguma poesia da autora de \u201cMar Novo\u201d.<\/p>\n<div class=\"fb-background-color\">\n\t\t\t  <div \n\t\t\t  \tclass = \"fb-comments\" \n\t\t\t  \tdata-href = \"https:\/\/www.entroncamentoonline.pt\/portal\/biografia-de-sophia-apresentada-hoje-em-tomar\/\"\n\t\t\t  \tdata-numposts = \"10\"\n\t\t\t  \tdata-lazy = \"true\"\n\t\t\t\tdata-colorscheme = \"light\"\n\t\t\t\tdata-order-by = \"social\"\n\t\t\t\tdata-mobile=true>\n\t\t\t  <\/div><\/div>\n\t\t  <style>\n\t\t    .fb-background-color {\n\t\t\t\tbackground:  !important;\n\t\t\t}\n\t\t\t.fb_iframe_widget_fluid_desktop iframe {\n\t\t\t    width: 100% !important;\n\t\t\t}\n\t\t  <\/style>\n\t\t  ","protected":false},"excerpt":{"rendered":"<p>Tomar vai receber esta noite uma das primeiras apresenta\u00e7\u00f5es p\u00fablicas de \u201cSophia de Mello Breyner Andresen\u201d, a primeira biografia da poeta de que este ano se celebra o centen\u00e1rio. Da autoria da jornalista Isabel Nery, este trabalho \u00e9 o resultado de uma profunda investiga\u00e7\u00e3o, que incluiu, al\u00e9m das consultas em arquivos e da recolha de [&hellip;]<\/p>\n","protected":false},"author":1,"featured_media":0,"comment_status":"open","ping_status":"closed","sticky":false,"template":"","format":"standard","meta":{"_acf_changed":false,"footnotes":""},"categories":[1],"tags":[],"class_list":{"0":"post-7300","1":"post","2":"type-post","3":"status-publish","4":"format-standard","6":"category-sem-categoria"},"acf":[],"_links":{"self":[{"href":"https:\/\/www.entroncamentoonline.pt\/portal\/wp-json\/wp\/v2\/posts\/7300","targetHints":{"allow":["GET"]}}],"collection":[{"href":"https:\/\/www.entroncamentoonline.pt\/portal\/wp-json\/wp\/v2\/posts"}],"about":[{"href":"https:\/\/www.entroncamentoonline.pt\/portal\/wp-json\/wp\/v2\/types\/post"}],"author":[{"embeddable":true,"href":"https:\/\/www.entroncamentoonline.pt\/portal\/wp-json\/wp\/v2\/users\/1"}],"replies":[{"embeddable":true,"href":"https:\/\/www.entroncamentoonline.pt\/portal\/wp-json\/wp\/v2\/comments?post=7300"}],"version-history":[{"count":0,"href":"https:\/\/www.entroncamentoonline.pt\/portal\/wp-json\/wp\/v2\/posts\/7300\/revisions"}],"wp:attachment":[{"href":"https:\/\/www.entroncamentoonline.pt\/portal\/wp-json\/wp\/v2\/media?parent=7300"}],"wp:term":[{"taxonomy":"category","embeddable":true,"href":"https:\/\/www.entroncamentoonline.pt\/portal\/wp-json\/wp\/v2\/categories?post=7300"},{"taxonomy":"post_tag","embeddable":true,"href":"https:\/\/www.entroncamentoonline.pt\/portal\/wp-json\/wp\/v2\/tags?post=7300"}],"curies":[{"name":"wp","href":"https:\/\/api.w.org\/{rel}","templated":true}]}}