{"id":7292,"date":"2019-05-27T15:23:29","date_gmt":"2019-05-27T14:23:29","guid":{"rendered":"https:\/\/www.entroncamentoonline.pt\/portal\/?p=7292"},"modified":"2019-05-27T15:23:29","modified_gmt":"2019-05-27T14:23:29","slug":"torres-novas-alunos-erasmus-da-escola-profissional-ja-estao-em-estagio","status":"publish","type":"post","link":"https:\/\/www.entroncamentoonline.pt\/portal\/torres-novas-alunos-erasmus-da-escola-profissional-ja-estao-em-estagio\/","title":{"rendered":"TORRES NOVAS | Alunos Erasmus+ da Escola Profissional j\u00e1 est\u00e3o em est\u00e1gio"},"content":{"rendered":"<p>Os 14 alunos da Escola Profissional de Torres Novas que v\u00e3o fazer est\u00e1gio Erasmus+ este ano j\u00e1 partiram para 2 meses de est\u00e1gio curricular. Este ano, a cidade de Cork, na Irlanda foi o destino de 6 alunos, 4 para Fuerteventura, nas Ilhas Can\u00e1rias e 4 rumaram a Bilbau, Espanha.<\/p>\n<p>Estes est\u00e1gios s\u00e3o realizados ao abrigo do programa Erasmus+, apoiado pela Comiss\u00e3o Europeia, um projeto que a Escola Profissional desenvolve desde 2015, sendo a \u00fanica Escola no concelho com esta oferta que representa, sem sombra de d\u00favida, uma mais-valia no curr\u00edculo destes alunos.<\/p>\n<div id='gallery-1' class='gallery galleryid-7292 gallery-columns-2 gallery-size-thumbnail'><figure class='gallery-item'>\n\t\t\t<div class='gallery-icon landscape'>\n\t\t\t\t<a href='https:\/\/www.entroncamentoonline.pt\/portal\/torres-novas-alunos-erasmus-da-escola-profissional-ja-estao-em-estagio\/whatsapp-image-2019-05-20-at-15-09-01\/'><img loading=\"lazy\" decoding=\"async\" width=\"350\" height=\"350\" src=\"https:\/\/www.entroncamentoonline.pt\/portal\/wp-content\/uploads\/2019\/05\/WhatsApp-Image-2019-05-20-at-15.09.01-350x350.jpeg\" class=\"attachment-thumbnail size-thumbnail\" alt=\"\" \/><\/a>\n\t\t\t<\/div><\/figure><figure class='gallery-item'>\n\t\t\t<div class='gallery-icon landscape'>\n\t\t\t\t<a href='https:\/\/www.entroncamentoonline.pt\/portal\/torres-novas-alunos-erasmus-da-escola-profissional-ja-estao-em-estagio\/whatsapp-image-2019-05-20-at-11-51-30\/'><img loading=\"lazy\" decoding=\"async\" width=\"350\" height=\"350\" src=\"https:\/\/www.entroncamentoonline.pt\/portal\/wp-content\/uploads\/2019\/05\/WhatsApp-Image-2019-05-20-at-11.51.30-350x350.jpeg\" class=\"attachment-thumbnail size-thumbnail\" alt=\"\" \/><\/a>\n\t\t\t<\/div><\/figure>\n\t\t<\/div>\n\n<div class=\"fb-background-color\">\n\t\t\t  <div \n\t\t\t  \tclass = \"fb-comments\" \n\t\t\t  \tdata-href = \"https:\/\/www.entroncamentoonline.pt\/portal\/torres-novas-alunos-erasmus-da-escola-profissional-ja-estao-em-estagio\/\"\n\t\t\t  \tdata-numposts = \"10\"\n\t\t\t  \tdata-lazy = \"true\"\n\t\t\t\tdata-colorscheme = \"light\"\n\t\t\t\tdata-order-by = \"social\"\n\t\t\t\tdata-mobile=true>\n\t\t\t  <\/div><\/div>\n\t\t  <style>\n\t\t    .fb-background-color {\n\t\t\t\tbackground:  !important;\n\t\t\t}\n\t\t\t.fb_iframe_widget_fluid_desktop iframe {\n\t\t\t    width: 100% !important;\n\t\t\t}\n\t\t  <\/style>\n\t\t  ","protected":false},"excerpt":{"rendered":"<p>Os 14 alunos da Escola Profissional de Torres Novas que v\u00e3o fazer est\u00e1gio Erasmus+ este ano j\u00e1 partiram para 2 meses de est\u00e1gio curricular. Este ano, a cidade de Cork, na Irlanda foi o destino de 6 alunos, 4 para Fuerteventura, nas Ilhas Can\u00e1rias e 4 rumaram a Bilbau, Espanha. Estes est\u00e1gios s\u00e3o realizados ao [&hellip;]<\/p>\n","protected":false},"author":1,"featured_media":7295,"comment_status":"open","ping_status":"closed","sticky":false,"template":"","format":"standard","meta":{"_acf_changed":false,"footnotes":""},"categories":[32,37],"tags":[],"class_list":{"0":"post-7292","1":"post","2":"type-post","3":"status-publish","4":"format-standard","5":"has-post-thumbnail","7":"category-noticias","8":"category-torres-novas"},"acf":[],"_links":{"self":[{"href":"https:\/\/www.entroncamentoonline.pt\/portal\/wp-json\/wp\/v2\/posts\/7292","targetHints":{"allow":["GET"]}}],"collection":[{"href":"https:\/\/www.entroncamentoonline.pt\/portal\/wp-json\/wp\/v2\/posts"}],"about":[{"href":"https:\/\/www.entroncamentoonline.pt\/portal\/wp-json\/wp\/v2\/types\/post"}],"author":[{"embeddable":true,"href":"https:\/\/www.entroncamentoonline.pt\/portal\/wp-json\/wp\/v2\/users\/1"}],"replies":[{"embeddable":true,"href":"https:\/\/www.entroncamentoonline.pt\/portal\/wp-json\/wp\/v2\/comments?post=7292"}],"version-history":[{"count":0,"href":"https:\/\/www.entroncamentoonline.pt\/portal\/wp-json\/wp\/v2\/posts\/7292\/revisions"}],"wp:featuredmedia":[{"embeddable":true,"href":"https:\/\/www.entroncamentoonline.pt\/portal\/wp-json\/wp\/v2\/media\/7295"}],"wp:attachment":[{"href":"https:\/\/www.entroncamentoonline.pt\/portal\/wp-json\/wp\/v2\/media?parent=7292"}],"wp:term":[{"taxonomy":"category","embeddable":true,"href":"https:\/\/www.entroncamentoonline.pt\/portal\/wp-json\/wp\/v2\/categories?post=7292"},{"taxonomy":"post_tag","embeddable":true,"href":"https:\/\/www.entroncamentoonline.pt\/portal\/wp-json\/wp\/v2\/tags?post=7292"}],"curies":[{"name":"wp","href":"https:\/\/api.w.org\/{rel}","templated":true}]}}