{"id":7284,"date":"2019-05-27T13:53:03","date_gmt":"2019-05-27T12:53:03","guid":{"rendered":"https:\/\/www.entroncamentoonline.pt\/portal\/?p=7284"},"modified":"2019-06-01T00:24:16","modified_gmt":"2019-05-31T23:24:16","slug":"31-maio-conversas-com-cafe-com-o-escritor-jose-antonio-franco","status":"publish","type":"post","link":"https:\/\/www.entroncamentoonline.pt\/portal\/31-maio-conversas-com-cafe-com-o-escritor-jose-antonio-franco\/","title":{"rendered":"31 maio | \u201cConversas com Caf\u00e9\u201d com o escritor Jos\u00e9 Ant\u00f3nio Franco"},"content":{"rendered":"<p>A pr\u00f3xima edi\u00e7\u00e3o da tert\u00falia \u201cConversas com Caf\u00e9\u201d, realiza-se no dia 31 de maio, sexta-feira, pelas 18h30m, na Biblioteca Municipal, tendo como orador convidado o escritor Jos\u00e9 Ant\u00f3nio Franco.<\/p>\n<p>A poesia ser\u00e1 o tema central desta edi\u00e7\u00e3o, onde tamb\u00e9m se comemora o 54\u00ba anivers\u00e1rio da Biblioteca Municipal e se far\u00e1 a entrega dos pr\u00e9mios aos vencedores do I Concurso de Poesia \u201cCidade do Entroncamento\u201d.<\/p>\n<p>Jos\u00e9 Ant\u00f3nio Franco, \u00e9 o orador convidado. Natural de Coimbra, onde nasceu em 1951, \u00e9 Licenciado em Filologia Germ\u00e2nica, professor de ingl\u00eas; formador de professores, educadores e\u00a0\u00a0 bibliotec\u00e1rios; poeta e ficcionista, dedicado \u00e0 did\u00e1tica da\u00a0 poesia,\u00a0 trabalhando essencialmente com crian\u00e7as e\u00a0 jovens\u00a0 dos Ensinos B\u00e1sico\u00a0 e\u00a0 Secund\u00e1rio com quem partilha o prazer de ouvir e dizer o poema.<\/p>\n<p>Da sua vasta obra, seis t\u00edtulos fazem parte da lista dos livros aconselhados pelo PNL (Plano Nacional de Leitura).<\/p>\n<p>Do seu curriculum destaca-se como Bolseiro Fulbright (pela Comiss\u00e3o Cultural Luso-Americana), na\u00a0 State\u00a0 University\u00a0 of\u00a0 New York, College at Potsdam, 1979; foi galardoado no Pr\u00e9mio Alves Redol de Revela\u00e7\u00e3o de Conto, Vila Franca de Xira, 1990; foi Vencedor do X Pr\u00e9mio de Conto Joaquim Namorado, Figueira da Foz, 1993; foi galardoado, em 1997,\u00a0 pelo\u00a0 Instituto de\u00a0\u00a0 Inova\u00e7\u00e3o\u00a0\u00a0 Educacional\u00a0 no\u00a0 Concurso\u00a0 &#8220;Experi\u00eancias Inovadoras no Ensino&#8221; pelo projeto A Poesia como Estrat\u00e9gia e em 2002 fundou \u201cOs Jograis da Bonifrates\u201d.<\/p>\n<div class=\"fb-background-color\">\n\t\t\t  <div \n\t\t\t  \tclass = \"fb-comments\" \n\t\t\t  \tdata-href = \"https:\/\/www.entroncamentoonline.pt\/portal\/31-maio-conversas-com-cafe-com-o-escritor-jose-antonio-franco\/\"\n\t\t\t  \tdata-numposts = \"10\"\n\t\t\t  \tdata-lazy = \"true\"\n\t\t\t\tdata-colorscheme = \"light\"\n\t\t\t\tdata-order-by = \"social\"\n\t\t\t\tdata-mobile=true>\n\t\t\t  <\/div><\/div>\n\t\t  <style>\n\t\t    .fb-background-color {\n\t\t\t\tbackground:  !important;\n\t\t\t}\n\t\t\t.fb_iframe_widget_fluid_desktop iframe {\n\t\t\t    width: 100% !important;\n\t\t\t}\n\t\t  <\/style>\n\t\t  ","protected":false},"excerpt":{"rendered":"<p>A pr\u00f3xima edi\u00e7\u00e3o da tert\u00falia \u201cConversas com Caf\u00e9\u201d, realiza-se no dia 31 de maio, sexta-feira, pelas 18h30m, na Biblioteca Municipal, tendo como orador convidado o escritor Jos\u00e9 Ant\u00f3nio Franco. A poesia ser\u00e1 o tema central desta edi\u00e7\u00e3o, onde tamb\u00e9m se comemora o 54\u00ba anivers\u00e1rio da Biblioteca Municipal e se far\u00e1 a entrega dos pr\u00e9mios aos [&hellip;]<\/p>\n","protected":false},"author":1,"featured_media":7285,"comment_status":"open","ping_status":"closed","sticky":false,"template":"","format":"standard","meta":{"_acf_changed":false,"footnotes":""},"categories":[1],"tags":[],"class_list":{"0":"post-7284","1":"post","2":"type-post","3":"status-publish","4":"format-standard","5":"has-post-thumbnail","7":"category-sem-categoria"},"acf":[],"_links":{"self":[{"href":"https:\/\/www.entroncamentoonline.pt\/portal\/wp-json\/wp\/v2\/posts\/7284","targetHints":{"allow":["GET"]}}],"collection":[{"href":"https:\/\/www.entroncamentoonline.pt\/portal\/wp-json\/wp\/v2\/posts"}],"about":[{"href":"https:\/\/www.entroncamentoonline.pt\/portal\/wp-json\/wp\/v2\/types\/post"}],"author":[{"embeddable":true,"href":"https:\/\/www.entroncamentoonline.pt\/portal\/wp-json\/wp\/v2\/users\/1"}],"replies":[{"embeddable":true,"href":"https:\/\/www.entroncamentoonline.pt\/portal\/wp-json\/wp\/v2\/comments?post=7284"}],"version-history":[{"count":0,"href":"https:\/\/www.entroncamentoonline.pt\/portal\/wp-json\/wp\/v2\/posts\/7284\/revisions"}],"wp:featuredmedia":[{"embeddable":true,"href":"https:\/\/www.entroncamentoonline.pt\/portal\/wp-json\/wp\/v2\/media\/7285"}],"wp:attachment":[{"href":"https:\/\/www.entroncamentoonline.pt\/portal\/wp-json\/wp\/v2\/media?parent=7284"}],"wp:term":[{"taxonomy":"category","embeddable":true,"href":"https:\/\/www.entroncamentoonline.pt\/portal\/wp-json\/wp\/v2\/categories?post=7284"},{"taxonomy":"post_tag","embeddable":true,"href":"https:\/\/www.entroncamentoonline.pt\/portal\/wp-json\/wp\/v2\/tags?post=7284"}],"curies":[{"name":"wp","href":"https:\/\/api.w.org\/{rel}","templated":true}]}}