{"id":72813,"date":"2026-02-06T18:45:04","date_gmt":"2026-02-06T18:45:04","guid":{"rendered":"https:\/\/www.entroncamentoonline.pt\/portal\/?p=72813"},"modified":"2026-02-06T18:19:32","modified_gmt":"2026-02-06T18:19:32","slug":"camara-do-entroncamento-avanca-com-protocolo-para-sistema-municipal-de-videovigilancia","status":"publish","type":"post","link":"https:\/\/www.entroncamentoonline.pt\/portal\/camara-do-entroncamento-avanca-com-protocolo-para-sistema-municipal-de-videovigilancia\/","title":{"rendered":"C\u00e2mara do Entroncamento avan\u00e7a com protocolo para sistema municipal de videovigil\u00e2ncia"},"content":{"rendered":"<p><span style=\"color: #000000;\"><span style=\"font-family: Arial, sans-serif;\">A C\u00e2mara Municipal do Entroncamento aprovou por unanimidade, na reuni\u00e3o de 3 de fevereiro, a minuta do protocolo de coopera\u00e7\u00e3o com a Pol\u00edcia de Seguran\u00e7a P\u00fablica que ir\u00e1 regular a utiliza\u00e7\u00e3o e manuten\u00e7\u00e3o do futuro sistema municipal de videovigil\u00e2ncia. A autarquia considera que esta resposta surge perante preocupa\u00e7\u00f5es crescentes relacionadas com seguran\u00e7a, comportamentos de incivilidade e a perce\u00e7\u00e3o de inseguran\u00e7a em v\u00e1rios pontos da cidade.<\/span><\/span><\/p>\n<p><span style=\"color: #000000;\"><span style=\"font-family: Arial, sans-serif;\">O presidente da c\u00e2mara, Nelson Cunha, explicou que o protocolo estabelece as regras de funcionamento dos equipamentos, que ser\u00e3o propriedade do munic\u00edpio e destinados \u00e0 prote\u00e7\u00e3o de pessoas e bens p\u00fablicos e privados. O autarca assinalou que o processo ainda depende de autoriza\u00e7\u00f5es da Comiss\u00e3o Nacional de Prote\u00e7\u00e3o de Dados e da Dire\u00e7\u00e3o Nacional da PSP, o que tem exigido sucessivos ajustamentos ao documento. Sublinhou, contudo, a inten\u00e7\u00e3o de avan\u00e7ar rapidamente para responder \u00e0s situa\u00e7\u00f5es de inseguran\u00e7a e falta de civismo registadas no concelho.<\/span><\/span><\/p>\n<p><span style=\"color: #000000;\"><span style=\"font-family: Arial, sans-serif;\">Na oposi\u00e7\u00e3o, Rui Madeira, vereador do PSD, saudou a iniciativa, recordando que a videovigil\u00e2ncia tem sido uma reivindica\u00e7\u00e3o antiga de moradores, for\u00e7as de seguran\u00e7a e respons\u00e1veis pol\u00edticos. Apesar de admitir reservas pessoais quanto ao impacto destes sistemas na privacidade, considerou que a escassez de meios humanos nas for\u00e7as policiais e a necessidade de combater epis\u00f3dios de incivilidade tornam esta solu\u00e7\u00e3o necess\u00e1ria.<\/span><\/span><\/p>\n<p><span style=\"color: #000000;\"><span style=\"font-family: Arial, sans-serif;\">Tamb\u00e9m Ricardo Antunes, vereador do PS, avaliou a medida como positiva, enquadrando-a na dificuldade em refor\u00e7ar o efetivo policial no concelho. Defendeu que a videovigil\u00e2ncia poder\u00e1 funcionar como instrumento de apoio \u00e0 PSP e questionou o ponto de situa\u00e7\u00e3o da cria\u00e7\u00e3o de uma Pol\u00edcia Municipal, que considera complementar no combate \u00e0 falta de civismo, sobretudo ao n\u00edvel da fiscaliza\u00e7\u00e3o.<\/span><\/span><\/p>\n<p><span style=\"color: #000000;\"><span style=\"font-family: Arial, sans-serif;\">Em resposta, Nelson Cunha confirmou que o munic\u00edpio est\u00e1 a trabalhar com empresas especializadas para avaliar a viabilidade da cria\u00e7\u00e3o de uma Pol\u00edcia Municipal. Indicou que foram solicitados estudos, como a Carta de Habita\u00e7\u00e3o e a Carta Municipal, com o objetivo de encontrar solu\u00e7\u00f5es ajustadas \u00e0 realidade local e acelerar o processo.<\/span><\/span><\/p>\n<div class=\"fb-background-color\">\n\t\t\t  <div \n\t\t\t  \tclass = \"fb-comments\" \n\t\t\t  \tdata-href = \"https:\/\/www.entroncamentoonline.pt\/portal\/camara-do-entroncamento-avanca-com-protocolo-para-sistema-municipal-de-videovigilancia\/\"\n\t\t\t  \tdata-numposts = \"10\"\n\t\t\t  \tdata-lazy = \"true\"\n\t\t\t\tdata-colorscheme = \"light\"\n\t\t\t\tdata-order-by = \"social\"\n\t\t\t\tdata-mobile=true>\n\t\t\t  <\/div><\/div>\n\t\t  <style>\n\t\t    .fb-background-color {\n\t\t\t\tbackground:  !important;\n\t\t\t}\n\t\t\t.fb_iframe_widget_fluid_desktop iframe {\n\t\t\t    width: 100% !important;\n\t\t\t}\n\t\t  <\/style>\n\t\t  ","protected":false},"excerpt":{"rendered":"<p>A C\u00e2mara Municipal do Entroncamento aprovou por unanimidade, na reuni\u00e3o de 3 de fevereiro, a minuta do protocolo de coopera\u00e7\u00e3o com a Pol\u00edcia de Seguran\u00e7a P\u00fablica que ir\u00e1 regular a utiliza\u00e7\u00e3o e manuten\u00e7\u00e3o do futuro sistema municipal de videovigil\u00e2ncia. A autarquia considera que esta resposta surge perante preocupa\u00e7\u00f5es crescentes relacionadas com seguran\u00e7a, comportamentos de incivilidade [&hellip;]<\/p>\n","protected":false},"author":43,"featured_media":72814,"comment_status":"open","ping_status":"closed","sticky":false,"template":"","format":"standard","meta":{"_acf_changed":false,"footnotes":""},"categories":[56,26,32],"tags":[],"class_list":{"0":"post-72813","1":"post","2":"type-post","3":"status-publish","4":"format-standard","5":"has-post-thumbnail","7":"category-1apagina","8":"category-entroncamento","9":"category-noticias"},"acf":[],"_links":{"self":[{"href":"https:\/\/www.entroncamentoonline.pt\/portal\/wp-json\/wp\/v2\/posts\/72813","targetHints":{"allow":["GET"]}}],"collection":[{"href":"https:\/\/www.entroncamentoonline.pt\/portal\/wp-json\/wp\/v2\/posts"}],"about":[{"href":"https:\/\/www.entroncamentoonline.pt\/portal\/wp-json\/wp\/v2\/types\/post"}],"author":[{"embeddable":true,"href":"https:\/\/www.entroncamentoonline.pt\/portal\/wp-json\/wp\/v2\/users\/43"}],"replies":[{"embeddable":true,"href":"https:\/\/www.entroncamentoonline.pt\/portal\/wp-json\/wp\/v2\/comments?post=72813"}],"version-history":[{"count":1,"href":"https:\/\/www.entroncamentoonline.pt\/portal\/wp-json\/wp\/v2\/posts\/72813\/revisions"}],"predecessor-version":[{"id":72815,"href":"https:\/\/www.entroncamentoonline.pt\/portal\/wp-json\/wp\/v2\/posts\/72813\/revisions\/72815"}],"wp:featuredmedia":[{"embeddable":true,"href":"https:\/\/www.entroncamentoonline.pt\/portal\/wp-json\/wp\/v2\/media\/72814"}],"wp:attachment":[{"href":"https:\/\/www.entroncamentoonline.pt\/portal\/wp-json\/wp\/v2\/media?parent=72813"}],"wp:term":[{"taxonomy":"category","embeddable":true,"href":"https:\/\/www.entroncamentoonline.pt\/portal\/wp-json\/wp\/v2\/categories?post=72813"},{"taxonomy":"post_tag","embeddable":true,"href":"https:\/\/www.entroncamentoonline.pt\/portal\/wp-json\/wp\/v2\/tags?post=72813"}],"curies":[{"name":"wp","href":"https:\/\/api.w.org\/{rel}","templated":true}]}}