{"id":72422,"date":"2026-01-26T13:04:54","date_gmt":"2026-01-26T13:04:54","guid":{"rendered":"https:\/\/www.entroncamentoonline.pt\/portal\/?p=72422"},"modified":"2026-01-26T12:10:10","modified_gmt":"2026-01-26T12:10:10","slug":"entroncamento-assinala-dia-internacional-da-educacao-e-dia-da-nao-violencia-escolar-com-video-simbolico","status":"publish","type":"post","link":"https:\/\/www.entroncamentoonline.pt\/portal\/entroncamento-assinala-dia-internacional-da-educacao-e-dia-da-nao-violencia-escolar-com-video-simbolico\/","title":{"rendered":"Entroncamento assinala Dia Internacional da Educa\u00e7\u00e3o e Dia da N\u00e3o Viol\u00eancia Escolar com v\u00eddeo simb\u00f3lico"},"content":{"rendered":"<p><span style=\"color: #080809;\"><span style=\"font-family: Arial, sans-serif;\"><span style=\"font-size: medium;\">O Munic\u00edpio do Entroncamento est\u00e1 a assinalar o Dia Internacional da Educa\u00e7\u00e3o, celebrado a 24 de janeiro, e o Dia da N\u00e3o Viol\u00eancia Escolar e da Paz, que se comemora a 30 de janeiro, atrav\u00e9s da produ\u00e7\u00e3o de um v\u00eddeo conjunto dedicado \u00e0 promo\u00e7\u00e3o de valores educativos e de conviv\u00eancia pac\u00edfica.<\/span><\/span><\/span><\/p>\n<p><span style=\"color: #080809;\"><span style=\"font-family: Arial, sans-serif;\"><span style=\"font-size: medium;\">A iniciativa resulta de uma colabora\u00e7\u00e3o entre o Agrupamento de Escolas Cidade do Entroncamento, a Associa\u00e7\u00e3o Tempos Brilhantes, o Centro de Ensino e Recupera\u00e7\u00e3o do Entroncamento, o Centro de Conv\u00edvio da 3.\u00aa Idade e trabalhadores do munic\u00edpio.<\/span><\/span><\/span><\/p>\n<div style=\"width: 640px;\" class=\"wp-video\"><video class=\"wp-video-shortcode\" id=\"video-72422-1\" width=\"640\" height=\"360\" preload=\"metadata\" controls=\"controls\"><source type=\"video\/mp4\" src=\"https:\/\/www.entroncamentoonline.pt\/portal\/wp-content\/uploads\/2026\/01\/Video-Entroncamento.mp4?_=1\" \/><a href=\"https:\/\/www.entroncamentoonline.pt\/portal\/wp-content\/uploads\/2026\/01\/Video-Entroncamento.mp4\">https:\/\/www.entroncamentoonline.pt\/portal\/wp-content\/uploads\/2026\/01\/Video-Entroncamento.mp4<\/a><\/video><\/div>\n<p><span style=\"color: #080809;\"><span style=\"font-family: Arial, sans-serif;\"><span style=\"font-size: medium;\">O v\u00eddeo pretende destacar a import\u00e2ncia da educa\u00e7\u00e3o como base do desenvolvimento individual e coletivo, refor\u00e7ando princ\u00edpios como o respeito, a toler\u00e2ncia, a inclus\u00e3o e a paz em contexto escolar e comunit\u00e1rio. A a\u00e7\u00e3o sublinha ainda o papel da coopera\u00e7\u00e3o entre institui\u00e7\u00f5es educativas, sociais e aut\u00e1rquicas na preven\u00e7\u00e3o da viol\u00eancia e na promo\u00e7\u00e3o de uma cidadania ativa e respons\u00e1vel.<\/span><\/span><\/span><\/p>\n<p><span style=\"color: #080809;\"><span style=\"font-family: Arial, sans-serif;\"><span style=\"font-size: medium;\">Com esta celebra\u00e7\u00e3o conjunta, o munic\u00edpio reafirma o compromisso com a constru\u00e7\u00e3o de uma comunidade mais justa, solid\u00e1ria e promotora de ambientes seguros para todos.<\/span><\/span><\/span><\/p>\n<div class=\"fb-background-color\">\n\t\t\t  <div \n\t\t\t  \tclass = \"fb-comments\" \n\t\t\t  \tdata-href = \"https:\/\/www.entroncamentoonline.pt\/portal\/entroncamento-assinala-dia-internacional-da-educacao-e-dia-da-nao-violencia-escolar-com-video-simbolico\/\"\n\t\t\t  \tdata-numposts = \"10\"\n\t\t\t  \tdata-lazy = \"true\"\n\t\t\t\tdata-colorscheme = \"light\"\n\t\t\t\tdata-order-by = \"social\"\n\t\t\t\tdata-mobile=true>\n\t\t\t  <\/div><\/div>\n\t\t  <style>\n\t\t    .fb-background-color {\n\t\t\t\tbackground:  !important;\n\t\t\t}\n\t\t\t.fb_iframe_widget_fluid_desktop iframe {\n\t\t\t    width: 100% !important;\n\t\t\t}\n\t\t  <\/style>\n\t\t  ","protected":false},"excerpt":{"rendered":"<p>O Munic\u00edpio do Entroncamento est\u00e1 a assinalar o Dia Internacional da Educa\u00e7\u00e3o, celebrado a 24 de janeiro, e o Dia da N\u00e3o Viol\u00eancia Escolar e da Paz, que se comemora a 30 de janeiro, atrav\u00e9s da produ\u00e7\u00e3o de um v\u00eddeo conjunto dedicado \u00e0 promo\u00e7\u00e3o de valores educativos e de conviv\u00eancia pac\u00edfica. A iniciativa resulta de [&hellip;]<\/p>\n","protected":false},"author":43,"featured_media":72424,"comment_status":"open","ping_status":"closed","sticky":false,"template":"","format":"standard","meta":{"_acf_changed":false,"footnotes":""},"categories":[56,26,32,71],"tags":[],"class_list":{"0":"post-72422","1":"post","2":"type-post","3":"status-publish","4":"format-standard","5":"has-post-thumbnail","7":"category-1apagina","8":"category-entroncamento","9":"category-noticias","10":"category-outras-noticias"},"acf":[],"_links":{"self":[{"href":"https:\/\/www.entroncamentoonline.pt\/portal\/wp-json\/wp\/v2\/posts\/72422","targetHints":{"allow":["GET"]}}],"collection":[{"href":"https:\/\/www.entroncamentoonline.pt\/portal\/wp-json\/wp\/v2\/posts"}],"about":[{"href":"https:\/\/www.entroncamentoonline.pt\/portal\/wp-json\/wp\/v2\/types\/post"}],"author":[{"embeddable":true,"href":"https:\/\/www.entroncamentoonline.pt\/portal\/wp-json\/wp\/v2\/users\/43"}],"replies":[{"embeddable":true,"href":"https:\/\/www.entroncamentoonline.pt\/portal\/wp-json\/wp\/v2\/comments?post=72422"}],"version-history":[{"count":1,"href":"https:\/\/www.entroncamentoonline.pt\/portal\/wp-json\/wp\/v2\/posts\/72422\/revisions"}],"predecessor-version":[{"id":72425,"href":"https:\/\/www.entroncamentoonline.pt\/portal\/wp-json\/wp\/v2\/posts\/72422\/revisions\/72425"}],"wp:featuredmedia":[{"embeddable":true,"href":"https:\/\/www.entroncamentoonline.pt\/portal\/wp-json\/wp\/v2\/media\/72424"}],"wp:attachment":[{"href":"https:\/\/www.entroncamentoonline.pt\/portal\/wp-json\/wp\/v2\/media?parent=72422"}],"wp:term":[{"taxonomy":"category","embeddable":true,"href":"https:\/\/www.entroncamentoonline.pt\/portal\/wp-json\/wp\/v2\/categories?post=72422"},{"taxonomy":"post_tag","embeddable":true,"href":"https:\/\/www.entroncamentoonline.pt\/portal\/wp-json\/wp\/v2\/tags?post=72422"}],"curies":[{"name":"wp","href":"https:\/\/api.w.org\/{rel}","templated":true}]}}