{"id":72259,"date":"2026-01-20T12:15:03","date_gmt":"2026-01-20T12:15:03","guid":{"rendered":"https:\/\/www.entroncamentoonline.pt\/portal\/?p=72259"},"modified":"2026-01-20T10:28:34","modified_gmt":"2026-01-20T10:28:34","slug":"torres-novas-avanca-com-sensores-inteligentes-de-estacionamento-no-centro-historico","status":"publish","type":"post","link":"https:\/\/www.entroncamentoonline.pt\/portal\/torres-novas-avanca-com-sensores-inteligentes-de-estacionamento-no-centro-historico\/","title":{"rendered":"Torres Novas avan\u00e7a com sensores inteligentes de estacionamento no centro hist\u00f3rico"},"content":{"rendered":"<p><span style=\"font-family: Arial, sans-serif;\">A <\/span><span style=\"font-family: Arial, sans-serif;\">Vila Bairro Digital de Torres Novas<\/span><span style=\"font-family: Arial, sans-serif;\"> est\u00e1 a dar mais um passo na moderniza\u00e7\u00e3o do centro hist\u00f3rico, com a instala\u00e7\u00e3o de <\/span><span style=\"font-family: Arial, sans-serif;\">sensores inteligentes de estacionamento<\/span><span style=\"font-family: Arial, sans-serif;\"> em v\u00e1rias das suas art\u00e9rias principais. A solu\u00e7\u00e3o encontra\u2011se em fase de implementa\u00e7\u00e3o e dever\u00e1, em breve, abranger todo o per\u00edmetro do projeto.<\/span><\/p>\n<p><span style=\"font-family: Arial, sans-serif;\">Estes sensores permitem <\/span><span style=\"font-family: Arial, sans-serif;\">detetar em tempo real<\/span><span style=\"font-family: Arial, sans-serif;\"> a ocupa\u00e7\u00e3o dos lugares de estacionamento, disponibilizando essa informa\u00e7\u00e3o aos utilizadores atrav\u00e9s de uma <\/span><span style=\"font-family: Arial, sans-serif;\">aplica\u00e7\u00e3o m\u00f3vel<\/span><span style=\"font-family: Arial, sans-serif;\">. Assim, quem circula no centro hist\u00f3rico pode verificar antecipadamente onde existem lugares livres, reduzindo o tempo de procura, o tr\u00e1fego desnecess\u00e1rio e o impacto ambiental.<\/span><\/p>\n<p><span style=\"font-family: Arial, sans-serif;\">O plano global prev\u00ea a instala\u00e7\u00e3o de <\/span><span style=\"font-family: Arial, sans-serif;\">cerca de 600 sensores<\/span><span style=\"font-family: Arial, sans-serif;\">. At\u00e9 ao momento, j\u00e1 foram colocados <\/span><span style=\"font-family: Arial, sans-serif;\">126 sensores de superf\u00edcie<\/span><span style=\"font-family: Arial, sans-serif;\">, adequados a pavimento em alcatr\u00e3o. Est\u00e1 agora em curso a instala\u00e7\u00e3o de <\/span><span style=\"font-family: Arial, sans-serif;\">sensores de subsolo<\/span><span style=\"font-family: Arial, sans-serif;\">, destinados a zonas em cal\u00e7ada ou paralelos. O objetivo \u00e9 que todas as ruas e pra\u00e7as da Vila Bairro Digital fiquem equipadas com esta tecnologia.<\/span><\/p>\n<p><span style=\"font-family: Arial, sans-serif;\">Em nota enviada <\/span><span style=\"font-family: Arial, sans-serif;\">\u00e0s reda\u00e7\u00f5es<\/span><span style=\"font-family: Arial, sans-serif;\">, a autarquia sublinha que esta iniciativa pretende <\/span><span style=\"font-family: Arial, sans-serif;\">melhorar a acessibilidade ao com\u00e9rcio local<\/span><span style=\"font-family: Arial, sans-serif;\">, facilitando o estacionamento e promovendo uma experi\u00eancia mais c\u00f3moda para quem visita o centro hist\u00f3rico. A gest\u00e3o mais eficiente dos lugares dever\u00e1 tamb\u00e9m aumentar a rotatividade, beneficiando <\/span><span style=\"font-family: Arial, sans-serif;\">clientes, comerciantes e residentes<\/span><span style=\"font-family: Arial, sans-serif;\">.<\/span><\/p>\n<p><span style=\"font-family: Arial, sans-serif;\">A C\u00e2mara Municipal destaca ainda que a recolha de dados proporcionada por estes sensores ser\u00e1 uma ferramenta essencial para <\/span><span style=\"font-family: Arial, sans-serif;\">decis\u00f5es futuras na \u00e1rea da mobilidade urbana<\/span><span style=\"font-family: Arial, sans-serif;\">, no planeamento do espa\u00e7o p\u00fablico e na defini\u00e7\u00e3o de pol\u00edticas que tornem o centro hist\u00f3rico mais <\/span><span style=\"font-family: Arial, sans-serif;\">acess\u00edvel, sustent\u00e1vel e atrativo<\/span><span style=\"font-family: Arial, sans-serif;\">.<\/span><\/p>\n<p><span style=\"font-family: Arial, sans-serif;\">A implementa\u00e7\u00e3o dos sensores refor\u00e7a, segundo a autarquia, a vis\u00e3o integrada da <\/span><span style=\"font-family: Arial, sans-serif;\">Vila Bairro Digital<\/span><span style=\"font-family: Arial, sans-serif;\">, onde a tecnologia \u00e9 colocada ao servi\u00e7o das pessoas, do com\u00e9rcio tradicional e da valoriza\u00e7\u00e3o do territ\u00f3rio, preparando o centro hist\u00f3rico para os desafios dos pr\u00f3ximos anos.<\/span><\/p>\n<div class=\"fb-background-color\">\n\t\t\t  <div \n\t\t\t  \tclass = \"fb-comments\" \n\t\t\t  \tdata-href = \"https:\/\/www.entroncamentoonline.pt\/portal\/torres-novas-avanca-com-sensores-inteligentes-de-estacionamento-no-centro-historico\/\"\n\t\t\t  \tdata-numposts = \"10\"\n\t\t\t  \tdata-lazy = \"true\"\n\t\t\t\tdata-colorscheme = \"light\"\n\t\t\t\tdata-order-by = \"social\"\n\t\t\t\tdata-mobile=true>\n\t\t\t  <\/div><\/div>\n\t\t  <style>\n\t\t    .fb-background-color {\n\t\t\t\tbackground:  !important;\n\t\t\t}\n\t\t\t.fb_iframe_widget_fluid_desktop iframe {\n\t\t\t    width: 100% !important;\n\t\t\t}\n\t\t  <\/style>\n\t\t  ","protected":false},"excerpt":{"rendered":"<p>A Vila Bairro Digital de Torres Novas est\u00e1 a dar mais um passo na moderniza\u00e7\u00e3o do centro hist\u00f3rico, com a instala\u00e7\u00e3o de sensores inteligentes de estacionamento em v\u00e1rias das suas art\u00e9rias principais. A solu\u00e7\u00e3o encontra\u2011se em fase de implementa\u00e7\u00e3o e dever\u00e1, em breve, abranger todo o per\u00edmetro do projeto. Estes sensores permitem detetar em tempo [&hellip;]<\/p>\n","protected":false},"author":43,"featured_media":72260,"comment_status":"open","ping_status":"closed","sticky":false,"template":"","format":"standard","meta":{"_acf_changed":false,"footnotes":""},"categories":[56,32,71,37],"tags":[],"class_list":{"0":"post-72259","1":"post","2":"type-post","3":"status-publish","4":"format-standard","5":"has-post-thumbnail","7":"category-1apagina","8":"category-noticias","9":"category-outras-noticias","10":"category-torres-novas"},"acf":[],"_links":{"self":[{"href":"https:\/\/www.entroncamentoonline.pt\/portal\/wp-json\/wp\/v2\/posts\/72259","targetHints":{"allow":["GET"]}}],"collection":[{"href":"https:\/\/www.entroncamentoonline.pt\/portal\/wp-json\/wp\/v2\/posts"}],"about":[{"href":"https:\/\/www.entroncamentoonline.pt\/portal\/wp-json\/wp\/v2\/types\/post"}],"author":[{"embeddable":true,"href":"https:\/\/www.entroncamentoonline.pt\/portal\/wp-json\/wp\/v2\/users\/43"}],"replies":[{"embeddable":true,"href":"https:\/\/www.entroncamentoonline.pt\/portal\/wp-json\/wp\/v2\/comments?post=72259"}],"version-history":[{"count":1,"href":"https:\/\/www.entroncamentoonline.pt\/portal\/wp-json\/wp\/v2\/posts\/72259\/revisions"}],"predecessor-version":[{"id":72261,"href":"https:\/\/www.entroncamentoonline.pt\/portal\/wp-json\/wp\/v2\/posts\/72259\/revisions\/72261"}],"wp:featuredmedia":[{"embeddable":true,"href":"https:\/\/www.entroncamentoonline.pt\/portal\/wp-json\/wp\/v2\/media\/72260"}],"wp:attachment":[{"href":"https:\/\/www.entroncamentoonline.pt\/portal\/wp-json\/wp\/v2\/media?parent=72259"}],"wp:term":[{"taxonomy":"category","embeddable":true,"href":"https:\/\/www.entroncamentoonline.pt\/portal\/wp-json\/wp\/v2\/categories?post=72259"},{"taxonomy":"post_tag","embeddable":true,"href":"https:\/\/www.entroncamentoonline.pt\/portal\/wp-json\/wp\/v2\/tags?post=72259"}],"curies":[{"name":"wp","href":"https:\/\/api.w.org\/{rel}","templated":true}]}}