{"id":72214,"date":"2026-01-18T18:08:22","date_gmt":"2026-01-18T18:08:22","guid":{"rendered":"https:\/\/www.entroncamentoonline.pt\/portal\/?p=72214"},"modified":"2026-01-18T18:08:22","modified_gmt":"2026-01-18T18:08:22","slug":"necrologia-luis-da-fonseca-moita-do-norte","status":"publish","type":"post","link":"https:\/\/www.entroncamentoonline.pt\/portal\/necrologia-luis-da-fonseca-moita-do-norte\/","title":{"rendered":"Necrologia: Lu\u00eds da Fonseca \u2013 Moita do Norte"},"content":{"rendered":"<p>Faleceu Lu\u00eds da Fonseca, de 91 anos, residente na Rua do Vale \u2013 Moita do Norte.<\/p>\n<p>O vel\u00f3rio decorre na Capela Mortu\u00e1ria de Moita do Norte, no dia 20 de janeiro de 2026, a partir das 09h00.<\/p>\n<p>O funeral realiza\u2011se no mesmo dia, 20 de janeiro de 2026 (ter\u00e7a\u2011feira), saindo da capela \u00e0s 15h45 para a Igreja Matriz da Moita do Norte, onde ser\u00e3o celebradas as cerim\u00f3nias f\u00fanebres pelas 16h00, seguindo depois para o Cemit\u00e9rio de Moita do Norte.<\/p>\n<p>Enlutados: seus filhos Manuel Jo\u00e3o Vieira, Maria Cremilde Fonseca, Eliseu Serra Fonseca, Lu\u00eds Manuel Serra Fonseca e Cl\u00e1udio do Nascimento da Fonseca, noras, netos e restante fam\u00edlia.<\/p>\n<p><em>Ag\u00eancia Funer\u00e1ria Rainho<\/em><\/p>\n<div class=\"fb-background-color\">\n\t\t\t  <div \n\t\t\t  \tclass = \"fb-comments\" \n\t\t\t  \tdata-href = \"https:\/\/www.entroncamentoonline.pt\/portal\/necrologia-luis-da-fonseca-moita-do-norte\/\"\n\t\t\t  \tdata-numposts = \"10\"\n\t\t\t  \tdata-lazy = \"true\"\n\t\t\t\tdata-colorscheme = \"light\"\n\t\t\t\tdata-order-by = \"social\"\n\t\t\t\tdata-mobile=true>\n\t\t\t  <\/div><\/div>\n\t\t  <style>\n\t\t    .fb-background-color {\n\t\t\t\tbackground:  !important;\n\t\t\t}\n\t\t\t.fb_iframe_widget_fluid_desktop iframe {\n\t\t\t    width: 100% !important;\n\t\t\t}\n\t\t  <\/style>\n\t\t  ","protected":false},"excerpt":{"rendered":"<p>Faleceu Lu\u00eds da Fonseca, de 91 anos, residente na Rua do Vale \u2013 Moita do Norte. O vel\u00f3rio decorre na Capela Mortu\u00e1ria de Moita do Norte, no dia 20 de janeiro de 2026, a partir das 09h00. O funeral realiza\u2011se no mesmo dia, 20 de janeiro de 2026 (ter\u00e7a\u2011feira), saindo da capela \u00e0s 15h45 para [&hellip;]<\/p>\n","protected":false},"author":43,"featured_media":72215,"comment_status":"open","ping_status":"closed","sticky":false,"template":"","format":"standard","meta":{"_acf_changed":false,"footnotes":""},"categories":[41],"tags":[],"class_list":{"0":"post-72214","1":"post","2":"type-post","3":"status-publish","4":"format-standard","5":"has-post-thumbnail","7":"category-necrologia"},"acf":[],"_links":{"self":[{"href":"https:\/\/www.entroncamentoonline.pt\/portal\/wp-json\/wp\/v2\/posts\/72214","targetHints":{"allow":["GET"]}}],"collection":[{"href":"https:\/\/www.entroncamentoonline.pt\/portal\/wp-json\/wp\/v2\/posts"}],"about":[{"href":"https:\/\/www.entroncamentoonline.pt\/portal\/wp-json\/wp\/v2\/types\/post"}],"author":[{"embeddable":true,"href":"https:\/\/www.entroncamentoonline.pt\/portal\/wp-json\/wp\/v2\/users\/43"}],"replies":[{"embeddable":true,"href":"https:\/\/www.entroncamentoonline.pt\/portal\/wp-json\/wp\/v2\/comments?post=72214"}],"version-history":[{"count":1,"href":"https:\/\/www.entroncamentoonline.pt\/portal\/wp-json\/wp\/v2\/posts\/72214\/revisions"}],"predecessor-version":[{"id":72216,"href":"https:\/\/www.entroncamentoonline.pt\/portal\/wp-json\/wp\/v2\/posts\/72214\/revisions\/72216"}],"wp:featuredmedia":[{"embeddable":true,"href":"https:\/\/www.entroncamentoonline.pt\/portal\/wp-json\/wp\/v2\/media\/72215"}],"wp:attachment":[{"href":"https:\/\/www.entroncamentoonline.pt\/portal\/wp-json\/wp\/v2\/media?parent=72214"}],"wp:term":[{"taxonomy":"category","embeddable":true,"href":"https:\/\/www.entroncamentoonline.pt\/portal\/wp-json\/wp\/v2\/categories?post=72214"},{"taxonomy":"post_tag","embeddable":true,"href":"https:\/\/www.entroncamentoonline.pt\/portal\/wp-json\/wp\/v2\/tags?post=72214"}],"curies":[{"name":"wp","href":"https:\/\/api.w.org\/{rel}","templated":true}]}}