{"id":71872,"date":"2026-01-08T17:21:37","date_gmt":"2026-01-08T17:21:37","guid":{"rendered":"https:\/\/www.entroncamentoonline.pt\/portal\/?p=71872"},"modified":"2026-01-08T17:21:37","modified_gmt":"2026-01-08T17:21:37","slug":"necrologia-maria-dos-anjos-matos-sousa-barquinha","status":"publish","type":"post","link":"https:\/\/www.entroncamentoonline.pt\/portal\/necrologia-maria-dos-anjos-matos-sousa-barquinha\/","title":{"rendered":"Necrologia: Maria dos Anjos Matos Sousa &#8211;  Barquinha"},"content":{"rendered":"<p><span style=\"color: #000000;\"><span style=\"font-family: Arial, sans-serif;\"><span style=\"font-size: medium;\">Faleceu Maria dos Anjos Matos Sousa, de <\/span>75 anos, que residia na Rua Benvinda da Concei\u00e7\u00e3o Pereira &#8211; Vila Nova Da Barquinha.<\/span><\/span><\/p>\n<p><span style=\"color: #000000;\"><span style=\"font-family: Arial, sans-serif;\">Seu marido: Jorge Manuel de Almeida Costa, seus filhos: Ricardo Jorge Sousa Costa,<br \/>\nPatr\u00edcia dos Anjos de Sousa Costa Botelho, M\u00e1rcia da Natividade Sousa Costa, S\u00f3nia<br \/>\nRaquel Sousa Costa Freitas, Filipe Miguel Sousa Costa, genros, netos e restante fam\u00edlia,<br \/>\ncomunicam que o seu vel\u00f3rio ser\u00e1 realizado na Capela Mortu\u00e1ria de Vila Nova da<br \/>\nBarquinha, dia 10 de janeiro de 2026, a partir das 09:00 horas.<\/span><\/span><\/p>\n<p><span style=\"color: #000000;\"><span style=\"font-family: Arial, sans-serif;\">O seu funeral realizar-se-\u00e1 no dia 10 de janeiro de 2026 (s\u00e1bado), na Capela Mortu\u00e1ria<br \/>\nde Vila Nova da Barquinha, onde ser\u00e3o celebradas as respetivas cerim\u00f3nias f\u00fanebres<br \/>\npelas 12:00 horas, seguindo para o cemit\u00e9rio da Moita do Norte.\u00a0<\/span><\/span><\/p>\n<p><strong><em><span style=\"color: #000000;\"><span style=\"font-family: Arial, sans-serif;\"><span style=\"font-size: medium;\">Ag\u00eancia Funer\u00e1ria Rainho<\/span><\/span><\/span><\/em><\/strong><\/p>\n<div class=\"fb-background-color\">\n\t\t\t  <div \n\t\t\t  \tclass = \"fb-comments\" \n\t\t\t  \tdata-href = \"https:\/\/www.entroncamentoonline.pt\/portal\/necrologia-maria-dos-anjos-matos-sousa-barquinha\/\"\n\t\t\t  \tdata-numposts = \"10\"\n\t\t\t  \tdata-lazy = \"true\"\n\t\t\t\tdata-colorscheme = \"light\"\n\t\t\t\tdata-order-by = \"social\"\n\t\t\t\tdata-mobile=true>\n\t\t\t  <\/div><\/div>\n\t\t  <style>\n\t\t    .fb-background-color {\n\t\t\t\tbackground:  !important;\n\t\t\t}\n\t\t\t.fb_iframe_widget_fluid_desktop iframe {\n\t\t\t    width: 100% !important;\n\t\t\t}\n\t\t  <\/style>\n\t\t  ","protected":false},"excerpt":{"rendered":"<p>Faleceu Maria dos Anjos Matos Sousa, de 75 anos, que residia na Rua Benvinda da Concei\u00e7\u00e3o Pereira &#8211; Vila Nova Da Barquinha. Seu marido: Jorge Manuel de Almeida Costa, seus filhos: Ricardo Jorge Sousa Costa, Patr\u00edcia dos Anjos de Sousa Costa Botelho, M\u00e1rcia da Natividade Sousa Costa, S\u00f3nia Raquel Sousa Costa Freitas, Filipe Miguel Sousa [&hellip;]<\/p>\n","protected":false},"author":43,"featured_media":71873,"comment_status":"open","ping_status":"closed","sticky":false,"template":"","format":"standard","meta":{"_acf_changed":false,"footnotes":""},"categories":[41],"tags":[],"class_list":{"0":"post-71872","1":"post","2":"type-post","3":"status-publish","4":"format-standard","5":"has-post-thumbnail","7":"category-necrologia"},"acf":[],"_links":{"self":[{"href":"https:\/\/www.entroncamentoonline.pt\/portal\/wp-json\/wp\/v2\/posts\/71872","targetHints":{"allow":["GET"]}}],"collection":[{"href":"https:\/\/www.entroncamentoonline.pt\/portal\/wp-json\/wp\/v2\/posts"}],"about":[{"href":"https:\/\/www.entroncamentoonline.pt\/portal\/wp-json\/wp\/v2\/types\/post"}],"author":[{"embeddable":true,"href":"https:\/\/www.entroncamentoonline.pt\/portal\/wp-json\/wp\/v2\/users\/43"}],"replies":[{"embeddable":true,"href":"https:\/\/www.entroncamentoonline.pt\/portal\/wp-json\/wp\/v2\/comments?post=71872"}],"version-history":[{"count":1,"href":"https:\/\/www.entroncamentoonline.pt\/portal\/wp-json\/wp\/v2\/posts\/71872\/revisions"}],"predecessor-version":[{"id":71874,"href":"https:\/\/www.entroncamentoonline.pt\/portal\/wp-json\/wp\/v2\/posts\/71872\/revisions\/71874"}],"wp:featuredmedia":[{"embeddable":true,"href":"https:\/\/www.entroncamentoonline.pt\/portal\/wp-json\/wp\/v2\/media\/71873"}],"wp:attachment":[{"href":"https:\/\/www.entroncamentoonline.pt\/portal\/wp-json\/wp\/v2\/media?parent=71872"}],"wp:term":[{"taxonomy":"category","embeddable":true,"href":"https:\/\/www.entroncamentoonline.pt\/portal\/wp-json\/wp\/v2\/categories?post=71872"},{"taxonomy":"post_tag","embeddable":true,"href":"https:\/\/www.entroncamentoonline.pt\/portal\/wp-json\/wp\/v2\/tags?post=71872"}],"curies":[{"name":"wp","href":"https:\/\/api.w.org\/{rel}","templated":true}]}}