{"id":71735,"date":"2026-01-05T12:39:52","date_gmt":"2026-01-05T12:39:52","guid":{"rendered":"https:\/\/www.entroncamentoonline.pt\/portal\/?p=71735"},"modified":"2026-01-05T10:49:41","modified_gmt":"2026-01-05T10:49:41","slug":"tomar-morreu-jose-zeca-pereira-figura-marcante-da-vida-civica-e-cultural","status":"publish","type":"post","link":"https:\/\/www.entroncamentoonline.pt\/portal\/tomar-morreu-jose-zeca-pereira-figura-marcante-da-vida-civica-e-cultural\/","title":{"rendered":"Tomar: Morreu Jos\u00e9 \u201cZeca\u201d Pereira, figura marcante da vida c\u00edvica e cultural do concelho"},"content":{"rendered":"<p><span style=\"font-family: Arial, sans-serif;\">Morreu este domingo <strong>Jos\u00e9 Pereira<\/strong>, conhecido como <strong>\u201cZeca\u201d Pereira<\/strong>, uma das figuras mais influentes da vida p\u00fablica e associativa de Tomar. Tinha <strong>77 anos<\/strong> e faleceu na sua resid\u00eancia, tudo indicando tratar\u2011se de uma doen\u00e7a s\u00fabita.<\/span><\/p>\n<p><span style=\"font-family: Arial, sans-serif;\">Professor aposentado, militante e dirigente do PS, Zeca Pereira deixa um legado profundo na comunidade, marcado pelo envolvimento c\u00edvico, cultural e institucional. A sua liga\u00e7\u00e3o \u00e0 <strong>Festa dos Tabuleiros<\/strong> foi uma das mais reconhecidas, integrando a Comiss\u00e3o Central e contribuindo ativamente para a preserva\u00e7\u00e3o e transmiss\u00e3o da tradi\u00e7\u00e3o.<\/span><\/p>\n<p><span style=\"font-family: Arial, sans-serif;\"><span style=\"font-size: medium;\"><strong>Percurso p\u00fablico e associativo<\/strong><\/span><\/span><\/p>\n<p><span style=\"font-family: Arial, sans-serif;\">Zeca Pereira foi <strong>presidente da Assembleia Municipal de Tomar<\/strong> e desempenhou tamb\u00e9m fun\u00e7\u00f5es como <strong>Provedor do Mun\u00edcipe<\/strong>, cargo para o qual foi eleito ap\u00f3s anos de debate pol\u00edtico sobre a cria\u00e7\u00e3o desta figura. A proposta foi aprovada em reuni\u00e3o de c\u00e2mara a 6 de fevereiro e confirmada pela Assembleia Municipal a 28 de abril, com <strong>16 votos a favor, 15 contra e 1 absten\u00e7\u00e3o<\/strong>.<\/span><\/p>\n<p><span style=\"font-family: Arial, sans-serif;\">Ao longo da sua vida, assumiu ainda v\u00e1rios cargos associativos:<\/span><\/p>\n<ul>\n<li><span style=\"font-family: Arial, sans-serif;\">Presidente da <strong>Associa\u00e7\u00e3o Canto Firme<\/strong><\/span><\/li>\n<li><span style=\"font-family: Arial, sans-serif;\">Presidente da <strong>Associa\u00e7\u00e3o dos Forcados Amadores de Tomar<\/strong><\/span><\/li>\n<li><span style=\"font-family: Arial, sans-serif;\">Presidente da <strong>Liga dos Amigos dos Bombeiros<\/strong><\/span><\/li>\n<li><span style=\"font-family: Arial, sans-serif;\">Membro da <strong>Comiss\u00e3o Central da Festa dos Tabuleiros<\/strong><\/span><\/li>\n<\/ul>\n<p><span style=\"font-family: Arial, sans-serif;\">Aos 74 anos, quando assumiu o cargo de Provedor do Mun\u00edcipe, j\u00e1 era amplamente reconhecido como uma das vozes mais ativas e respeitadas da sociedade civil tomarense.<\/span><\/p>\n<h2 class=\"western\"><span style=\"font-family: Arial, sans-serif;\"><span style=\"font-size: medium;\"><strong>Uma perda sentida na comunidade<\/strong><\/span><\/span><\/h2>\n<p><span style=\"font-family: Arial, sans-serif;\"><span style=\"font-size: medium;\">A not\u00edcia da sua morte gerou consterna\u00e7\u00e3o entre institui\u00e7\u00f5es, associa\u00e7\u00f5es e cidad\u00e3os que ao longo dos anos com ele trabalharam. O seu contributo transversal \u2014 da cultura ao associativismo, da pol\u00edtica local \u00e0 defesa das tradi\u00e7\u00f5es \u2014 deixa uma marca duradoura na hist\u00f3ria recente de Tomar.<\/span><\/span><\/p>\n<p><em>Reda\u00e7\u00e3o<\/em><\/p>\n<div class=\"fb-background-color\">\n\t\t\t  <div \n\t\t\t  \tclass = \"fb-comments\" \n\t\t\t  \tdata-href = \"https:\/\/www.entroncamentoonline.pt\/portal\/tomar-morreu-jose-zeca-pereira-figura-marcante-da-vida-civica-e-cultural\/\"\n\t\t\t  \tdata-numposts = \"10\"\n\t\t\t  \tdata-lazy = \"true\"\n\t\t\t\tdata-colorscheme = \"light\"\n\t\t\t\tdata-order-by = \"social\"\n\t\t\t\tdata-mobile=true>\n\t\t\t  <\/div><\/div>\n\t\t  <style>\n\t\t    .fb-background-color {\n\t\t\t\tbackground:  !important;\n\t\t\t}\n\t\t\t.fb_iframe_widget_fluid_desktop iframe {\n\t\t\t    width: 100% !important;\n\t\t\t}\n\t\t  <\/style>\n\t\t  ","protected":false},"excerpt":{"rendered":"<p>Morreu este domingo Jos\u00e9 Pereira, conhecido como \u201cZeca\u201d Pereira, uma das figuras mais influentes da vida p\u00fablica e associativa de Tomar. Tinha 77 anos e faleceu na sua resid\u00eancia, tudo indicando tratar\u2011se de uma doen\u00e7a s\u00fabita. Professor aposentado, militante e dirigente do PS, Zeca Pereira deixa um legado profundo na comunidade, marcado pelo envolvimento c\u00edvico, [&hellip;]<\/p>\n","protected":false},"author":43,"featured_media":71736,"comment_status":"open","ping_status":"closed","sticky":false,"template":"","format":"standard","meta":{"_acf_changed":false,"footnotes":""},"categories":[56,32,36],"tags":[197,134,365,57,364],"class_list":{"0":"post-71735","1":"post","2":"type-post","3":"status-publish","4":"format-standard","5":"has-post-thumbnail","7":"category-1apagina","8":"category-noticias","9":"category-tomar","10":"tag-medio-tejo","11":"tag-morte","12":"tag-provedor-cidadao","13":"tag-tomar","14":"tag-zeca-pereira"},"acf":[],"_links":{"self":[{"href":"https:\/\/www.entroncamentoonline.pt\/portal\/wp-json\/wp\/v2\/posts\/71735","targetHints":{"allow":["GET"]}}],"collection":[{"href":"https:\/\/www.entroncamentoonline.pt\/portal\/wp-json\/wp\/v2\/posts"}],"about":[{"href":"https:\/\/www.entroncamentoonline.pt\/portal\/wp-json\/wp\/v2\/types\/post"}],"author":[{"embeddable":true,"href":"https:\/\/www.entroncamentoonline.pt\/portal\/wp-json\/wp\/v2\/users\/43"}],"replies":[{"embeddable":true,"href":"https:\/\/www.entroncamentoonline.pt\/portal\/wp-json\/wp\/v2\/comments?post=71735"}],"version-history":[{"count":2,"href":"https:\/\/www.entroncamentoonline.pt\/portal\/wp-json\/wp\/v2\/posts\/71735\/revisions"}],"predecessor-version":[{"id":71738,"href":"https:\/\/www.entroncamentoonline.pt\/portal\/wp-json\/wp\/v2\/posts\/71735\/revisions\/71738"}],"wp:featuredmedia":[{"embeddable":true,"href":"https:\/\/www.entroncamentoonline.pt\/portal\/wp-json\/wp\/v2\/media\/71736"}],"wp:attachment":[{"href":"https:\/\/www.entroncamentoonline.pt\/portal\/wp-json\/wp\/v2\/media?parent=71735"}],"wp:term":[{"taxonomy":"category","embeddable":true,"href":"https:\/\/www.entroncamentoonline.pt\/portal\/wp-json\/wp\/v2\/categories?post=71735"},{"taxonomy":"post_tag","embeddable":true,"href":"https:\/\/www.entroncamentoonline.pt\/portal\/wp-json\/wp\/v2\/tags?post=71735"}],"curies":[{"name":"wp","href":"https:\/\/api.w.org\/{rel}","templated":true}]}}