{"id":71726,"date":"2026-01-05T11:00:54","date_gmt":"2026-01-05T11:00:54","guid":{"rendered":"https:\/\/www.entroncamentoonline.pt\/portal\/?p=71726"},"modified":"2026-01-05T10:29:36","modified_gmt":"2026-01-05T10:29:36","slug":"tomar-carnaval-da-linhaceira-ja-tem-reis-para-a-edicao-de-2026","status":"publish","type":"post","link":"https:\/\/www.entroncamentoonline.pt\/portal\/tomar-carnaval-da-linhaceira-ja-tem-reis-para-a-edicao-de-2026\/","title":{"rendered":"Tomar: Carnaval da Linhaceira j\u00e1 tem reis para a edi\u00e7\u00e3o de 2026"},"content":{"rendered":"<p><span style=\"color: #2c2f34;\"><span style=\"font-family: Baloo Chettan 2;\"><span style=\"font-size: medium;\"><span style=\"font-family: Arial, sans-serif;\">O Carnaval da Linhaceira j\u00e1 tem reis escolhidos para a edi\u00e7\u00e3o deste ano. <\/span><strong><span style=\"font-family: Arial, sans-serif;\">Cristiana Ferreira<\/span><\/strong><span style=\"font-family: Arial, sans-serif;\"> e <\/span><strong><span style=\"font-family: Arial, sans-serif;\">F\u00e1bio Nunes<\/span><\/strong><span style=\"font-family: Arial, sans-serif;\"> v\u00e3o assumir os tradicionais t\u00edtulos, numa escolha que segue a tradi\u00e7\u00e3o local de anunciar os soberanos nos primeiros dias de janeiro.<\/span><\/span><\/span><\/span><\/p>\n<p><span style=\"color: #2c2f34;\"><span style=\"font-family: Arial, sans-serif;\"><span style=\"font-size: medium;\">Cristiana Ferreira, de 29 anos, fisioterapeuta e filha do presidente da Junta de Freguesia de Asseiceira, Fernando Ferreira, foi a primeira a ser selecionada para rainha. Coube\u2011lhe depois indicar o rei, tendo escolhido o cunhado, F\u00e1bio Nunes, de 37 anos, t\u00e9cnico operativo.<\/span><\/span><\/span><\/p>\n<p><span style=\"color: #2c2f34;\"><span style=\"font-family: Baloo Chettan 2;\"><span style=\"font-size: medium;\"><span style=\"font-family: Arial, sans-serif;\">Os festejos carnavalescos decorrem entre <\/span><strong><span style=\"font-family: Arial, sans-serif;\">14 e 17 de fevereiro<\/span><\/strong><span style=\"font-family: Arial, sans-serif;\">, com o ponto alto marcado para a tarde de domingo, dia 15, quando o habitual corso ir\u00e1 percorrer as ruas da aldeia, reunindo foli\u00f5es e visitantes.<\/span><\/span><\/span><\/span><\/p>\n<p><em>Reda\u00e7\u00e3o<\/em><\/p>\n<div class=\"fb-background-color\">\n\t\t\t  <div \n\t\t\t  \tclass = \"fb-comments\" \n\t\t\t  \tdata-href = \"https:\/\/www.entroncamentoonline.pt\/portal\/tomar-carnaval-da-linhaceira-ja-tem-reis-para-a-edicao-de-2026\/\"\n\t\t\t  \tdata-numposts = \"10\"\n\t\t\t  \tdata-lazy = \"true\"\n\t\t\t\tdata-colorscheme = \"light\"\n\t\t\t\tdata-order-by = \"social\"\n\t\t\t\tdata-mobile=true>\n\t\t\t  <\/div><\/div>\n\t\t  <style>\n\t\t    .fb-background-color {\n\t\t\t\tbackground:  !important;\n\t\t\t}\n\t\t\t.fb_iframe_widget_fluid_desktop iframe {\n\t\t\t    width: 100% !important;\n\t\t\t}\n\t\t  <\/style>\n\t\t  ","protected":false},"excerpt":{"rendered":"<p>O Carnaval da Linhaceira j\u00e1 tem reis escolhidos para a edi\u00e7\u00e3o deste ano. Cristiana Ferreira e F\u00e1bio Nunes v\u00e3o assumir os tradicionais t\u00edtulos, numa escolha que segue a tradi\u00e7\u00e3o local de anunciar os soberanos nos primeiros dias de janeiro. Cristiana Ferreira, de 29 anos, fisioterapeuta e filha do presidente da Junta de Freguesia de Asseiceira, [&hellip;]<\/p>\n","protected":false},"author":43,"featured_media":71727,"comment_status":"open","ping_status":"closed","sticky":false,"template":"","format":"standard","meta":{"_acf_changed":false,"footnotes":""},"categories":[56,32,36],"tags":[361,124,125,267,57],"class_list":{"0":"post-71726","1":"post","2":"type-post","3":"status-publish","4":"format-standard","5":"has-post-thumbnail","7":"category-1apagina","8":"category-noticias","9":"category-tomar","10":"tag-361","11":"tag-carnaval","12":"tag-linhaceira","13":"tag-reis","14":"tag-tomar"},"acf":[],"_links":{"self":[{"href":"https:\/\/www.entroncamentoonline.pt\/portal\/wp-json\/wp\/v2\/posts\/71726","targetHints":{"allow":["GET"]}}],"collection":[{"href":"https:\/\/www.entroncamentoonline.pt\/portal\/wp-json\/wp\/v2\/posts"}],"about":[{"href":"https:\/\/www.entroncamentoonline.pt\/portal\/wp-json\/wp\/v2\/types\/post"}],"author":[{"embeddable":true,"href":"https:\/\/www.entroncamentoonline.pt\/portal\/wp-json\/wp\/v2\/users\/43"}],"replies":[{"embeddable":true,"href":"https:\/\/www.entroncamentoonline.pt\/portal\/wp-json\/wp\/v2\/comments?post=71726"}],"version-history":[{"count":1,"href":"https:\/\/www.entroncamentoonline.pt\/portal\/wp-json\/wp\/v2\/posts\/71726\/revisions"}],"predecessor-version":[{"id":71728,"href":"https:\/\/www.entroncamentoonline.pt\/portal\/wp-json\/wp\/v2\/posts\/71726\/revisions\/71728"}],"wp:featuredmedia":[{"embeddable":true,"href":"https:\/\/www.entroncamentoonline.pt\/portal\/wp-json\/wp\/v2\/media\/71727"}],"wp:attachment":[{"href":"https:\/\/www.entroncamentoonline.pt\/portal\/wp-json\/wp\/v2\/media?parent=71726"}],"wp:term":[{"taxonomy":"category","embeddable":true,"href":"https:\/\/www.entroncamentoonline.pt\/portal\/wp-json\/wp\/v2\/categories?post=71726"},{"taxonomy":"post_tag","embeddable":true,"href":"https:\/\/www.entroncamentoonline.pt\/portal\/wp-json\/wp\/v2\/tags?post=71726"}],"curies":[{"name":"wp","href":"https:\/\/api.w.org\/{rel}","templated":true}]}}