{"id":7172,"date":"2019-05-23T21:55:42","date_gmt":"2019-05-23T20:55:42","guid":{"rendered":"https:\/\/www.entroncamentoonline.pt\/portal\/?p=7172"},"modified":"2019-05-24T23:56:59","modified_gmt":"2019-05-24T22:56:59","slug":"voto-de-congratulacao-da-assembleia-de-militantes-do-psd-entroncamento","status":"publish","type":"post","link":"https:\/\/www.entroncamentoonline.pt\/portal\/voto-de-congratulacao-da-assembleia-de-militantes-do-psd-entroncamento\/","title":{"rendered":"Voto de Congratula\u00e7\u00e3o da Assembleia de Militantes do PSD Entroncamento"},"content":{"rendered":"<p>O PSD Entroncamento aprovou, por unanimidade, na Assembleia de Militantes um voto de congratula\u00e7\u00e3o pela lista de candidatos ao Parlamento Europeu, no ato eleitoral que vai decorrer no pr\u00f3ximo domingo, dia 26 de maio.<\/p>\n<p><strong>Voto de Congratula\u00e7\u00e3o da Assembleia de Militantes do PSD Entroncamento<\/strong><\/p>\n<p><strong>Elei\u00e7\u00f5es para o Parlamento Europeu | 26 de maio de 2019<\/strong><\/p>\n<p>Decorrido o processo de prepara\u00e7\u00e3o das elei\u00e7\u00f5es para o Parlamento Europeu, que se reflete na apresenta\u00e7\u00e3o da lista candidata pelo l\u00edder do Partido Social Democrata, Dr. Rui Rio, e aprovada no Conselho Nacional de 13 de mar\u00e7o, a Assembleia de Militantes do PSD Entroncamento, reunida deliberou:<\/p>\n<p>&#8211; Congratular-se com a lista apresentada que procura refletir o todo nacional, renovada e abrangente, encabe\u00e7ada por Paulo Rangel, homem s\u00e9rio e experiente, com um vasto curr\u00edculo e conhecedor da realidade europeia, permanente defensor de Portugal;<\/p>\n<p>&#8211; Congratular-se com o reconhecimento do percurso do nosso companheiro eurodeputado Carlos Coelho, militante da sec\u00e7\u00e3o de Abrantes do nosso distrito, que tem vindo a representar o distrito de Santar\u00e9m, enquanto nossa indica\u00e7\u00e3o no Parlamento Europeu e que surge em s\u00e9timo lugar da lista candidata;<\/p>\n<p>&#8211; Congratular-se com a indica\u00e7\u00e3o de V\u00e2nia Neto, militante da sec\u00e7\u00e3o de Santar\u00e9m, que ocupa o d\u00e9cimo primeiro lugar na lista candidata;<\/p>\n<p>&#8211; Apelar \u00e0 participa\u00e7\u00e3o de todos e \u00e0 mobiliza\u00e7\u00e3o para o ato eleitoral de 26 de maio, dando for\u00e7a a Portugal e capacidade negocial no Parlamento Europeu.<\/p>\n<p>&nbsp;<\/p>\n<div class=\"fb-background-color\">\n\t\t\t  <div \n\t\t\t  \tclass = \"fb-comments\" \n\t\t\t  \tdata-href = \"https:\/\/www.entroncamentoonline.pt\/portal\/voto-de-congratulacao-da-assembleia-de-militantes-do-psd-entroncamento\/\"\n\t\t\t  \tdata-numposts = \"10\"\n\t\t\t  \tdata-lazy = \"true\"\n\t\t\t\tdata-colorscheme = \"light\"\n\t\t\t\tdata-order-by = \"social\"\n\t\t\t\tdata-mobile=true>\n\t\t\t  <\/div><\/div>\n\t\t  <style>\n\t\t    .fb-background-color {\n\t\t\t\tbackground:  !important;\n\t\t\t}\n\t\t\t.fb_iframe_widget_fluid_desktop iframe {\n\t\t\t    width: 100% !important;\n\t\t\t}\n\t\t  <\/style>\n\t\t  ","protected":false},"excerpt":{"rendered":"<p>O PSD Entroncamento aprovou, por unanimidade, na Assembleia de Militantes um voto de congratula\u00e7\u00e3o pela lista de candidatos ao Parlamento Europeu, no ato eleitoral que vai decorrer no pr\u00f3ximo domingo, dia 26 de maio. Voto de Congratula\u00e7\u00e3o da Assembleia de Militantes do PSD Entroncamento Elei\u00e7\u00f5es para o Parlamento Europeu | 26 de maio de 2019 [&hellip;]<\/p>\n","protected":false},"author":1,"featured_media":7173,"comment_status":"open","ping_status":"closed","sticky":false,"template":"","format":"standard","meta":{"_acf_changed":false,"footnotes":""},"categories":[1],"tags":[],"class_list":{"0":"post-7172","1":"post","2":"type-post","3":"status-publish","4":"format-standard","5":"has-post-thumbnail","7":"category-sem-categoria"},"acf":[],"_links":{"self":[{"href":"https:\/\/www.entroncamentoonline.pt\/portal\/wp-json\/wp\/v2\/posts\/7172","targetHints":{"allow":["GET"]}}],"collection":[{"href":"https:\/\/www.entroncamentoonline.pt\/portal\/wp-json\/wp\/v2\/posts"}],"about":[{"href":"https:\/\/www.entroncamentoonline.pt\/portal\/wp-json\/wp\/v2\/types\/post"}],"author":[{"embeddable":true,"href":"https:\/\/www.entroncamentoonline.pt\/portal\/wp-json\/wp\/v2\/users\/1"}],"replies":[{"embeddable":true,"href":"https:\/\/www.entroncamentoonline.pt\/portal\/wp-json\/wp\/v2\/comments?post=7172"}],"version-history":[{"count":0,"href":"https:\/\/www.entroncamentoonline.pt\/portal\/wp-json\/wp\/v2\/posts\/7172\/revisions"}],"wp:featuredmedia":[{"embeddable":true,"href":"https:\/\/www.entroncamentoonline.pt\/portal\/wp-json\/wp\/v2\/media\/7173"}],"wp:attachment":[{"href":"https:\/\/www.entroncamentoonline.pt\/portal\/wp-json\/wp\/v2\/media?parent=7172"}],"wp:term":[{"taxonomy":"category","embeddable":true,"href":"https:\/\/www.entroncamentoonline.pt\/portal\/wp-json\/wp\/v2\/categories?post=7172"},{"taxonomy":"post_tag","embeddable":true,"href":"https:\/\/www.entroncamentoonline.pt\/portal\/wp-json\/wp\/v2\/tags?post=7172"}],"curies":[{"name":"wp","href":"https:\/\/api.w.org\/{rel}","templated":true}]}}