{"id":71619,"date":"2025-12-30T15:09:34","date_gmt":"2025-12-30T15:09:34","guid":{"rendered":"https:\/\/www.entroncamentoonline.pt\/portal\/?p=71619"},"modified":"2025-12-30T15:09:34","modified_gmt":"2025-12-30T15:09:34","slug":"tomar-vereador-jose-delgado-alerta-para-risco-iminente-de-colapso-no-aqueduto-dos-pegoes","status":"publish","type":"post","link":"https:\/\/www.entroncamentoonline.pt\/portal\/tomar-vereador-jose-delgado-alerta-para-risco-iminente-de-colapso-no-aqueduto-dos-pegoes\/","title":{"rendered":"Tomar: Vereador Jos\u00e9 Delgado alerta para \u00abrisco iminente\u00bb de colapso no Aqueduto dos Peg\u00f5es"},"content":{"rendered":"<p><span style=\"color: #080809;\"><span style=\"font-family: Arial, sans-serif;\"><span style=\"font-size: medium;\">Jos\u00e9 Delgado, vereador do Partido Socialista na C\u00e2mara de Tomar, lan\u00e7ou um alerta s\u00e9rio sobre o estado do Aqueduto dos Peg\u00f5es, afirmando existir um \u00abrisco iminente\u00bb de colapso em algumas das suas estruturas. Recorrendo \u00e0 sua experi\u00eancia profissional enquanto Engenheiro T\u00e9cnico Civil, especializado em reabilita\u00e7\u00e3o de edif\u00edcios e monumentos, o autarca avisou que \u00abnum destes dias poder\u00e1 acontecer um azar muito grande\u00bb caso n\u00e3o sejam tomadas medidas urgentes pelas entidades competentes, nomeadamente pelo Governo.<\/span><\/span><\/span><\/p>\n<p><span style=\"color: #080809;\"><span style=\"font-family: Arial, sans-serif;\"><span style=\"font-size: medium;\">Segundo Jos\u00e9 Delgado, o monumento apresenta sinais de instabilidade \u00abem v\u00e1rias zonas\u00bb, com especial gravidade na \u00e1rea dos Peg\u00f5es Altos. Por isso, apelou \u00e0 C\u00e2mara Municipal para que intervenha junto do Minist\u00e9rio da Cultura, de forma a garantir uma a\u00e7\u00e3o preventiva antes que a situa\u00e7\u00e3o se agrave.<\/span><\/span><\/span><\/p>\n<p><span style=\"color: #080809;\"><span style=\"font-family: Arial, sans-serif;\"><span style=\"font-size: medium;\">A preocupa\u00e7\u00e3o do vereador socialista foi partilhada por Tiago Carr\u00e3o. O presidente da C\u00e2mara de Tomar confirmou que j\u00e1 comunicou o problema ao Minist\u00e9rio da Cultura e solicitou uma reuni\u00e3o para discutir o estado do Aqueduto. Para o autarca, trata\u2011se de um assunto que \u00abdeveria preocupar todos\u00bb, dada a import\u00e2ncia hist\u00f3rica e patrimonial da estrutura.<\/span><\/span><\/span><\/p>\n<p><span style=\"color: #080809;\"><span style=\"font-family: Arial, sans-serif;\"><span style=\"font-size: medium;\"><i>Fonte: R\u00e1dio Hertz<\/i><\/span><\/span><\/span><\/p>\n<div class=\"fb-background-color\">\n\t\t\t  <div \n\t\t\t  \tclass = \"fb-comments\" \n\t\t\t  \tdata-href = \"https:\/\/www.entroncamentoonline.pt\/portal\/tomar-vereador-jose-delgado-alerta-para-risco-iminente-de-colapso-no-aqueduto-dos-pegoes\/\"\n\t\t\t  \tdata-numposts = \"10\"\n\t\t\t  \tdata-lazy = \"true\"\n\t\t\t\tdata-colorscheme = \"light\"\n\t\t\t\tdata-order-by = \"social\"\n\t\t\t\tdata-mobile=true>\n\t\t\t  <\/div><\/div>\n\t\t  <style>\n\t\t    .fb-background-color {\n\t\t\t\tbackground:  !important;\n\t\t\t}\n\t\t\t.fb_iframe_widget_fluid_desktop iframe {\n\t\t\t    width: 100% !important;\n\t\t\t}\n\t\t  <\/style>\n\t\t  ","protected":false},"excerpt":{"rendered":"<p>Jos\u00e9 Delgado, vereador do Partido Socialista na C\u00e2mara de Tomar, lan\u00e7ou um alerta s\u00e9rio sobre o estado do Aqueduto dos Peg\u00f5es, afirmando existir um \u00abrisco iminente\u00bb de colapso em algumas das suas estruturas. Recorrendo \u00e0 sua experi\u00eancia profissional enquanto Engenheiro T\u00e9cnico Civil, especializado em reabilita\u00e7\u00e3o de edif\u00edcios e monumentos, o autarca avisou que \u00abnum destes [&hellip;]<\/p>\n","protected":false},"author":43,"featured_media":71620,"comment_status":"open","ping_status":"closed","sticky":false,"template":"","format":"standard","meta":{"_acf_changed":false,"footnotes":""},"categories":[56,70,32,36],"tags":[],"class_list":{"0":"post-71619","1":"post","2":"type-post","3":"status-publish","4":"format-standard","5":"has-post-thumbnail","7":"category-1apagina","8":"category-mais-noticias","9":"category-noticias","10":"category-tomar"},"acf":[],"_links":{"self":[{"href":"https:\/\/www.entroncamentoonline.pt\/portal\/wp-json\/wp\/v2\/posts\/71619","targetHints":{"allow":["GET"]}}],"collection":[{"href":"https:\/\/www.entroncamentoonline.pt\/portal\/wp-json\/wp\/v2\/posts"}],"about":[{"href":"https:\/\/www.entroncamentoonline.pt\/portal\/wp-json\/wp\/v2\/types\/post"}],"author":[{"embeddable":true,"href":"https:\/\/www.entroncamentoonline.pt\/portal\/wp-json\/wp\/v2\/users\/43"}],"replies":[{"embeddable":true,"href":"https:\/\/www.entroncamentoonline.pt\/portal\/wp-json\/wp\/v2\/comments?post=71619"}],"version-history":[{"count":1,"href":"https:\/\/www.entroncamentoonline.pt\/portal\/wp-json\/wp\/v2\/posts\/71619\/revisions"}],"predecessor-version":[{"id":71621,"href":"https:\/\/www.entroncamentoonline.pt\/portal\/wp-json\/wp\/v2\/posts\/71619\/revisions\/71621"}],"wp:featuredmedia":[{"embeddable":true,"href":"https:\/\/www.entroncamentoonline.pt\/portal\/wp-json\/wp\/v2\/media\/71620"}],"wp:attachment":[{"href":"https:\/\/www.entroncamentoonline.pt\/portal\/wp-json\/wp\/v2\/media?parent=71619"}],"wp:term":[{"taxonomy":"category","embeddable":true,"href":"https:\/\/www.entroncamentoonline.pt\/portal\/wp-json\/wp\/v2\/categories?post=71619"},{"taxonomy":"post_tag","embeddable":true,"href":"https:\/\/www.entroncamentoonline.pt\/portal\/wp-json\/wp\/v2\/tags?post=71619"}],"curies":[{"name":"wp","href":"https:\/\/api.w.org\/{rel}","templated":true}]}}