{"id":7159,"date":"2019-05-23T21:58:11","date_gmt":"2019-05-23T20:58:11","guid":{"rendered":"https:\/\/www.entroncamentoonline.pt\/portal\/?p=7159"},"modified":"2019-05-27T16:09:37","modified_gmt":"2019-05-27T15:09:37","slug":"europeias-2019-presidentes-de-junta-do-entroncamento-apelam-ao-voto","status":"publish","type":"post","link":"https:\/\/www.entroncamentoonline.pt\/portal\/europeias-2019-presidentes-de-junta-do-entroncamento-apelam-ao-voto\/","title":{"rendered":"EUROPEIAS 2019 | Presidentes de Junta do Entroncamento apelam ao voto"},"content":{"rendered":"<p>Para votar j\u00e1 n\u00e3o precisa do Cart\u00e3o de Eleitor, que deixou de existir, assim como o n\u00ba de eleitor.<\/p>\n<p>Para votar vai apenas precisar do Cart\u00e3o de Cidad\u00e3o ou Bilhete de Identidade ou outro documento oficial e procurar a mesa de voto pela inicial do seu primeiro nome e n\u00e3o pelo extinto n\u00ba de eleitor.<\/p>\n<p>\u00c9, portanto, natural que o n\u00ba da mesa de voto onde votava n\u00e3o seja o mesmo<\/p>\n<p>Nesse sentido, o Minist\u00e9rio da Administra\u00e7\u00e3o Interna recomenda aos eleitores que confirmem o seu local de voto atrav\u00e9s dos v\u00e1rios meios \u00e0 sua disposi\u00e7\u00e3o, a saber:<\/p>\n<p><strong>SMS para o 3838 (servi\u00e7o gratuito)<\/strong><br \/>\n<strong>Mensagem \u201cRE (espa\u00e7o) n\u00famero CC ou BI (espa\u00e7o) data de nascimento (ano\/m\u00eas\/dia)\u201d<\/strong><\/p>\n<p><a href=\"http:\/\/www.recenseamento.mai.gov.pt\"><strong>VEJA AQUI EM QUE MESA VOTA\u00a0<\/strong><\/a><br \/>\n<strong>Aplica\u00e7\u00e3o MAI Mobile (\u201cSaiba onde ir\u00e1 votar\u201d)<\/strong><br \/>\n<strong>Junta de Freguesia<\/strong><\/p>\n<p>Outra das altera\u00e7\u00f5es \u00e9 a disponibiliza\u00e7\u00e3o de uma Matriz de Voto em Braille, que permitir\u00e1 aos eleitores portadores de defici\u00eancia visual votarem sozinhos, sem necessidade de acompanhamento.<\/p>\n<p>Os Presidentes das Juntas de S\u00e3o Jo\u00e3o Baptista, Rui Maur\u00edcio e Nossa Senhora de F\u00e1tima, Ezequiel Estrada, fizeram o apelo ao voto e falaram das altera\u00e7\u00f5es e das mesas existentes em cada freguesia.<\/p>\n<p><iframe loading=\"lazy\" title=\"Europeias 2019 Rui Maur\u00edcio\" width=\"696\" height=\"392\" src=\"https:\/\/www.youtube.com\/embed\/tnMLJTimawA?feature=oembed\" frameborder=\"0\" allow=\"accelerometer; autoplay; encrypted-media; gyroscope; picture-in-picture\" allowfullscreen><\/iframe><\/p>\n<p>&nbsp;<\/p>\n<p><iframe loading=\"lazy\" title=\"Europeias Ezequiel Estrada\" width=\"696\" height=\"392\" src=\"https:\/\/www.youtube.com\/embed\/2tGmjJJuy40?feature=oembed\" frameborder=\"0\" allow=\"accelerometer; autoplay; encrypted-media; gyroscope; picture-in-picture\" allowfullscreen><\/iframe><\/p>\n<div class=\"fb-background-color\">\n\t\t\t  <div \n\t\t\t  \tclass = \"fb-comments\" \n\t\t\t  \tdata-href = \"https:\/\/www.entroncamentoonline.pt\/portal\/europeias-2019-presidentes-de-junta-do-entroncamento-apelam-ao-voto\/\"\n\t\t\t  \tdata-numposts = \"10\"\n\t\t\t  \tdata-lazy = \"true\"\n\t\t\t\tdata-colorscheme = \"light\"\n\t\t\t\tdata-order-by = \"social\"\n\t\t\t\tdata-mobile=true>\n\t\t\t  <\/div><\/div>\n\t\t  <style>\n\t\t    .fb-background-color {\n\t\t\t\tbackground:  !important;\n\t\t\t}\n\t\t\t.fb_iframe_widget_fluid_desktop iframe {\n\t\t\t    width: 100% !important;\n\t\t\t}\n\t\t  <\/style>\n\t\t  ","protected":false},"excerpt":{"rendered":"<p>Para votar j\u00e1 n\u00e3o precisa do Cart\u00e3o de Eleitor, que deixou de existir, assim como o n\u00ba de eleitor. Para votar vai apenas precisar do Cart\u00e3o de Cidad\u00e3o ou Bilhete de Identidade ou outro documento oficial e procurar a mesa de voto pela inicial do seu primeiro nome e n\u00e3o pelo extinto n\u00ba de eleitor. [&hellip;]<\/p>\n","protected":false},"author":1,"featured_media":7160,"comment_status":"open","ping_status":"closed","sticky":false,"template":"","format":"standard","meta":{"_acf_changed":false,"footnotes":""},"categories":[1],"tags":[],"class_list":{"0":"post-7159","1":"post","2":"type-post","3":"status-publish","4":"format-standard","5":"has-post-thumbnail","7":"category-sem-categoria"},"acf":[],"_links":{"self":[{"href":"https:\/\/www.entroncamentoonline.pt\/portal\/wp-json\/wp\/v2\/posts\/7159","targetHints":{"allow":["GET"]}}],"collection":[{"href":"https:\/\/www.entroncamentoonline.pt\/portal\/wp-json\/wp\/v2\/posts"}],"about":[{"href":"https:\/\/www.entroncamentoonline.pt\/portal\/wp-json\/wp\/v2\/types\/post"}],"author":[{"embeddable":true,"href":"https:\/\/www.entroncamentoonline.pt\/portal\/wp-json\/wp\/v2\/users\/1"}],"replies":[{"embeddable":true,"href":"https:\/\/www.entroncamentoonline.pt\/portal\/wp-json\/wp\/v2\/comments?post=7159"}],"version-history":[{"count":0,"href":"https:\/\/www.entroncamentoonline.pt\/portal\/wp-json\/wp\/v2\/posts\/7159\/revisions"}],"wp:featuredmedia":[{"embeddable":true,"href":"https:\/\/www.entroncamentoonline.pt\/portal\/wp-json\/wp\/v2\/media\/7160"}],"wp:attachment":[{"href":"https:\/\/www.entroncamentoonline.pt\/portal\/wp-json\/wp\/v2\/media?parent=7159"}],"wp:term":[{"taxonomy":"category","embeddable":true,"href":"https:\/\/www.entroncamentoonline.pt\/portal\/wp-json\/wp\/v2\/categories?post=7159"},{"taxonomy":"post_tag","embeddable":true,"href":"https:\/\/www.entroncamentoonline.pt\/portal\/wp-json\/wp\/v2\/tags?post=7159"}],"curies":[{"name":"wp","href":"https:\/\/api.w.org\/{rel}","templated":true}]}}