{"id":71537,"date":"2025-12-27T16:47:30","date_gmt":"2025-12-27T16:47:30","guid":{"rendered":"https:\/\/www.entroncamentoonline.pt\/portal\/?p=71537"},"modified":"2025-12-27T16:47:30","modified_gmt":"2025-12-27T16:47:30","slug":"faleceu-artur-lara-ramos-antigo-tecnico-do-tramagal-sport-uniao-e-figura-maior-do-atletismo-portugues","status":"publish","type":"post","link":"https:\/\/www.entroncamentoonline.pt\/portal\/faleceu-artur-lara-ramos-antigo-tecnico-do-tramagal-sport-uniao-e-figura-maior-do-atletismo-portugues\/","title":{"rendered":"Faleceu Artur Lara Ramos, antigo t\u00e9cnico do Tramagal Sport Uni\u00e3o e figura maior do atletismo portugu\u00eas"},"content":{"rendered":"<p><span style=\"color: #080809;\"><span style=\"font-family: inherit;\"><span style=\"font-size: medium;\"><span style=\"font-family: Arial, sans-serif;\">Artur Lara Ramos, refer\u00eancia nacional do atletismo e antigo t\u00e9cnico do <\/span><strong><span style=\"font-family: Arial, sans-serif;\">Tramagal Sport Uni\u00e3o (TSU)<\/span><\/strong><span style=\"font-family: Arial, sans-serif;\"> entre 1972 e 1976, faleceu aos 78 anos, v\u00edtima de doen\u00e7a s\u00fabita, segundo noticiaram v\u00e1rios \u00f3rg\u00e3os de comunica\u00e7\u00e3o social. Figura marcante do desporto portugu\u00eas, destacou\u2011se como treinador, dirigente, selecionador nacional e presidente da Associa\u00e7\u00e3o de Atletismo do Algarve, deixando um legado reconhecido a n\u00edvel regional e nacional.<\/span><\/span><\/span><\/span><\/p>\n<p><span style=\"color: #080809;\"><span style=\"font-family: Arial, sans-serif;\"><span style=\"font-size: medium;\">No Tramagal, Artur Lara Ramos deixou uma marca profunda. O clube recorda-o como \u201cuma das entidades reconhecidas no I Centen\u00e1rio do TSU\u201d, sublinhando que a sua contribui\u00e7\u00e3o foi decisiva para que o emblema tramagalense mantivesse, ao longo de d\u00e9cadas, \u201celevados patamares de realiza\u00e7\u00e3o competitiva e desportiva\u201d. Durante os quatro anos em que orientou o atletismo do clube, entre 1972 e 1976, viveu-se um per\u00edodo descrito como \u201cde sonhos, entusiasmo e grande disponibilidade para o envolvimento desportivo dos jovens\u201d.<\/span><\/span><\/span><\/p>\n<p><span style=\"color: #080809;\"><span style=\"font-family: Arial, sans-serif;\"><span style=\"font-size: medium;\">Na nota de pesar, o TSU destaca que Artur Lara Ramos \u201cmarcou uma \u00e9poca, uma gera\u00e7\u00e3o e deixou a seara feita\u201d, gerando din\u00e2micas e valores que perduraram no tempo e se multiplicaram atrav\u00e9s das rela\u00e7\u00f5es humanas e desportivas que estabeleceu. \u201cPara sempre na nossa mem\u00f3ria\u201d, conclui o clube.<\/span><\/span><\/span><\/p>\n<p><span style=\"color: #080809;\"><span style=\"font-family: inherit;\"><span style=\"font-size: medium;\"><span style=\"font-family: Arial, sans-serif;\">Embora natural do Norte do pa\u00eds, Artur Lara Ramos viria a tornar-se uma figura central do atletismo portugu\u00eas, representando FC Porto e Sporting enquanto atleta federado e dedicando-se posteriormente ao treino e \u00e0 forma\u00e7\u00e3o de atletas, alguns deles de n\u00edvel nacional e ol\u00edmpico. No Algarve, onde se radicou, foi diretor t\u00e9cnico e presidente da Associa\u00e7\u00e3o de Atletismo do Algarve, sendo apontado como um dos principais impulsionadores do hist\u00f3rico <\/span><strong><span style=\"font-family: Arial, sans-serif;\">Cross das Amendoeiras em Flor<\/span><\/strong><span style=\"font-family: Arial, sans-serif;\">, prova internacional que marcou v\u00e1rias gera\u00e7\u00f5es de atletas.<\/span><\/span><\/span><\/span><\/p>\n<p><span style=\"color: #080809;\"><span style=\"font-family: Arial, sans-serif;\"><span style=\"font-size: medium;\">A sua morte motivou manifesta\u00e7\u00f5es de pesar em todo o pa\u00eds, com dirigentes, autarcas e institui\u00e7\u00f5es desportivas a reconhecerem o seu contributo para o desenvolvimento do atletismo portugu\u00eas. No Tramagal, onde deixou ra\u00edzes e mem\u00f3rias, o seu nome permanece associado a uma das fases mais vibrantes da modalidade no clube.<\/span><\/span><\/span><\/p>\n<p><em>Ricardo Alves<\/em><\/p>\n<div class=\"fb-background-color\">\n\t\t\t  <div \n\t\t\t  \tclass = \"fb-comments\" \n\t\t\t  \tdata-href = \"https:\/\/www.entroncamentoonline.pt\/portal\/faleceu-artur-lara-ramos-antigo-tecnico-do-tramagal-sport-uniao-e-figura-maior-do-atletismo-portugues\/\"\n\t\t\t  \tdata-numposts = \"10\"\n\t\t\t  \tdata-lazy = \"true\"\n\t\t\t\tdata-colorscheme = \"light\"\n\t\t\t\tdata-order-by = \"social\"\n\t\t\t\tdata-mobile=true>\n\t\t\t  <\/div><\/div>\n\t\t  <style>\n\t\t    .fb-background-color {\n\t\t\t\tbackground:  !important;\n\t\t\t}\n\t\t\t.fb_iframe_widget_fluid_desktop iframe {\n\t\t\t    width: 100% !important;\n\t\t\t}\n\t\t  <\/style>\n\t\t  ","protected":false},"excerpt":{"rendered":"<p>Artur Lara Ramos, refer\u00eancia nacional do atletismo e antigo t\u00e9cnico do Tramagal Sport Uni\u00e3o (TSU) entre 1972 e 1976, faleceu aos 78 anos, v\u00edtima de doen\u00e7a s\u00fabita, segundo noticiaram v\u00e1rios \u00f3rg\u00e3os de comunica\u00e7\u00e3o social. Figura marcante do desporto portugu\u00eas, destacou\u2011se como treinador, dirigente, selecionador nacional e presidente da Associa\u00e7\u00e3o de Atletismo do Algarve, deixando um [&hellip;]<\/p>\n","protected":false},"author":43,"featured_media":71538,"comment_status":"open","ping_status":"closed","sticky":false,"template":"","format":"standard","meta":{"_acf_changed":false,"footnotes":""},"categories":[56,29,25,52,32],"tags":[],"class_list":{"0":"post-71537","1":"post","2":"type-post","3":"status-publish","4":"format-standard","5":"has-post-thumbnail","7":"category-1apagina","8":"category-abrantes","9":"category-desporto","10":"category-geral","11":"category-noticias"},"acf":[],"_links":{"self":[{"href":"https:\/\/www.entroncamentoonline.pt\/portal\/wp-json\/wp\/v2\/posts\/71537","targetHints":{"allow":["GET"]}}],"collection":[{"href":"https:\/\/www.entroncamentoonline.pt\/portal\/wp-json\/wp\/v2\/posts"}],"about":[{"href":"https:\/\/www.entroncamentoonline.pt\/portal\/wp-json\/wp\/v2\/types\/post"}],"author":[{"embeddable":true,"href":"https:\/\/www.entroncamentoonline.pt\/portal\/wp-json\/wp\/v2\/users\/43"}],"replies":[{"embeddable":true,"href":"https:\/\/www.entroncamentoonline.pt\/portal\/wp-json\/wp\/v2\/comments?post=71537"}],"version-history":[{"count":0,"href":"https:\/\/www.entroncamentoonline.pt\/portal\/wp-json\/wp\/v2\/posts\/71537\/revisions"}],"wp:featuredmedia":[{"embeddable":true,"href":"https:\/\/www.entroncamentoonline.pt\/portal\/wp-json\/wp\/v2\/media\/71538"}],"wp:attachment":[{"href":"https:\/\/www.entroncamentoonline.pt\/portal\/wp-json\/wp\/v2\/media?parent=71537"}],"wp:term":[{"taxonomy":"category","embeddable":true,"href":"https:\/\/www.entroncamentoonline.pt\/portal\/wp-json\/wp\/v2\/categories?post=71537"},{"taxonomy":"post_tag","embeddable":true,"href":"https:\/\/www.entroncamentoonline.pt\/portal\/wp-json\/wp\/v2\/tags?post=71537"}],"curies":[{"name":"wp","href":"https:\/\/api.w.org\/{rel}","templated":true}]}}