{"id":71103,"date":"2025-12-07T11:37:01","date_gmt":"2025-12-07T11:37:01","guid":{"rendered":"https:\/\/www.entroncamentoonline.pt\/portal\/?p=71103"},"modified":"2025-12-07T11:37:01","modified_gmt":"2025-12-07T11:37:01","slug":"necrologia-fernando-vasco-da-silva-entroncamento","status":"publish","type":"post","link":"https:\/\/www.entroncamentoonline.pt\/portal\/necrologia-fernando-vasco-da-silva-entroncamento\/","title":{"rendered":"Necrologia: Fernando Vasco da Silva &#8211; Entroncamento"},"content":{"rendered":"<p><span style=\"font-family: Arial, sans-serif;\">Faleceu Fernando Vasco da Silva, de 66 anos, que residia na Rua Dom Afonso Henriques \u2013 Entroncamento.<\/span><\/p>\n<p><span style=\"font-family: Arial, sans-serif;\">Sua irm\u00e3: Fernanda Vasco da Silva, sua sobrinha: Rita Maria da Silva Vicente, sua<br \/>\nfilha: Andreia Raquel Pereira da Silva, sua neta e restante fam\u00edlia, comunicam que o<br \/>\nseu vel\u00f3rio ser\u00e1 realizado na Capela Mortu\u00e1ria da Sagrada Fam\u00edlia &#8211;<br \/>\nEntroncamento, dia 07 de dezembro de 2025, a partir das 10:00 horas.<\/span><\/p>\n<p><span style=\"font-family: Arial, sans-serif;\">O seu funeral realizar-se-\u00e1 no dia 07 de dezembro de 2025 (domingo), saindo da<br \/>\nCapela Mortu\u00e1ria da Sagrada Fam\u00edlia &#8211; Entroncamento pelas 15:00 horas, com destino<br \/>\nao Cremat\u00f3rio do Entroncamento, onde ser\u00e3o celebradas as respetivas cerim\u00f3nias<br \/>\nf\u00fanebres pelas 15:30 horas.<\/span><\/p>\n<p><em><span style=\"font-family: Arial, sans-serif;\">Ag\u00eancia Funer\u00e1ria Rainho<\/span><\/em><\/p>\n<div class=\"fb-background-color\">\n\t\t\t  <div \n\t\t\t  \tclass = \"fb-comments\" \n\t\t\t  \tdata-href = \"https:\/\/www.entroncamentoonline.pt\/portal\/necrologia-fernando-vasco-da-silva-entroncamento\/\"\n\t\t\t  \tdata-numposts = \"10\"\n\t\t\t  \tdata-lazy = \"true\"\n\t\t\t\tdata-colorscheme = \"light\"\n\t\t\t\tdata-order-by = \"social\"\n\t\t\t\tdata-mobile=true>\n\t\t\t  <\/div><\/div>\n\t\t  <style>\n\t\t    .fb-background-color {\n\t\t\t\tbackground:  !important;\n\t\t\t}\n\t\t\t.fb_iframe_widget_fluid_desktop iframe {\n\t\t\t    width: 100% !important;\n\t\t\t}\n\t\t  <\/style>\n\t\t  ","protected":false},"excerpt":{"rendered":"<p>Faleceu Fernando Vasco da Silva, de 66 anos, que residia na Rua Dom Afonso Henriques \u2013 Entroncamento. Sua irm\u00e3: Fernanda Vasco da Silva, sua sobrinha: Rita Maria da Silva Vicente, sua filha: Andreia Raquel Pereira da Silva, sua neta e restante fam\u00edlia, comunicam que o seu vel\u00f3rio ser\u00e1 realizado na Capela Mortu\u00e1ria da Sagrada Fam\u00edlia [&hellip;]<\/p>\n","protected":false},"author":43,"featured_media":71104,"comment_status":"open","ping_status":"closed","sticky":false,"template":"","format":"standard","meta":{"_acf_changed":false,"footnotes":""},"categories":[41],"tags":[],"class_list":{"0":"post-71103","1":"post","2":"type-post","3":"status-publish","4":"format-standard","5":"has-post-thumbnail","7":"category-necrologia"},"acf":[],"_links":{"self":[{"href":"https:\/\/www.entroncamentoonline.pt\/portal\/wp-json\/wp\/v2\/posts\/71103","targetHints":{"allow":["GET"]}}],"collection":[{"href":"https:\/\/www.entroncamentoonline.pt\/portal\/wp-json\/wp\/v2\/posts"}],"about":[{"href":"https:\/\/www.entroncamentoonline.pt\/portal\/wp-json\/wp\/v2\/types\/post"}],"author":[{"embeddable":true,"href":"https:\/\/www.entroncamentoonline.pt\/portal\/wp-json\/wp\/v2\/users\/43"}],"replies":[{"embeddable":true,"href":"https:\/\/www.entroncamentoonline.pt\/portal\/wp-json\/wp\/v2\/comments?post=71103"}],"version-history":[{"count":0,"href":"https:\/\/www.entroncamentoonline.pt\/portal\/wp-json\/wp\/v2\/posts\/71103\/revisions"}],"wp:featuredmedia":[{"embeddable":true,"href":"https:\/\/www.entroncamentoonline.pt\/portal\/wp-json\/wp\/v2\/media\/71104"}],"wp:attachment":[{"href":"https:\/\/www.entroncamentoonline.pt\/portal\/wp-json\/wp\/v2\/media?parent=71103"}],"wp:term":[{"taxonomy":"category","embeddable":true,"href":"https:\/\/www.entroncamentoonline.pt\/portal\/wp-json\/wp\/v2\/categories?post=71103"},{"taxonomy":"post_tag","embeddable":true,"href":"https:\/\/www.entroncamentoonline.pt\/portal\/wp-json\/wp\/v2\/tags?post=71103"}],"curies":[{"name":"wp","href":"https:\/\/api.w.org\/{rel}","templated":true}]}}