{"id":70943,"date":"2025-11-26T15:00:09","date_gmt":"2025-11-26T15:00:09","guid":{"rendered":"https:\/\/www.entroncamentoonline.pt\/portal\/?p=70943"},"modified":"2025-11-26T10:40:06","modified_gmt":"2025-11-26T10:40:06","slug":"vn-barquinha-exposicao-a-experiencia-de-estar-no-mundo-inaugura-na-galeria-do-parque","status":"publish","type":"post","link":"https:\/\/www.entroncamentoonline.pt\/portal\/vn-barquinha-exposicao-a-experiencia-de-estar-no-mundo-inaugura-na-galeria-do-parque\/","title":{"rendered":"VN Barquinha: Exposi\u00e7\u00e3o \u201cA experi\u00eancia de estar no mundo\u201d inaugura na Galeria do Parque"},"content":{"rendered":"<p><span style=\"font-family: Arial, sans-serif;\"><span style=\"font-size: medium;\">A Galeria do Parque, em Vila Nova da Barquinha, recebe de 29 de novembro de 2025 a 3 de janeiro de 2026 a exposi\u00e7\u00e3o \u201cA experi\u00eancia de estar no mundo\u201d, composta por trabalhos dos alunos do Centro de Estudos de Arte Contempor\u00e2nea (CEAC), sob curadoria de Rita Gaspar Vieira.<\/span><\/span><\/p>\n<p><span style=\"font-family: Arial, sans-serif;\"><span style=\"font-size: medium;\">Os trabalhos agora apresentados resultam dos ateliers de forma\u00e7\u00e3o te\u00f3rico-pr\u00e1tica de Desenho e Pintura, Fotografia e V\u00eddeo do CEAC, desenvolvidos ao abrigo de um protocolo entre a C\u00e2mara Municipal de Vila Nova da Barquinha, o Instituto Polit\u00e9cnico de Tomar e a Funda\u00e7\u00e3o EDP.<\/span><\/span><\/p>\n<p><span style=\"font-family: Arial, sans-serif;\"><span style=\"font-size: medium;\">Os ateliers decorrem semanalmente: \u00e0 segunda-feira realiza-se o Atelier Livre de Desenho e Pintura, das 16h \u00e0s 21h; \u00e0 ter\u00e7a-feira t\u00eam lugar o Atelier de Pintura, das 15h \u00e0s 18h, e o Atelier de Desenho, das 18h \u00e0s 21h; \u00e0 quarta-feira decorre o Atelier de Fotografia, das 18h \u00e0s 21h. O Atelier de V\u00eddeo est\u00e1 previsto para fevereiro de 2026, com hor\u00e1rio a anunciar. Cada atelier tem o custo de 20 euros, sendo aplic\u00e1vel um desconto de 50% nas inscri\u00e7\u00f5es em mais do que uma atividade.<\/span><\/span><\/p>\n<p><span style=\"font-family: Arial, sans-serif;\"><span style=\"font-size: medium;\">Sobre a exposi\u00e7\u00e3o, Rita Gaspar Vieira destaca que os alunos foram convidados \u201ca pensar a singularidade da sua vida e do seu olhar sobre o quotidiano, o cosmos e a pr\u00f3pria condi\u00e7\u00e3o humana, alargando perce\u00e7\u00f5es e discursos ao incluir neles a capacidade de \u2018ver de olhos fechados\u2019\u201d. A curadora sublinha ainda que esta abordagem ecoa a transforma\u00e7\u00e3o art\u00edstica vivida na transi\u00e7\u00e3o do s\u00e9culo XIX para o XX, quando a rutura com a representa\u00e7\u00e3o mim\u00e9tica abriu caminho ao Abstracionismo e \u00e0 centralidade da experi\u00eancia humana na cria\u00e7\u00e3o art\u00edstica.<\/span><\/span><\/p>\n<p><span style=\"font-family: Arial, sans-serif;\"><span style=\"font-size: medium;\">A inaugura\u00e7\u00e3o ter\u00e1 lugar no dia 29 de novembro, \u00e0s 15h00.<\/span><\/span><\/p>\n<div class=\"fb-background-color\">\n\t\t\t  <div \n\t\t\t  \tclass = \"fb-comments\" \n\t\t\t  \tdata-href = \"https:\/\/www.entroncamentoonline.pt\/portal\/vn-barquinha-exposicao-a-experiencia-de-estar-no-mundo-inaugura-na-galeria-do-parque\/\"\n\t\t\t  \tdata-numposts = \"10\"\n\t\t\t  \tdata-lazy = \"true\"\n\t\t\t\tdata-colorscheme = \"light\"\n\t\t\t\tdata-order-by = \"social\"\n\t\t\t\tdata-mobile=true>\n\t\t\t  <\/div><\/div>\n\t\t  <style>\n\t\t    .fb-background-color {\n\t\t\t\tbackground:  !important;\n\t\t\t}\n\t\t\t.fb_iframe_widget_fluid_desktop iframe {\n\t\t\t    width: 100% !important;\n\t\t\t}\n\t\t  <\/style>\n\t\t  ","protected":false},"excerpt":{"rendered":"<p>A Galeria do Parque, em Vila Nova da Barquinha, recebe de 29 de novembro de 2025 a 3 de janeiro de 2026 a exposi\u00e7\u00e3o \u201cA experi\u00eancia de estar no mundo\u201d, composta por trabalhos dos alunos do Centro de Estudos de Arte Contempor\u00e2nea (CEAC), sob curadoria de Rita Gaspar Vieira. Os trabalhos agora apresentados resultam dos [&hellip;]<\/p>\n","protected":false},"author":43,"featured_media":70944,"comment_status":"open","ping_status":"closed","sticky":false,"template":"","format":"standard","meta":{"_acf_changed":false,"footnotes":""},"categories":[56,31,54,68,32,38],"tags":[],"class_list":{"0":"post-70943","1":"post","2":"type-post","3":"status-publish","4":"format-standard","5":"has-post-thumbnail","7":"category-1apagina","8":"category-agenda","9":"category-cultura","10":"category-na-boa","11":"category-noticias","12":"category-v-n-barquinha"},"acf":[],"_links":{"self":[{"href":"https:\/\/www.entroncamentoonline.pt\/portal\/wp-json\/wp\/v2\/posts\/70943","targetHints":{"allow":["GET"]}}],"collection":[{"href":"https:\/\/www.entroncamentoonline.pt\/portal\/wp-json\/wp\/v2\/posts"}],"about":[{"href":"https:\/\/www.entroncamentoonline.pt\/portal\/wp-json\/wp\/v2\/types\/post"}],"author":[{"embeddable":true,"href":"https:\/\/www.entroncamentoonline.pt\/portal\/wp-json\/wp\/v2\/users\/43"}],"replies":[{"embeddable":true,"href":"https:\/\/www.entroncamentoonline.pt\/portal\/wp-json\/wp\/v2\/comments?post=70943"}],"version-history":[{"count":0,"href":"https:\/\/www.entroncamentoonline.pt\/portal\/wp-json\/wp\/v2\/posts\/70943\/revisions"}],"wp:featuredmedia":[{"embeddable":true,"href":"https:\/\/www.entroncamentoonline.pt\/portal\/wp-json\/wp\/v2\/media\/70944"}],"wp:attachment":[{"href":"https:\/\/www.entroncamentoonline.pt\/portal\/wp-json\/wp\/v2\/media?parent=70943"}],"wp:term":[{"taxonomy":"category","embeddable":true,"href":"https:\/\/www.entroncamentoonline.pt\/portal\/wp-json\/wp\/v2\/categories?post=70943"},{"taxonomy":"post_tag","embeddable":true,"href":"https:\/\/www.entroncamentoonline.pt\/portal\/wp-json\/wp\/v2\/tags?post=70943"}],"curies":[{"name":"wp","href":"https:\/\/api.w.org\/{rel}","templated":true}]}}