{"id":70936,"date":"2025-11-26T11:04:28","date_gmt":"2025-11-26T11:04:28","guid":{"rendered":"https:\/\/www.entroncamentoonline.pt\/portal\/?p=70936"},"modified":"2025-11-26T10:06:16","modified_gmt":"2025-11-26T10:06:16","slug":"torres-novas-paulo-de-carvalho-no-teatro-virginia","status":"publish","type":"post","link":"https:\/\/www.entroncamentoonline.pt\/portal\/torres-novas-paulo-de-carvalho-no-teatro-virginia\/","title":{"rendered":"Torres Novas: Paulo de Carvalho no Teatro Virg\u00ednia"},"content":{"rendered":"<p align=\"justify\"><span style=\"font-family: Arial, sans-serif;\"><span style=\"font-size: medium;\">Paulo de Carvalho subir\u00e1 ao palco do Teatro Virg\u00ednia no dia 13 de dezembro, s\u00e1bado, \u00e0s 21:30h, com o seu mais recente espet\u00e1culo: \u00abContar Cantigas\u00bb, que \u00abacontecer\u00e1 num formato de Voz e Piano, acompanhado pelo consagrado pianista cubano Victor Zamora\u00bb. <\/span><\/span><\/p>\n<p align=\"justify\"><span style=\"font-family: Arial, sans-serif;\"><span style=\"font-size: medium;\">Tal como podemos ler na sinopse, \u00abDurante o concerto, Paulo de Carvalho contar\u00e1, entre as cantigas, algumas hist\u00f3rias carism\u00e1ticas que deram origem \u00e0s mesmas, e promete um repert\u00f3rio cuidadosamente selecionado. Este vai ser um espet\u00e1culo especial, com um outro lado de Paulo de Carvalho. Ser\u00e1 assim uma oportunidade \u00fanica de assistir \u00e0 interpreta\u00e7\u00e3o dos temas que mais lhe tocam, e tamb\u00e9m os seus maiores sucessos, proporcionando uma experi\u00eancia inesquec\u00edvel para todos os presentes.<\/span><\/span><\/p>\n<p align=\"justify\"><span style=\"font-family: Arial, sans-serif;\"><span style=\"font-size: medium;\">O artista j\u00e1 conta com 60 anos de carreira de grande sucesso e talento, e \u00abcontinua a ser, agora e para sempre, um int\u00e9rprete e compositor insuper\u00e1vel da nossa vida musical\u00bb.<\/span><\/span><\/p>\n<p align=\"justify\"><span style=\"font-family: Arial, sans-serif;\"><span style=\"font-size: medium;\">Os bilhetes t\u00eam o custo de 16\u20ac, com descontos aplic\u00e1veis, e podem ser adquiridos na bilheteira local (segunda a sexta das 11h00 \u00e0s 12h30 e das 15h00 \u00e0s 18h30), nos pontos aderentes FNAC e Worten, ou em bol.pt.<\/span><\/span><\/p>\n<div class=\"fb-background-color\">\n\t\t\t  <div \n\t\t\t  \tclass = \"fb-comments\" \n\t\t\t  \tdata-href = \"https:\/\/www.entroncamentoonline.pt\/portal\/torres-novas-paulo-de-carvalho-no-teatro-virginia\/\"\n\t\t\t  \tdata-numposts = \"10\"\n\t\t\t  \tdata-lazy = \"true\"\n\t\t\t\tdata-colorscheme = \"light\"\n\t\t\t\tdata-order-by = \"social\"\n\t\t\t\tdata-mobile=true>\n\t\t\t  <\/div><\/div>\n\t\t  <style>\n\t\t    .fb-background-color {\n\t\t\t\tbackground:  !important;\n\t\t\t}\n\t\t\t.fb_iframe_widget_fluid_desktop iframe {\n\t\t\t    width: 100% !important;\n\t\t\t}\n\t\t  <\/style>\n\t\t  ","protected":false},"excerpt":{"rendered":"<p>Paulo de Carvalho subir\u00e1 ao palco do Teatro Virg\u00ednia no dia 13 de dezembro, s\u00e1bado, \u00e0s 21:30h, com o seu mais recente espet\u00e1culo: \u00abContar Cantigas\u00bb, que \u00abacontecer\u00e1 num formato de Voz e Piano, acompanhado pelo consagrado pianista cubano Victor Zamora\u00bb. Tal como podemos ler na sinopse, \u00abDurante o concerto, Paulo de Carvalho contar\u00e1, entre as [&hellip;]<\/p>\n","protected":false},"author":43,"featured_media":0,"comment_status":"open","ping_status":"closed","sticky":false,"template":"","format":"standard","meta":{"_acf_changed":false,"footnotes":""},"categories":[1],"tags":[],"class_list":{"0":"post-70936","1":"post","2":"type-post","3":"status-publish","4":"format-standard","6":"category-sem-categoria"},"acf":[],"_links":{"self":[{"href":"https:\/\/www.entroncamentoonline.pt\/portal\/wp-json\/wp\/v2\/posts\/70936","targetHints":{"allow":["GET"]}}],"collection":[{"href":"https:\/\/www.entroncamentoonline.pt\/portal\/wp-json\/wp\/v2\/posts"}],"about":[{"href":"https:\/\/www.entroncamentoonline.pt\/portal\/wp-json\/wp\/v2\/types\/post"}],"author":[{"embeddable":true,"href":"https:\/\/www.entroncamentoonline.pt\/portal\/wp-json\/wp\/v2\/users\/43"}],"replies":[{"embeddable":true,"href":"https:\/\/www.entroncamentoonline.pt\/portal\/wp-json\/wp\/v2\/comments?post=70936"}],"version-history":[{"count":0,"href":"https:\/\/www.entroncamentoonline.pt\/portal\/wp-json\/wp\/v2\/posts\/70936\/revisions"}],"wp:attachment":[{"href":"https:\/\/www.entroncamentoonline.pt\/portal\/wp-json\/wp\/v2\/media?parent=70936"}],"wp:term":[{"taxonomy":"category","embeddable":true,"href":"https:\/\/www.entroncamentoonline.pt\/portal\/wp-json\/wp\/v2\/categories?post=70936"},{"taxonomy":"post_tag","embeddable":true,"href":"https:\/\/www.entroncamentoonline.pt\/portal\/wp-json\/wp\/v2\/tags?post=70936"}],"curies":[{"name":"wp","href":"https:\/\/api.w.org\/{rel}","templated":true}]}}