{"id":70832,"date":"2025-11-19T16:30:18","date_gmt":"2025-11-19T16:30:18","guid":{"rendered":"https:\/\/www.entroncamentoonline.pt\/portal\/?p=70832"},"modified":"2025-11-19T11:41:25","modified_gmt":"2025-11-19T11:41:25","slug":"a-mula-da-cooperativa-a-cancao-que-nasceu-no-entroncamento-e-se-tornou-icone-nacional","status":"publish","type":"post","link":"https:\/\/www.entroncamentoonline.pt\/portal\/a-mula-da-cooperativa-a-cancao-que-nasceu-no-entroncamento-e-se-tornou-icone-nacional\/","title":{"rendered":"\u201cA Mula da Cooperativa\u201d: a can\u00e7\u00e3o que nasceu no Entroncamento e se tornou \u00edcone nacional"},"content":{"rendered":"<p>A hist\u00f3ria da <strong>Sociedade Cooperativa de Cr\u00e9dito e Consumo dos Ferrovi\u00e1rios e Adherentes (SCAFA)<\/strong> est\u00e1 intimamente ligada a um epis\u00f3dio curioso que deu origem a uma das can\u00e7\u00f5es mais populares da m\u00fasica portuguesa: <strong>\u201cA Mula da Cooperativa\u201d<\/strong>, imortalizada pelo cantor madeirense Max.<\/p>\n<p>A revela\u00e7\u00e3o foi feita pela professora e historiadora <strong>Manuela Poitout<\/strong>, durante a palestra que apresentou no <strong>112.\u00ba anivers\u00e1rio da SCAFA<\/strong>, perante uma sala cheia. A investigadora explicou como a can\u00e7\u00e3o nasceu de um pequeno \u201cacidente\u201d financeiro ocorrido nas primeiras d\u00e9cadas da Cooperativa, quando o tesoureiro foi alvo de cr\u00edticas p\u00fablicas por irregularidades na gaveta onde se guardava o apuro do dia. O epis\u00f3dio rapidamente se transformou em s\u00e1tira popular, atrav\u00e9s de um estribilho que circulava no Entroncamento e que dizia: <em>\u201cA mula da cooperativa \/ deu um coice no telhado\u2026\u201d<\/em>.<\/p>\n<p>Nos anos 1950, durante as <strong>Festas de Caridade<\/strong> realizadas na Cooperativa, Max foi convidado a participar num conv\u00edvio privado. Foi a\u00ed que ouviu a vers\u00e3o original da cantilena, que se tornara uma esp\u00e9cie de hino local. Mais tarde, levou-a para os palcos nacionais, adaptando a letra e tornando-a um sucesso radiof\u00f3nico.<\/p>\n<p>A liga\u00e7\u00e3o entre Max e a Cooperativa foi confirmada por testemunhos de Manuel Medinas e Henrique Barral, que recordaram como o cantor conheceu a hist\u00f3ria e a transformou em m\u00fasica. D\u00e9cadas depois, a TSF recuperou o tema na reportagem <strong>\u201cA Cidade do Ba\u00fa\u201d<\/strong>, evocando a letra primitiva e a sua origem ferrovi\u00e1ria. Em 2020, a revista <strong>Blitz<\/strong> incluiu \u201cA Mula da Cooperativa\u201d na lista das <strong>101 can\u00e7\u00f5es que marcaram Portugal<\/strong>, ocupando o 29.\u00ba lugar.<\/p>\n<p>Mais do que uma simples can\u00e7\u00e3o, \u201cA Mula da Cooperativa\u201d tornou-se s\u00edmbolo da mem\u00f3ria coletiva do Entroncamento, refletindo o esp\u00edrito popular e a identidade cultural que a SCAFA ajudou a construir ao longo de mais de um s\u00e9culo.<\/p>\n<div class=\"fb-background-color\">\n\t\t\t  <div \n\t\t\t  \tclass = \"fb-comments\" \n\t\t\t  \tdata-href = \"https:\/\/www.entroncamentoonline.pt\/portal\/a-mula-da-cooperativa-a-cancao-que-nasceu-no-entroncamento-e-se-tornou-icone-nacional\/\"\n\t\t\t  \tdata-numposts = \"10\"\n\t\t\t  \tdata-lazy = \"true\"\n\t\t\t\tdata-colorscheme = \"light\"\n\t\t\t\tdata-order-by = \"social\"\n\t\t\t\tdata-mobile=true>\n\t\t\t  <\/div><\/div>\n\t\t  <style>\n\t\t    .fb-background-color {\n\t\t\t\tbackground:  !important;\n\t\t\t}\n\t\t\t.fb_iframe_widget_fluid_desktop iframe {\n\t\t\t    width: 100% !important;\n\t\t\t}\n\t\t  <\/style>\n\t\t  ","protected":false},"excerpt":{"rendered":"<p>A hist\u00f3ria da Sociedade Cooperativa de Cr\u00e9dito e Consumo dos Ferrovi\u00e1rios e Adherentes (SCAFA) est\u00e1 intimamente ligada a um epis\u00f3dio curioso que deu origem a uma das can\u00e7\u00f5es mais populares da m\u00fasica portuguesa: \u201cA Mula da Cooperativa\u201d, imortalizada pelo cantor madeirense Max. A revela\u00e7\u00e3o foi feita pela professora e historiadora Manuela Poitout, durante a palestra [&hellip;]<\/p>\n","protected":false},"author":43,"featured_media":70833,"comment_status":"open","ping_status":"closed","sticky":false,"template":"","format":"standard","meta":{"_acf_changed":false,"footnotes":""},"categories":[56,54,26,32],"tags":[],"class_list":{"0":"post-70832","1":"post","2":"type-post","3":"status-publish","4":"format-standard","5":"has-post-thumbnail","7":"category-1apagina","8":"category-cultura","9":"category-entroncamento","10":"category-noticias"},"acf":[],"_links":{"self":[{"href":"https:\/\/www.entroncamentoonline.pt\/portal\/wp-json\/wp\/v2\/posts\/70832","targetHints":{"allow":["GET"]}}],"collection":[{"href":"https:\/\/www.entroncamentoonline.pt\/portal\/wp-json\/wp\/v2\/posts"}],"about":[{"href":"https:\/\/www.entroncamentoonline.pt\/portal\/wp-json\/wp\/v2\/types\/post"}],"author":[{"embeddable":true,"href":"https:\/\/www.entroncamentoonline.pt\/portal\/wp-json\/wp\/v2\/users\/43"}],"replies":[{"embeddable":true,"href":"https:\/\/www.entroncamentoonline.pt\/portal\/wp-json\/wp\/v2\/comments?post=70832"}],"version-history":[{"count":0,"href":"https:\/\/www.entroncamentoonline.pt\/portal\/wp-json\/wp\/v2\/posts\/70832\/revisions"}],"wp:featuredmedia":[{"embeddable":true,"href":"https:\/\/www.entroncamentoonline.pt\/portal\/wp-json\/wp\/v2\/media\/70833"}],"wp:attachment":[{"href":"https:\/\/www.entroncamentoonline.pt\/portal\/wp-json\/wp\/v2\/media?parent=70832"}],"wp:term":[{"taxonomy":"category","embeddable":true,"href":"https:\/\/www.entroncamentoonline.pt\/portal\/wp-json\/wp\/v2\/categories?post=70832"},{"taxonomy":"post_tag","embeddable":true,"href":"https:\/\/www.entroncamentoonline.pt\/portal\/wp-json\/wp\/v2\/tags?post=70832"}],"curies":[{"name":"wp","href":"https:\/\/api.w.org\/{rel}","templated":true}]}}