{"id":70726,"date":"2025-11-13T12:30:19","date_gmt":"2025-11-13T12:30:19","guid":{"rendered":"https:\/\/www.entroncamentoonline.pt\/portal\/?p=70726"},"modified":"2025-11-13T10:04:47","modified_gmt":"2025-11-13T10:04:47","slug":"roberto-ladeiras-e-emilia-pisoeiro-vencem-a-8a-meia-maratona-de-abrantes","status":"publish","type":"post","link":"https:\/\/www.entroncamentoonline.pt\/portal\/roberto-ladeiras-e-emilia-pisoeiro-vencem-a-8a-meia-maratona-de-abrantes\/","title":{"rendered":"Roberto Ladeiras e Em\u00edlia Pisoeiro vencem a 8\u00aa Meia Maratona de Abrantes \u00a0"},"content":{"rendered":"<p align=\"left\"><span style=\"font-family: Arial, sans-serif;\"><span style=\"font-size: medium;\"><b>Roberto Ladeiras<\/b> (GFD Running) foi o vencedor isolado da 8\u00aa edi\u00e7\u00e3o da Meia Maratona de Abrantes, disputada no dia 9 de novembro. O atleta de alta competi\u00e7\u00e3o que faz parte da elite mundial militar de meias maratonas concluiu a dist\u00e2ncia dos 21.097,60 metros no tempo de 1h06m29s, superiorizando-se a <b>Ricardo Fonseca<\/b>, do Thomar Athletics, que detinha o t\u00edtulo de vencedor da prova desde 2023. O 3\u00ba a cortar a meta foi <b>Cl\u00e1udio Pica<\/b>, atleta do Clube Desportivo Areias S. Jo\u00e3o, Albufeira.<\/span><\/span><\/p>\n<p align=\"left\"><span style=\"font-family: Arial, sans-serif;\"><span style=\"font-size: medium;\">No sector feminino, <b>Em\u00edlia Pisoeiro<\/b> (individual), de Leiria, repetiu a vit\u00f3ria da edi\u00e7\u00e3o anterior, desta feita com a marca de 1h19m01s, \u00e0 frente de <b>Alexandra Oliveira<\/b> (Club Sport Mar\u00edtimo) e de\u00a0\ud835\udc01\ud835\udc1e\ud835\udc27\ud835\udc2f\ud835\udc22\ud835\udc27\ud835\udc1d\ud835\udc1a \ud835\udc12\ud835\udc1a\ud835\udc27\ud835\udc2d\ud835\udc28\ud835\udc2c (individual).<\/span><\/span><\/p>\n<p align=\"left\"><img loading=\"lazy\" decoding=\"async\" class=\"alignnone size-medium wp-image-70727\" src=\"https:\/\/www.entroncamentoonline.pt\/portal\/wp-content\/uploads\/2025\/11\/Emilia-Pisoeiro_Vencedora-Meia-Maratona_2025-800x487.jpg\" alt=\"\" width=\"800\" height=\"487\" srcset=\"https:\/\/www.entroncamentoonline.pt\/portal\/wp-content\/uploads\/2025\/11\/Emilia-Pisoeiro_Vencedora-Meia-Maratona_2025-800x487.jpg 800w, https:\/\/www.entroncamentoonline.pt\/portal\/wp-content\/uploads\/2025\/11\/Emilia-Pisoeiro_Vencedora-Meia-Maratona_2025-768x467.jpg 768w, https:\/\/www.entroncamentoonline.pt\/portal\/wp-content\/uploads\/2025\/11\/Emilia-Pisoeiro_Vencedora-Meia-Maratona_2025-696x424.jpg 696w, https:\/\/www.entroncamentoonline.pt\/portal\/wp-content\/uploads\/2025\/11\/Emilia-Pisoeiro_Vencedora-Meia-Maratona_2025-1068x650.jpg 1068w, https:\/\/www.entroncamentoonline.pt\/portal\/wp-content\/uploads\/2025\/11\/Emilia-Pisoeiro_Vencedora-Meia-Maratona_2025-690x420.jpg 690w, https:\/\/www.entroncamentoonline.pt\/portal\/wp-content\/uploads\/2025\/11\/Emilia-Pisoeiro_Vencedora-Meia-Maratona_2025.jpg 1518w\" sizes=\"auto, (max-width: 800px) 100vw, 800px\" \/><\/p>\n<p align=\"left\"><span style=\"font-family: Arial, sans-serif;\"><span style=\"font-size: medium;\">Na <b>Mini Maratona<\/b>, o vencedor foi <b>Ricardo Justo<\/b>, da Casa do Benfica em Abrantes, que fez 10km no tempo de 38m20s. O 2\u00ba atleta a cortar a meta foi <b>Manuel Fonseca<\/b> (MF Grupo), de Vila Nova da Barquinha. A completar o p\u00f3dio regista-se o 3\u00ba lugar para <b>Ricardo Antunes<\/b>, do Sardoal, atleta da equipa GruPito_TheDogPack.<\/span><\/span><\/p>\n<p align=\"left\"><span style=\"font-family: Arial, sans-serif;\"><span style=\"font-size: medium;\">Em femininos triunfou a abrantina <b>Telma Azevedo<\/b>, da equipa \u201cBrigada das 6h30m\u201d, com o tempo de 49m37s. A 2\u00aa foi <b>Irina Pinto<\/b>, da equipa\u201d Pedrog\u00e3o Triatlo\u201d e a 3\u00aa com melhor tempo foi <b>Catarina Duarte<\/b>, de \u00c9vora, pertencente \u00e0 equipa \u201cClube Raquel Caba\u00e7o\u201d.<\/span><\/span><\/p>\n<p align=\"left\"><span style=\"font-family: Arial, sans-serif;\"><span style=\"font-size: medium;\">Certificado pela Federa\u00e7\u00e3o Portuguesa de Atletismo, o evento desportivo contou com cerca de 300 participantes, com representantes de oito nacionalidades, distribu\u00eddos por v\u00e1rios escal\u00f5es et\u00e1rios. As provas tiveram partida e chegada junto ao Tecnopolo do Vale do Tejo, com percurso nas zonas urbana e rural da freguesia de Abrantes e Alferrarede.<\/span><\/span><\/p>\n<p align=\"left\"><span style=\"font-family: Arial, sans-serif;\"><span style=\"font-size: medium;\">O evento incluiu ainda uma Prova Jovem e uma Caminhada de 8 Km com 170 participantes.<\/span><\/span><\/p>\n<p align=\"left\"><span style=\"font-family: Arial, sans-serif;\"><span style=\"font-size: medium;\">A competi\u00e7\u00e3o foi organizada pelo Munic\u00edpio de Abrantes e pela Casa do Benfica em Abrantes, tendo contado com a colabora\u00e7\u00e3o da Junta de Freguesia de Abrantes e Alferrarede, da Pol\u00edcia de Seguran\u00e7a P\u00fablica e da Associa\u00e7\u00e3o Humanit\u00e1ria de Bombeiros Volunt\u00e1rios de Abrantes. Recebeu o estatuto de Ecoevento, atribu\u00eddo pela Valnor &#8211; Valoriza\u00e7\u00e3o e Tratamento de Res\u00edduos S\u00f3lidos S.A.<\/span><\/span><\/p>\n<p align=\"left\"><span style=\"font-family: Arial, sans-serif;\"><span style=\"font-size: medium;\">A <b>9\u00aa edi\u00e7\u00e3o<\/b> da Mini Meia Maratona de Abrantes est\u00e1 marcada para o dia <b>8 de novembro de 2026<\/b>.<\/span><\/span><\/p>\n<div class=\"fb-background-color\">\n\t\t\t  <div \n\t\t\t  \tclass = \"fb-comments\" \n\t\t\t  \tdata-href = \"https:\/\/www.entroncamentoonline.pt\/portal\/roberto-ladeiras-e-emilia-pisoeiro-vencem-a-8a-meia-maratona-de-abrantes\/\"\n\t\t\t  \tdata-numposts = \"10\"\n\t\t\t  \tdata-lazy = \"true\"\n\t\t\t\tdata-colorscheme = \"light\"\n\t\t\t\tdata-order-by = \"social\"\n\t\t\t\tdata-mobile=true>\n\t\t\t  <\/div><\/div>\n\t\t  <style>\n\t\t    .fb-background-color {\n\t\t\t\tbackground:  !important;\n\t\t\t}\n\t\t\t.fb_iframe_widget_fluid_desktop iframe {\n\t\t\t    width: 100% !important;\n\t\t\t}\n\t\t  <\/style>\n\t\t  ","protected":false},"excerpt":{"rendered":"<p>Roberto Ladeiras (GFD Running) foi o vencedor isolado da 8\u00aa edi\u00e7\u00e3o da Meia Maratona de Abrantes, disputada no dia 9 de novembro. O atleta de alta competi\u00e7\u00e3o que faz parte da elite mundial militar de meias maratonas concluiu a dist\u00e2ncia dos 21.097,60 metros no tempo de 1h06m29s, superiorizando-se a Ricardo Fonseca, do Thomar Athletics, que [&hellip;]<\/p>\n","protected":false},"author":43,"featured_media":70728,"comment_status":"open","ping_status":"closed","sticky":false,"template":"","format":"standard","meta":{"_acf_changed":false,"footnotes":""},"categories":[56,29,25,32],"tags":[],"class_list":{"0":"post-70726","1":"post","2":"type-post","3":"status-publish","4":"format-standard","5":"has-post-thumbnail","7":"category-1apagina","8":"category-abrantes","9":"category-desporto","10":"category-noticias"},"acf":[],"_links":{"self":[{"href":"https:\/\/www.entroncamentoonline.pt\/portal\/wp-json\/wp\/v2\/posts\/70726","targetHints":{"allow":["GET"]}}],"collection":[{"href":"https:\/\/www.entroncamentoonline.pt\/portal\/wp-json\/wp\/v2\/posts"}],"about":[{"href":"https:\/\/www.entroncamentoonline.pt\/portal\/wp-json\/wp\/v2\/types\/post"}],"author":[{"embeddable":true,"href":"https:\/\/www.entroncamentoonline.pt\/portal\/wp-json\/wp\/v2\/users\/43"}],"replies":[{"embeddable":true,"href":"https:\/\/www.entroncamentoonline.pt\/portal\/wp-json\/wp\/v2\/comments?post=70726"}],"version-history":[{"count":0,"href":"https:\/\/www.entroncamentoonline.pt\/portal\/wp-json\/wp\/v2\/posts\/70726\/revisions"}],"wp:featuredmedia":[{"embeddable":true,"href":"https:\/\/www.entroncamentoonline.pt\/portal\/wp-json\/wp\/v2\/media\/70728"}],"wp:attachment":[{"href":"https:\/\/www.entroncamentoonline.pt\/portal\/wp-json\/wp\/v2\/media?parent=70726"}],"wp:term":[{"taxonomy":"category","embeddable":true,"href":"https:\/\/www.entroncamentoonline.pt\/portal\/wp-json\/wp\/v2\/categories?post=70726"},{"taxonomy":"post_tag","embeddable":true,"href":"https:\/\/www.entroncamentoonline.pt\/portal\/wp-json\/wp\/v2\/tags?post=70726"}],"curies":[{"name":"wp","href":"https:\/\/api.w.org\/{rel}","templated":true}]}}