{"id":70531,"date":"2025-11-04T12:30:57","date_gmt":"2025-11-04T12:30:57","guid":{"rendered":"https:\/\/www.entroncamentoonline.pt\/portal\/?p=70531"},"modified":"2025-11-04T10:34:28","modified_gmt":"2025-11-04T10:34:28","slug":"nersant-continua-a-apresentar-projeto-para-transformacao-digital-das-empresas-do-ribatejo","status":"publish","type":"post","link":"https:\/\/www.entroncamentoonline.pt\/portal\/nersant-continua-a-apresentar-projeto-para-transformacao-digital-das-empresas-do-ribatejo\/","title":{"rendered":"NERSANT continua a apresentar projeto para transforma\u00e7\u00e3o digital das empresas do Ribatejo"},"content":{"rendered":"<p><span style=\"color: #000000;\"><span style=\"font-family: Arial, sans-serif;\"><span style=\"font-size: medium;\">Depois de Abrantes e Torres Novas, a NERSANT &#8211; Associa\u00e7\u00e3o Empresarial da Regi\u00e3o de Santar\u00e9m \/ C\u00e2mara de Com\u00e9rcio e Ind\u00fastria vai continuar a apresentar o projeto L\u00edder+Digital, que visa apoiar as empresas da regi\u00e3o na transforma\u00e7\u00e3o digital sem custos para os participantes.<\/span><\/span><\/span><\/p>\n<p><span style=\"color: #000000;\"><span style=\"font-family: Arial, sans-serif;\"><span style=\"font-size: medium;\">O ciclo de sess\u00f5es de esclarecimento, iniciado a 28 de outubro, tem como objetivo divulgar este programa de apoio \u00e0 lideran\u00e7a e \u00e0 capacita\u00e7\u00e3o digital dos gestores, dirigentes e quadros t\u00e9cnicos das organiza\u00e7\u00f5es. As pr\u00f3ximas a\u00e7\u00f5es v\u00e3o decorrer em Our\u00e9m (4 de novembro), Santar\u00e9m (11 de novembro), Benavente (13 de novembro) e Rio Maior (18 de novembro).<\/span><\/span><\/span><\/p>\n<p><span style=\"color: #000000;\"><span style=\"font-family: Arial, sans-serif;\"><span style=\"font-size: medium;\">Sob o mote \u201cTransforma\u00e7\u00e3o digital: a melhor oportunidade para refor\u00e7ar a competitividade da sua empresa!\u201d, a NERSANT desafia as empresas do Ribatejo a aderirem a esta medida financiada pelo PRR &#8211; Plano de Recupera\u00e7\u00e3o e Resili\u00eancia, no \u00e2mbito do investimento Empresas 4.0: Capacita\u00e7\u00e3o Digital das Empresas \u2013 Medida 02 \u201cEmprego+Digital 2025\u201d.<\/span><\/span><\/span><\/p>\n<p><span style=\"color: #000000;\">\u201c<span style=\"font-family: Arial, sans-serif;\"><span style=\"font-size: medium;\">Um bom l\u00edder motiva e atualiza-se, porque dominar a transforma\u00e7\u00e3o digital \u00e9 garantir o sucesso das empresas\u201d \u00e9 a mensagem que a NERSANT tem vindo a partilhar junto dos empres\u00e1rios da regi\u00e3o, refor\u00e7ando a import\u00e2ncia de preparar as equipas para os desafios tecnol\u00f3gicos e competitivos da atualidade.<\/span><\/span><\/span><\/p>\n<p><span style=\"color: #000000;\"><span style=\"font-family: Arial, sans-serif;\"><span style=\"font-size: medium;\">As sess\u00f5es destinam-se a gestores, dirigentes de empresas, associa\u00e7\u00f5es empresariais, entidades da economia social e quadros t\u00e9cnicos superiores com potencial de lideran\u00e7a, e servir\u00e3o para apresentar o programa e os seus benef\u00edcios.<\/span><\/span><\/span><\/p>\n<p><span style=\"color: #000000;\"><span style=\"font-family: Arial, sans-serif;\"><span style=\"font-size: medium;\">O L\u00edder+Digital \u00e9 promovido pela NERSANT em parceria com o Instituto Polit\u00e9cnico de Tomar (IPT), o ISLA Santar\u00e9m &#8211; Instituto Polit\u00e9cnico e o Instituto Polit\u00e9cnico de Santar\u00e9m (IPS), entidades formadoras respons\u00e1veis pela capacita\u00e7\u00e3o dos participantes.<\/span><\/span><\/span><\/p>\n<p><span style=\"color: #000000;\"><span style=\"font-family: Arial, sans-serif;\"><span style=\"font-size: medium;\">At\u00e9 ao momento, o programa j\u00e1 realizou 7 a\u00e7\u00f5es de capacita\u00e7\u00e3o, envolvendo 80 formandos de 65 empresas da regi\u00e3o, n\u00fameros que refletem a crescente ades\u00e3o das empresas ribatejanas ao processo de digitaliza\u00e7\u00e3o.<\/span><\/span><\/span><\/p>\n<p><span style=\"color: #000000;\"><span style=\"font-family: Arial, sans-serif;\"><span style=\"font-size: medium;\">A participa\u00e7\u00e3o nas sess\u00f5es de esclarecimento \u00e9 gratuita, mediante inscri\u00e7\u00e3o pr\u00e9via no portal da NERSANT em <a href=\"https:\/\/nersant.pt\/agenda\/\">https:\/\/nersant.pt\/agenda\/<\/a>. Para manifestar interesse em participar neste projeto formativo, os interessados podem faz\u00ea-lo em <a href=\"https:\/\/nersant.pt\/academia\/lider-digital\/\">https:\/\/nersant.pt\/academia\/lider-digital\/<\/a>, ou atrav\u00e9s da Dire\u00e7\u00e3o de Forma\u00e7\u00e3o e Qualifica\u00e7\u00e3o da NERSANT, junto dos contactos <a href=\"mailto:dfq@nersant.pt\">dfq@nersant.pt<\/a> ou 249\u00a0839\u00a0505 (chamada para a rede fixa nacional).<\/span><\/span><\/span><\/p>\n<div class=\"fb-background-color\">\n\t\t\t  <div \n\t\t\t  \tclass = \"fb-comments\" \n\t\t\t  \tdata-href = \"https:\/\/www.entroncamentoonline.pt\/portal\/nersant-continua-a-apresentar-projeto-para-transformacao-digital-das-empresas-do-ribatejo\/\"\n\t\t\t  \tdata-numposts = \"10\"\n\t\t\t  \tdata-lazy = \"true\"\n\t\t\t\tdata-colorscheme = \"light\"\n\t\t\t\tdata-order-by = \"social\"\n\t\t\t\tdata-mobile=true>\n\t\t\t  <\/div><\/div>\n\t\t  <style>\n\t\t    .fb-background-color {\n\t\t\t\tbackground:  !important;\n\t\t\t}\n\t\t\t.fb_iframe_widget_fluid_desktop iframe {\n\t\t\t    width: 100% !important;\n\t\t\t}\n\t\t  <\/style>\n\t\t  ","protected":false},"excerpt":{"rendered":"<p>Depois de Abrantes e Torres Novas, a NERSANT &#8211; Associa\u00e7\u00e3o Empresarial da Regi\u00e3o de Santar\u00e9m \/ C\u00e2mara de Com\u00e9rcio e Ind\u00fastria vai continuar a apresentar o projeto L\u00edder+Digital, que visa apoiar as empresas da regi\u00e3o na transforma\u00e7\u00e3o digital sem custos para os participantes. O ciclo de sess\u00f5es de esclarecimento, iniciado a 28 de outubro, tem [&hellip;]<\/p>\n","protected":false},"author":43,"featured_media":70533,"comment_status":"open","ping_status":"closed","sticky":false,"template":"","format":"standard","meta":{"_acf_changed":false,"footnotes":""},"categories":[1],"tags":[],"class_list":{"0":"post-70531","1":"post","2":"type-post","3":"status-publish","4":"format-standard","5":"has-post-thumbnail","7":"category-sem-categoria"},"acf":[],"_links":{"self":[{"href":"https:\/\/www.entroncamentoonline.pt\/portal\/wp-json\/wp\/v2\/posts\/70531","targetHints":{"allow":["GET"]}}],"collection":[{"href":"https:\/\/www.entroncamentoonline.pt\/portal\/wp-json\/wp\/v2\/posts"}],"about":[{"href":"https:\/\/www.entroncamentoonline.pt\/portal\/wp-json\/wp\/v2\/types\/post"}],"author":[{"embeddable":true,"href":"https:\/\/www.entroncamentoonline.pt\/portal\/wp-json\/wp\/v2\/users\/43"}],"replies":[{"embeddable":true,"href":"https:\/\/www.entroncamentoonline.pt\/portal\/wp-json\/wp\/v2\/comments?post=70531"}],"version-history":[{"count":0,"href":"https:\/\/www.entroncamentoonline.pt\/portal\/wp-json\/wp\/v2\/posts\/70531\/revisions"}],"wp:featuredmedia":[{"embeddable":true,"href":"https:\/\/www.entroncamentoonline.pt\/portal\/wp-json\/wp\/v2\/media\/70533"}],"wp:attachment":[{"href":"https:\/\/www.entroncamentoonline.pt\/portal\/wp-json\/wp\/v2\/media?parent=70531"}],"wp:term":[{"taxonomy":"category","embeddable":true,"href":"https:\/\/www.entroncamentoonline.pt\/portal\/wp-json\/wp\/v2\/categories?post=70531"},{"taxonomy":"post_tag","embeddable":true,"href":"https:\/\/www.entroncamentoonline.pt\/portal\/wp-json\/wp\/v2\/tags?post=70531"}],"curies":[{"name":"wp","href":"https:\/\/api.w.org\/{rel}","templated":true}]}}