{"id":70469,"date":"2025-11-03T10:09:12","date_gmt":"2025-11-03T10:09:12","guid":{"rendered":"https:\/\/www.entroncamentoonline.pt\/portal\/?p=70469"},"modified":"2025-11-03T10:09:12","modified_gmt":"2025-11-03T10:09:12","slug":"necrologia-pedro-miguel-castro-marques-padre-pedro-marques-praia-do-ribatejo","status":"publish","type":"post","link":"https:\/\/www.entroncamentoonline.pt\/portal\/necrologia-pedro-miguel-castro-marques-padre-pedro-marques-praia-do-ribatejo\/","title":{"rendered":"Necrologia: Pedro Miguel Castro Marques (Padre Pedro Marques) \u2013 Praia do Ribatejo"},"content":{"rendered":"<p><span style=\"font-family: Arial, sans-serif;\"><span style=\"font-size: medium;\">Faleceu Pedro Miguel Castro Marques, de 57 anos, que residia na Rua Comendador Manuel Vieira Cruz &#8211; Praia do Ribatejo.<\/span><\/span><\/p>\n<p><span style=\"font-family: Arial, sans-serif;\"><span style=\"font-size: medium;\">Seu pai: Francisco Pereira Marques, seus irm\u00e3os e restante fam\u00edlia, comunicam que o<br \/>\nseu vel\u00f3rio ser\u00e1 realizado dia 02 de novembro de 2025, a partir das 15:00 horas, na<br \/>\nIgreja Matriz de Praia do Ribatejo, onde ser\u00e1 celebrada uma missa pelas 19:00 horas.<\/span><\/span><\/p>\n<p><span style=\"font-family: Arial, sans-serif;\"><span style=\"font-size: medium;\">O seu funeral realizar-se-\u00e1 no dia 03 de novembro de 2025 (segunda-feira), pelas 10:00<br \/>\nhoras, na Igreja Matriz de Praia do Ribatejo, onde ser\u00e1 realizada missa de corpo<br \/>\npresente, seguindo para o cemit\u00e9rio de Praia do Ribatejo.\u00a0<\/span><\/span><\/p>\n<p><em><span style=\"font-family: Arial, sans-serif;\"><span style=\"font-size: medium;\">Ag\u00eancia Funer\u00e1ria Rainho<\/span><\/span><\/em><\/p>\n<div class=\"fb-background-color\">\n\t\t\t  <div \n\t\t\t  \tclass = \"fb-comments\" \n\t\t\t  \tdata-href = \"https:\/\/www.entroncamentoonline.pt\/portal\/necrologia-pedro-miguel-castro-marques-padre-pedro-marques-praia-do-ribatejo\/\"\n\t\t\t  \tdata-numposts = \"10\"\n\t\t\t  \tdata-lazy = \"true\"\n\t\t\t\tdata-colorscheme = \"light\"\n\t\t\t\tdata-order-by = \"social\"\n\t\t\t\tdata-mobile=true>\n\t\t\t  <\/div><\/div>\n\t\t  <style>\n\t\t    .fb-background-color {\n\t\t\t\tbackground:  !important;\n\t\t\t}\n\t\t\t.fb_iframe_widget_fluid_desktop iframe {\n\t\t\t    width: 100% !important;\n\t\t\t}\n\t\t  <\/style>\n\t\t  ","protected":false},"excerpt":{"rendered":"<p>Faleceu Pedro Miguel Castro Marques, de 57 anos, que residia na Rua Comendador Manuel Vieira Cruz &#8211; Praia do Ribatejo. Seu pai: Francisco Pereira Marques, seus irm\u00e3os e restante fam\u00edlia, comunicam que o seu vel\u00f3rio ser\u00e1 realizado dia 02 de novembro de 2025, a partir das 15:00 horas, na Igreja Matriz de Praia do Ribatejo, [&hellip;]<\/p>\n","protected":false},"author":43,"featured_media":70470,"comment_status":"open","ping_status":"closed","sticky":false,"template":"","format":"standard","meta":{"_acf_changed":false,"footnotes":""},"categories":[41],"tags":[],"class_list":{"0":"post-70469","1":"post","2":"type-post","3":"status-publish","4":"format-standard","5":"has-post-thumbnail","7":"category-necrologia"},"acf":[],"_links":{"self":[{"href":"https:\/\/www.entroncamentoonline.pt\/portal\/wp-json\/wp\/v2\/posts\/70469","targetHints":{"allow":["GET"]}}],"collection":[{"href":"https:\/\/www.entroncamentoonline.pt\/portal\/wp-json\/wp\/v2\/posts"}],"about":[{"href":"https:\/\/www.entroncamentoonline.pt\/portal\/wp-json\/wp\/v2\/types\/post"}],"author":[{"embeddable":true,"href":"https:\/\/www.entroncamentoonline.pt\/portal\/wp-json\/wp\/v2\/users\/43"}],"replies":[{"embeddable":true,"href":"https:\/\/www.entroncamentoonline.pt\/portal\/wp-json\/wp\/v2\/comments?post=70469"}],"version-history":[{"count":0,"href":"https:\/\/www.entroncamentoonline.pt\/portal\/wp-json\/wp\/v2\/posts\/70469\/revisions"}],"wp:featuredmedia":[{"embeddable":true,"href":"https:\/\/www.entroncamentoonline.pt\/portal\/wp-json\/wp\/v2\/media\/70470"}],"wp:attachment":[{"href":"https:\/\/www.entroncamentoonline.pt\/portal\/wp-json\/wp\/v2\/media?parent=70469"}],"wp:term":[{"taxonomy":"category","embeddable":true,"href":"https:\/\/www.entroncamentoonline.pt\/portal\/wp-json\/wp\/v2\/categories?post=70469"},{"taxonomy":"post_tag","embeddable":true,"href":"https:\/\/www.entroncamentoonline.pt\/portal\/wp-json\/wp\/v2\/tags?post=70469"}],"curies":[{"name":"wp","href":"https:\/\/api.w.org\/{rel}","templated":true}]}}