{"id":7038,"date":"2019-05-21T10:58:27","date_gmt":"2019-05-21T09:58:27","guid":{"rendered":"https:\/\/www.entroncamentoonline.pt\/portal\/?p=7038"},"modified":"2019-05-21T10:58:27","modified_gmt":"2019-05-21T09:58:27","slug":"ana-guita-do-clac-consagra-se-bi-campea-nacional-de-verao-de-desporto-adaptado","status":"publish","type":"post","link":"https:\/\/www.entroncamentoonline.pt\/portal\/ana-guita-do-clac-consagra-se-bi-campea-nacional-de-verao-de-desporto-adaptado\/","title":{"rendered":"Ana Guita do CLAC\u00a0consagra-se Bi Campe\u00e3 Nacional\u00a0de Ver\u00e3o de Desporto Adaptado"},"content":{"rendered":"<p>Realizou-se no passado s\u00e1bado, 18 de maio de 2019, na pista de Atletismo do Est\u00e1dio do Fontelo em Viseu, o Campeonato Nacional de Pista de Ar Livre da ANDDI (Associa\u00e7\u00e3o Nacional de Desporto para o Desenvolvimento Intelectual), numa coorganiza\u00e7\u00e3o da Associa\u00e7\u00e3o de Atletismo de Viseu.<\/p>\n<p><img loading=\"lazy\" decoding=\"async\" class=\"wp-image-7040 alignright\" src=\"https:\/\/www.entroncamentoonline.pt\/portal\/wp-content\/uploads\/2019\/05\/received_2183272651792015.jpeg\" alt=\"\" width=\"440\" height=\"293\" \/>A Sec\u00e7\u00e3o de Atletismo do Clube de Lazer, Aventura e Competi\u00e7\u00e3o (<strong>CLAC-Entroncamento<\/strong>) participou nesta competi\u00e7\u00e3o com a sua atleta \u201cespecial\u201d <strong>Ana Guita<\/strong>, de 23 anos de idade, nas provas de 100 metros e Salto em Comprimento para a categoria de atletas com S\u00edndrome de Down.<\/p>\n<p>Esta atleta do CLAC que ia com muitas expetativas para esta competi\u00e7\u00e3o, mas tamb\u00e9m com muitos receios, visto que nos Campeonatos Nacionais de Inverno em Pista Coberta, teve um percal\u00e7o. Logo no in\u00edcio da jornada, sofreu uma queda, que a deixou com uma les\u00e3o no p\u00e9, n\u00e3o lhe permitindo chegar onde queria. Mas desta vez, tudo lhe correu bem e a <strong>Ana<\/strong> <strong>Guita <\/strong>obteve um excelente 1\u00ba lugar no Salto em Comprimento e nos 100m planos, consagrando-se Campe\u00e3 Nacional em ambas as disciplinas.<\/p>\n<p>&nbsp;<\/p>\n<div class=\"fb-background-color\">\n\t\t\t  <div \n\t\t\t  \tclass = \"fb-comments\" \n\t\t\t  \tdata-href = \"https:\/\/www.entroncamentoonline.pt\/portal\/ana-guita-do-clac-consagra-se-bi-campea-nacional-de-verao-de-desporto-adaptado\/\"\n\t\t\t  \tdata-numposts = \"10\"\n\t\t\t  \tdata-lazy = \"true\"\n\t\t\t\tdata-colorscheme = \"light\"\n\t\t\t\tdata-order-by = \"social\"\n\t\t\t\tdata-mobile=true>\n\t\t\t  <\/div><\/div>\n\t\t  <style>\n\t\t    .fb-background-color {\n\t\t\t\tbackground:  !important;\n\t\t\t}\n\t\t\t.fb_iframe_widget_fluid_desktop iframe {\n\t\t\t    width: 100% !important;\n\t\t\t}\n\t\t  <\/style>\n\t\t  ","protected":false},"excerpt":{"rendered":"<p>Realizou-se no passado s\u00e1bado, 18 de maio de 2019, na pista de Atletismo do Est\u00e1dio do Fontelo em Viseu, o Campeonato Nacional de Pista de Ar Livre da ANDDI (Associa\u00e7\u00e3o Nacional de Desporto para o Desenvolvimento Intelectual), numa coorganiza\u00e7\u00e3o da Associa\u00e7\u00e3o de Atletismo de Viseu. A Sec\u00e7\u00e3o de Atletismo do Clube de Lazer, Aventura e [&hellip;]<\/p>\n","protected":false},"author":1,"featured_media":7039,"comment_status":"open","ping_status":"closed","sticky":false,"template":"","format":"standard","meta":{"_acf_changed":false,"footnotes":""},"categories":[25,26,32],"tags":[],"class_list":{"0":"post-7038","1":"post","2":"type-post","3":"status-publish","4":"format-standard","5":"has-post-thumbnail","7":"category-desporto","8":"category-entroncamento","9":"category-noticias"},"acf":[],"_links":{"self":[{"href":"https:\/\/www.entroncamentoonline.pt\/portal\/wp-json\/wp\/v2\/posts\/7038","targetHints":{"allow":["GET"]}}],"collection":[{"href":"https:\/\/www.entroncamentoonline.pt\/portal\/wp-json\/wp\/v2\/posts"}],"about":[{"href":"https:\/\/www.entroncamentoonline.pt\/portal\/wp-json\/wp\/v2\/types\/post"}],"author":[{"embeddable":true,"href":"https:\/\/www.entroncamentoonline.pt\/portal\/wp-json\/wp\/v2\/users\/1"}],"replies":[{"embeddable":true,"href":"https:\/\/www.entroncamentoonline.pt\/portal\/wp-json\/wp\/v2\/comments?post=7038"}],"version-history":[{"count":0,"href":"https:\/\/www.entroncamentoonline.pt\/portal\/wp-json\/wp\/v2\/posts\/7038\/revisions"}],"wp:featuredmedia":[{"embeddable":true,"href":"https:\/\/www.entroncamentoonline.pt\/portal\/wp-json\/wp\/v2\/media\/7039"}],"wp:attachment":[{"href":"https:\/\/www.entroncamentoonline.pt\/portal\/wp-json\/wp\/v2\/media?parent=7038"}],"wp:term":[{"taxonomy":"category","embeddable":true,"href":"https:\/\/www.entroncamentoonline.pt\/portal\/wp-json\/wp\/v2\/categories?post=7038"},{"taxonomy":"post_tag","embeddable":true,"href":"https:\/\/www.entroncamentoonline.pt\/portal\/wp-json\/wp\/v2\/tags?post=7038"}],"curies":[{"name":"wp","href":"https:\/\/api.w.org\/{rel}","templated":true}]}}