{"id":70274,"date":"2025-10-22T14:15:36","date_gmt":"2025-10-22T13:15:36","guid":{"rendered":"https:\/\/www.entroncamentoonline.pt\/portal\/?p=70274"},"modified":"2025-10-22T11:11:57","modified_gmt":"2025-10-22T10:11:57","slug":"abaixo-assinado-pelo-funcionamento-permanente-da-urgencia-pediatrica-torres-novas-e-maternidade-abrantes-com-quase-20-mil-assinaturas","status":"publish","type":"post","link":"https:\/\/www.entroncamentoonline.pt\/portal\/abaixo-assinado-pelo-funcionamento-permanente-da-urgencia-pediatrica-torres-novas-e-maternidade-abrantes-com-quase-20-mil-assinaturas\/","title":{"rendered":"Abaixo assinado pelo funcionamento permanente da  Urg\u00eancia Pedi\u00e1trica\/Torres Novas e Maternidade\/Abrantes com quase 20 mil assinaturas"},"content":{"rendered":"<p><span style=\"font-family: Arial, sans-serif;\"><span style=\"font-size: medium;\">A popula\u00e7\u00e3o do M\u00e9dio Tejo est\u00e1 a mobilizar-se em defesa do <\/span><\/span><strong><span style=\"font-family: Arial, sans-serif;\"><span style=\"font-size: medium;\">funcionamento permanente da Maternidade de Abrantes e da Urg\u00eancia Pedi\u00e1trica de Torres Novas<\/span><\/span><\/strong><span style=\"font-family: Arial, sans-serif;\"><span style=\"font-size: medium;\">, na sequ\u00eancia da divulga\u00e7\u00e3o de um plano entregue ao Minist\u00e9rio da Sa\u00fade que poder\u00e1 levar ao encerramento destes servi\u00e7os essenciais da <\/span><\/span><strong><span style=\"font-family: Arial, sans-serif;\"><span style=\"font-size: medium;\">ULS M\u00e9dio Tejo<\/span><\/span><\/strong><span style=\"font-family: Arial, sans-serif;\"><span style=\"font-size: medium;\">.<\/span><\/span><\/p>\n<p><span style=\"font-family: Arial, sans-serif;\"><span style=\"font-size: medium;\">A <\/span><\/span><strong><span style=\"font-family: Arial, sans-serif;\"><span style=\"font-size: medium;\">Comiss\u00e3o de Utentes da Sa\u00fade do M\u00e9dio Tejo (CUSMT)<\/span><\/span><\/strong><span style=\"font-family: Arial, sans-serif;\"><span style=\"font-size: medium;\"> e outras estruturas locais t\u00eam estado na linha da frente da den\u00fancia e sensibiliza\u00e7\u00e3o, alertando para os impactos humanos, sociais e territoriais que tais decis\u00f5es poder\u00e3o causar. At\u00e9 ao momento, n\u00e3o houve qualquer desmentido oficial por parte das entidades respons\u00e1veis.<\/span><\/span><\/p>\n<p><span style=\"font-family: Arial, sans-serif;\"><span style=\"font-size: medium;\">A <\/span><\/span><strong><span style=\"font-family: Arial, sans-serif;\"><span style=\"font-size: medium;\">Urg\u00eancia Pedi\u00e1trica de Torres Novas<\/span><\/span><\/strong><span style=\"font-family: Arial, sans-serif;\"><span style=\"font-size: medium;\"> tem funcionado ininterruptamente, 24 horas por dia, sete dias por semana, tendo realizado <\/span><\/span><strong><span style=\"font-family: Arial, sans-serif;\"><span style=\"font-size: medium;\">mais de 29 mil atendimentos em 2024<\/span><\/span><\/strong><span style=\"font-family: Arial, sans-serif;\"><span style=\"font-size: medium;\">, uma m\u00e9dia superior a <\/span><\/span><strong><span style=\"font-family: Arial, sans-serif;\"><span style=\"font-size: medium;\">80 por dia<\/span><\/span><\/strong><span style=\"font-family: Arial, sans-serif;\"><span style=\"font-size: medium;\">. J\u00e1 a <\/span><\/span><strong><span style=\"font-family: Arial, sans-serif;\"><span style=\"font-size: medium;\">Maternidade de Abrantes<\/span><\/span><\/strong><span style=\"font-family: Arial, sans-serif;\"><span style=\"font-size: medium;\">, apesar dos constrangimentos provocados pela escassez de especialistas, <\/span><\/span><strong><span style=\"font-family: Arial, sans-serif;\"><span style=\"font-size: medium;\">encerrou apenas um dia em agosto<\/span><\/span><\/strong><span style=\"font-family: Arial, sans-serif;\"><span style=\"font-size: medium;\"> e tem registado um aumento no n\u00famero de partos. A CUSMT destaca o esfor\u00e7o dos profissionais de sa\u00fade, cuja dedica\u00e7\u00e3o tem sido considerada \u201cquase mission\u00e1ria\u201d.<\/span><\/span><\/p>\n<p><span style=\"font-family: Arial, sans-serif;\"><span style=\"font-size: medium;\">A campanha de recolha de assinaturas para o abaixo-assinado \u201cPelo funcionamento permanente da Urg\u00eancia Pedi\u00e1trica\/Torres Novas e Maternidade\/Abrantes\u201d est\u00e1 prestes a atingir o objetivo de <\/span><\/span><strong><span style=\"font-family: Arial, sans-serif;\"><span style=\"font-size: medium;\">20 mil subscri\u00e7\u00f5es<\/span><\/span><\/strong><span style=\"font-family: Arial, sans-serif;\"><span style=\"font-size: medium;\">, com apenas algumas centenas em falta. A entrega formal dos documentos est\u00e1 prevista para a <\/span><\/span><strong><span style=\"font-family: Arial, sans-serif;\"><span style=\"font-size: medium;\">primeira quinzena de novembro<\/span><\/span><\/strong><span style=\"font-family: Arial, sans-serif;\"><span style=\"font-size: medium;\">, no Minist\u00e9rio da Sa\u00fade.<\/span><\/span><\/p>\n<p><span style=\"font-family: Arial, sans-serif;\"><span style=\"font-size: medium;\">At\u00e9 ao final de outubro, a recolha continuar\u00e1 ativa, com o envolvimento de estabelecimentos, associa\u00e7\u00f5es e organismos p\u00fablicos. A CUSMT ir\u00e1 tamb\u00e9m enviar exposi\u00e7\u00f5es e pedidos de reuni\u00e3o a diversas entidades, incluindo a <\/span><\/span><strong><span style=\"font-family: Arial, sans-serif;\"><span style=\"font-size: medium;\">Ordem dos M\u00e9dicos<\/span><\/span><\/strong><span style=\"font-family: Arial, sans-serif;\"><span style=\"font-size: medium;\">, <\/span><\/span><strong><span style=\"font-family: Arial, sans-serif;\"><span style=\"font-size: medium;\">sindicatos da sa\u00fade<\/span><\/span><\/strong><span style=\"font-family: Arial, sans-serif;\"><span style=\"font-size: medium;\">, <\/span><\/span><strong><span style=\"font-family: Arial, sans-serif;\"><span style=\"font-size: medium;\">Comunidade Intermunicipal do M\u00e9dio Tejo<\/span><\/span><\/strong><span style=\"font-family: Arial, sans-serif;\"><span style=\"font-size: medium;\">, <\/span><\/span><strong><span style=\"font-family: Arial, sans-serif;\"><span style=\"font-size: medium;\">c\u00e2maras e assembleias municipais<\/span><\/span><\/strong><span style=\"font-family: Arial, sans-serif;\"><span style=\"font-size: medium;\"> e <\/span><\/span><strong><span style=\"font-family: Arial, sans-serif;\"><span style=\"font-size: medium;\">grupos parlamentares<\/span><\/span><\/strong><span style=\"font-family: Arial, sans-serif;\"><span style=\"font-size: medium;\">.<\/span><\/span><\/p>\n<p><span style=\"font-family: Arial, sans-serif; font-size: medium;\">A comiss\u00e3o teme que o governo avance com decis\u00f5es precipitadas, sem ouvir os utentes nem considerar alternativas. Por isso, lan\u00e7a um apelo \u00e0 a\u00e7\u00e3o coordenada de todas as entidades que afirmam defender os interesses das popula\u00e7\u00f5es. <\/span>&#8220;<span style=\"font-family: Arial, sans-serif;\"><span style=\"font-size: medium;\">Sejam quais forem as iniciativas, e quem quer que as promova, todas ser\u00e3o bem-vindas. O objetivo \u00e9 comum: garantir o funcionamento permanente da Urg\u00eancia Pedi\u00e1trica de Torres Novas e da Maternidade de Abrantes<\/span><\/span>.\u201d<\/p>\n<div class=\"fb-background-color\">\n\t\t\t  <div \n\t\t\t  \tclass = \"fb-comments\" \n\t\t\t  \tdata-href = \"https:\/\/www.entroncamentoonline.pt\/portal\/abaixo-assinado-pelo-funcionamento-permanente-da-urgencia-pediatrica-torres-novas-e-maternidade-abrantes-com-quase-20-mil-assinaturas\/\"\n\t\t\t  \tdata-numposts = \"10\"\n\t\t\t  \tdata-lazy = \"true\"\n\t\t\t\tdata-colorscheme = \"light\"\n\t\t\t\tdata-order-by = \"social\"\n\t\t\t\tdata-mobile=true>\n\t\t\t  <\/div><\/div>\n\t\t  <style>\n\t\t    .fb-background-color {\n\t\t\t\tbackground:  !important;\n\t\t\t}\n\t\t\t.fb_iframe_widget_fluid_desktop iframe {\n\t\t\t    width: 100% !important;\n\t\t\t}\n\t\t  <\/style>\n\t\t  ","protected":false},"excerpt":{"rendered":"<p>A popula\u00e7\u00e3o do M\u00e9dio Tejo est\u00e1 a mobilizar-se em defesa do funcionamento permanente da Maternidade de Abrantes e da Urg\u00eancia Pedi\u00e1trica de Torres Novas, na sequ\u00eancia da divulga\u00e7\u00e3o de um plano entregue ao Minist\u00e9rio da Sa\u00fade que poder\u00e1 levar ao encerramento destes servi\u00e7os essenciais da ULS M\u00e9dio Tejo. A Comiss\u00e3o de Utentes da Sa\u00fade do [&hellip;]<\/p>\n","protected":false},"author":43,"featured_media":70275,"comment_status":"open","ping_status":"closed","sticky":false,"template":"","format":"standard","meta":{"_acf_changed":false,"footnotes":""},"categories":[56,29,33,34,26,87,75,32,84,71,48,30,36,37,38],"tags":[],"class_list":{"0":"post-70274","1":"post","2":"type-post","3":"status-publish","4":"format-standard","5":"has-post-thumbnail","7":"category-1apagina","8":"category-abrantes","9":"category-alcanena","10":"category-constancia","11":"category-entroncamento","12":"category-ferreira-do-zezere","13":"category-medio-tejo","14":"category-noticias","15":"category-ourem","16":"category-outras-noticias","17":"category-regiao","18":"category-sardoal","19":"category-tomar","20":"category-torres-novas","21":"category-v-n-barquinha"},"acf":[],"_links":{"self":[{"href":"https:\/\/www.entroncamentoonline.pt\/portal\/wp-json\/wp\/v2\/posts\/70274","targetHints":{"allow":["GET"]}}],"collection":[{"href":"https:\/\/www.entroncamentoonline.pt\/portal\/wp-json\/wp\/v2\/posts"}],"about":[{"href":"https:\/\/www.entroncamentoonline.pt\/portal\/wp-json\/wp\/v2\/types\/post"}],"author":[{"embeddable":true,"href":"https:\/\/www.entroncamentoonline.pt\/portal\/wp-json\/wp\/v2\/users\/43"}],"replies":[{"embeddable":true,"href":"https:\/\/www.entroncamentoonline.pt\/portal\/wp-json\/wp\/v2\/comments?post=70274"}],"version-history":[{"count":0,"href":"https:\/\/www.entroncamentoonline.pt\/portal\/wp-json\/wp\/v2\/posts\/70274\/revisions"}],"wp:featuredmedia":[{"embeddable":true,"href":"https:\/\/www.entroncamentoonline.pt\/portal\/wp-json\/wp\/v2\/media\/70275"}],"wp:attachment":[{"href":"https:\/\/www.entroncamentoonline.pt\/portal\/wp-json\/wp\/v2\/media?parent=70274"}],"wp:term":[{"taxonomy":"category","embeddable":true,"href":"https:\/\/www.entroncamentoonline.pt\/portal\/wp-json\/wp\/v2\/categories?post=70274"},{"taxonomy":"post_tag","embeddable":true,"href":"https:\/\/www.entroncamentoonline.pt\/portal\/wp-json\/wp\/v2\/tags?post=70274"}],"curies":[{"name":"wp","href":"https:\/\/api.w.org\/{rel}","templated":true}]}}