{"id":70128,"date":"2025-10-12T11:29:19","date_gmt":"2025-10-12T10:29:19","guid":{"rendered":"https:\/\/www.entroncamentoonline.pt\/portal\/?p=70128"},"modified":"2025-10-12T11:29:19","modified_gmt":"2025-10-12T10:29:19","slug":"cuf-investe-11-milhoes-de-euros-em-nova-clinica-em-torres-novas","status":"publish","type":"post","link":"https:\/\/www.entroncamentoonline.pt\/portal\/cuf-investe-11-milhoes-de-euros-em-nova-clinica-em-torres-novas\/","title":{"rendered":"CUF investe 11 milh\u00f5es de euros em nova cl\u00ednica em Torres Novas"},"content":{"rendered":"<p><span style=\"font-family: Arial, sans-serif;\">A <\/span><span style=\"font-family: Arial, sans-serif;\">CUF<\/span><span style=\"font-family: Arial, sans-serif;\"> vai abrir uma nova cl\u00ednica em <\/span><span style=\"font-family: Arial, sans-serif;\">Torres Novas<\/span><span style=\"font-family: Arial, sans-serif;\">, num investimento de <\/span><span style=\"font-family: Arial, sans-serif;\">11 milh\u00f5es de euros<\/span><span style=\"font-family: Arial, sans-serif;\">, refor\u00e7ando a sua presen\u00e7a na regi\u00e3o do <\/span><span style=\"font-family: Arial, sans-serif;\">M\u00e9dio Tejo<\/span><span style=\"font-family: Arial, sans-serif;\">. A nova unidade estar\u00e1 integrada na rede do <\/span><span style=\"font-family: Arial, sans-serif;\">Hospital CUF Santar\u00e9m<\/span><span style=\"font-family: Arial, sans-serif;\">, que celebra este ano <\/span><span style=\"font-family: Arial, sans-serif;\">10 anos de atividade<\/span><span style=\"font-family: Arial, sans-serif;\"> e foi recentemente ampliado com mais <\/span><span style=\"font-family: Arial, sans-serif;\">10 milh\u00f5es de euros<\/span><span style=\"font-family: Arial, sans-serif;\"> de investimento.<\/span><\/p>\n<p><span style=\"font-family: Arial, sans-serif;\">O an\u00fancio foi feito por <\/span><span style=\"font-family: Arial, sans-serif;\">Rui Diniz<\/span><span style=\"font-family: Arial, sans-serif;\">, presidente da comiss\u00e3o executiva da CUF, durante a inaugura\u00e7\u00e3o da exposi\u00e7\u00e3o \u201c<\/span><span style=\"font-family: Arial, sans-serif;\">80 anos, a Vitalidade de Sempre<\/span><span style=\"font-family: Arial, sans-serif;\">\u201d, patente at\u00e9 8 de outubro no <\/span><span style=\"font-family: Arial, sans-serif;\">Convento de S\u00e3o Francisco<\/span><span style=\"font-family: Arial, sans-serif;\">, em Santar\u00e9m.<\/span><\/p>\n<p><span style=\"font-family: Arial, sans-serif;\">Segundo Rui Diniz, a nova cl\u00ednica permitir\u00e1 \u201clevar aos utentes os benef\u00edcios de uma rede integrada de cuidados de sa\u00fade\u201d, sublinhando que, apesar dos <\/span><span style=\"font-family: Arial, sans-serif;\">80 anos de hist\u00f3ria<\/span><span style=\"font-family: Arial, sans-serif;\">, o grupo CUF \u201cmant\u00e9m a inquietude e a vontade de inovar, com foco nas pessoas\u201d.<\/span><\/p>\n<p><span style=\"font-family: Arial, sans-serif;\">O presidente da C\u00e2mara Municipal de Santar\u00e9m, <\/span><span style=\"font-family: Arial, sans-serif;\">Jo\u00e3o Leite<\/span><span style=\"font-family: Arial, sans-serif;\">, elogiou a aposta da CUF na cidade e na regi\u00e3o, considerando-a \u201cum exemplo de empreendedorismo e responsabilidade social\u201d.<\/span><\/p>\n<p><span style=\"font-family: Arial, sans-serif;\">Com oito d\u00e9cadas de atividade, a CUF \u00e9 hoje uma das <\/span><span style=\"font-family: Arial, sans-serif;\">maiores redes privadas de sa\u00fade em Portugal<\/span><span style=\"font-family: Arial, sans-serif;\">, com presen\u00e7a nacional e uma aposta cont\u00ednua na <\/span><span style=\"font-family: Arial, sans-serif;\">inova\u00e7\u00e3o, qualidade e proximidade<\/span><span style=\"font-family: Arial, sans-serif;\"> dos seus servi\u00e7os.<\/span><\/p>\n<div class=\"fb-background-color\">\n\t\t\t  <div \n\t\t\t  \tclass = \"fb-comments\" \n\t\t\t  \tdata-href = \"https:\/\/www.entroncamentoonline.pt\/portal\/cuf-investe-11-milhoes-de-euros-em-nova-clinica-em-torres-novas\/\"\n\t\t\t  \tdata-numposts = \"10\"\n\t\t\t  \tdata-lazy = \"true\"\n\t\t\t\tdata-colorscheme = \"light\"\n\t\t\t\tdata-order-by = \"social\"\n\t\t\t\tdata-mobile=true>\n\t\t\t  <\/div><\/div>\n\t\t  <style>\n\t\t    .fb-background-color {\n\t\t\t\tbackground:  !important;\n\t\t\t}\n\t\t\t.fb_iframe_widget_fluid_desktop iframe {\n\t\t\t    width: 100% !important;\n\t\t\t}\n\t\t  <\/style>\n\t\t  ","protected":false},"excerpt":{"rendered":"<p>A CUF vai abrir uma nova cl\u00ednica em Torres Novas, num investimento de 11 milh\u00f5es de euros, refor\u00e7ando a sua presen\u00e7a na regi\u00e3o do M\u00e9dio Tejo. A nova unidade estar\u00e1 integrada na rede do Hospital CUF Santar\u00e9m, que celebra este ano 10 anos de atividade e foi recentemente ampliado com mais 10 milh\u00f5es de euros [&hellip;]<\/p>\n","protected":false},"author":43,"featured_media":70129,"comment_status":"open","ping_status":"closed","sticky":false,"template":"","format":"standard","meta":{"_acf_changed":false,"footnotes":""},"categories":[56,32,48,37],"tags":[],"class_list":{"0":"post-70128","1":"post","2":"type-post","3":"status-publish","4":"format-standard","5":"has-post-thumbnail","7":"category-1apagina","8":"category-noticias","9":"category-regiao","10":"category-torres-novas"},"acf":[],"_links":{"self":[{"href":"https:\/\/www.entroncamentoonline.pt\/portal\/wp-json\/wp\/v2\/posts\/70128","targetHints":{"allow":["GET"]}}],"collection":[{"href":"https:\/\/www.entroncamentoonline.pt\/portal\/wp-json\/wp\/v2\/posts"}],"about":[{"href":"https:\/\/www.entroncamentoonline.pt\/portal\/wp-json\/wp\/v2\/types\/post"}],"author":[{"embeddable":true,"href":"https:\/\/www.entroncamentoonline.pt\/portal\/wp-json\/wp\/v2\/users\/43"}],"replies":[{"embeddable":true,"href":"https:\/\/www.entroncamentoonline.pt\/portal\/wp-json\/wp\/v2\/comments?post=70128"}],"version-history":[{"count":0,"href":"https:\/\/www.entroncamentoonline.pt\/portal\/wp-json\/wp\/v2\/posts\/70128\/revisions"}],"wp:featuredmedia":[{"embeddable":true,"href":"https:\/\/www.entroncamentoonline.pt\/portal\/wp-json\/wp\/v2\/media\/70129"}],"wp:attachment":[{"href":"https:\/\/www.entroncamentoonline.pt\/portal\/wp-json\/wp\/v2\/media?parent=70128"}],"wp:term":[{"taxonomy":"category","embeddable":true,"href":"https:\/\/www.entroncamentoonline.pt\/portal\/wp-json\/wp\/v2\/categories?post=70128"},{"taxonomy":"post_tag","embeddable":true,"href":"https:\/\/www.entroncamentoonline.pt\/portal\/wp-json\/wp\/v2\/tags?post=70128"}],"curies":[{"name":"wp","href":"https:\/\/api.w.org\/{rel}","templated":true}]}}