{"id":69952,"date":"2025-10-03T10:27:43","date_gmt":"2025-10-03T09:27:43","guid":{"rendered":"https:\/\/www.entroncamentoonline.pt\/portal\/?p=69952"},"modified":"2025-10-03T10:27:43","modified_gmt":"2025-10-03T09:27:43","slug":"necrologia-luis-sousa-de-almeida-cardal","status":"publish","type":"post","link":"https:\/\/www.entroncamentoonline.pt\/portal\/necrologia-luis-sousa-de-almeida-cardal\/","title":{"rendered":"Necrologia: Lu\u00eds Sousa de Almeida &#8211; Cardal"},"content":{"rendered":"<p align=\"left\"><span style=\"color: #2c363a;\"><span style=\"font-family: Arial, sans-serif;\"><span style=\"font-size: medium;\">Faleceu Lu\u00eds Sousa de Almeida, de 83 anos, que residia na Rua Miguel Torga \u2013 Cardal.<\/span><\/span><\/span><\/p>\n<p align=\"left\"><span style=\"color: #2c363a;\"><span style=\"font-family: Arial, sans-serif;\"><span style=\"font-size: medium;\">Sua esposa: Maria Adelaide Ribeiro Sousa de Almeida, seus filhos, nora, genros, netos e<br \/>\nrestante fam\u00edlia, comunicam que o seu vel\u00f3rio ser\u00e1 realizado na Capela Mortu\u00e1ria de<br \/>\nLoureira &#8211; Santa Catarina da Serra, dia 03 de outubro de 2025, a partir das 11:30 horas.<\/span><\/span><\/span><\/p>\n<p align=\"left\"><span style=\"color: #2c363a;\"><span style=\"font-family: Arial, sans-serif;\"><span style=\"font-size: medium;\">O seu funeral realizar-se-\u00e1 no dia 03 de outubro de 2025 (sexta-feira), pelas 15:00<br \/>\nhoras, na Capela Mortu\u00e1ria de Loureira &#8211; Santa Catarina da Serra, onde ser\u00e3o<br \/>\ncelebradas as respetivas cerim\u00f3nias f\u00fanebres, seguindo para o Cemit\u00e9rio de Santa<br \/>\nCatarina da Serra.<\/span><\/span><\/span><\/p>\n<p><em><span style=\"font-family: Arial, sans-serif;\"><span style=\"font-size: medium;\">Ag\u00eancia Funer\u00e1ria Rainho<\/span><\/span><\/em><\/p>\n<div class=\"fb-background-color\">\n\t\t\t  <div \n\t\t\t  \tclass = \"fb-comments\" \n\t\t\t  \tdata-href = \"https:\/\/www.entroncamentoonline.pt\/portal\/necrologia-luis-sousa-de-almeida-cardal\/\"\n\t\t\t  \tdata-numposts = \"10\"\n\t\t\t  \tdata-lazy = \"true\"\n\t\t\t\tdata-colorscheme = \"light\"\n\t\t\t\tdata-order-by = \"social\"\n\t\t\t\tdata-mobile=true>\n\t\t\t  <\/div><\/div>\n\t\t  <style>\n\t\t    .fb-background-color {\n\t\t\t\tbackground:  !important;\n\t\t\t}\n\t\t\t.fb_iframe_widget_fluid_desktop iframe {\n\t\t\t    width: 100% !important;\n\t\t\t}\n\t\t  <\/style>\n\t\t  ","protected":false},"excerpt":{"rendered":"<p>Faleceu Lu\u00eds Sousa de Almeida, de 83 anos, que residia na Rua Miguel Torga \u2013 Cardal. Sua esposa: Maria Adelaide Ribeiro Sousa de Almeida, seus filhos, nora, genros, netos e restante fam\u00edlia, comunicam que o seu vel\u00f3rio ser\u00e1 realizado na Capela Mortu\u00e1ria de Loureira &#8211; Santa Catarina da Serra, dia 03 de outubro de 2025, [&hellip;]<\/p>\n","protected":false},"author":43,"featured_media":69953,"comment_status":"open","ping_status":"closed","sticky":false,"template":"","format":"standard","meta":{"_acf_changed":false,"footnotes":""},"categories":[41],"tags":[],"class_list":{"0":"post-69952","1":"post","2":"type-post","3":"status-publish","4":"format-standard","5":"has-post-thumbnail","7":"category-necrologia"},"acf":[],"_links":{"self":[{"href":"https:\/\/www.entroncamentoonline.pt\/portal\/wp-json\/wp\/v2\/posts\/69952","targetHints":{"allow":["GET"]}}],"collection":[{"href":"https:\/\/www.entroncamentoonline.pt\/portal\/wp-json\/wp\/v2\/posts"}],"about":[{"href":"https:\/\/www.entroncamentoonline.pt\/portal\/wp-json\/wp\/v2\/types\/post"}],"author":[{"embeddable":true,"href":"https:\/\/www.entroncamentoonline.pt\/portal\/wp-json\/wp\/v2\/users\/43"}],"replies":[{"embeddable":true,"href":"https:\/\/www.entroncamentoonline.pt\/portal\/wp-json\/wp\/v2\/comments?post=69952"}],"version-history":[{"count":0,"href":"https:\/\/www.entroncamentoonline.pt\/portal\/wp-json\/wp\/v2\/posts\/69952\/revisions"}],"wp:featuredmedia":[{"embeddable":true,"href":"https:\/\/www.entroncamentoonline.pt\/portal\/wp-json\/wp\/v2\/media\/69953"}],"wp:attachment":[{"href":"https:\/\/www.entroncamentoonline.pt\/portal\/wp-json\/wp\/v2\/media?parent=69952"}],"wp:term":[{"taxonomy":"category","embeddable":true,"href":"https:\/\/www.entroncamentoonline.pt\/portal\/wp-json\/wp\/v2\/categories?post=69952"},{"taxonomy":"post_tag","embeddable":true,"href":"https:\/\/www.entroncamentoonline.pt\/portal\/wp-json\/wp\/v2\/tags?post=69952"}],"curies":[{"name":"wp","href":"https:\/\/api.w.org\/{rel}","templated":true}]}}