{"id":69893,"date":"2025-09-27T15:00:03","date_gmt":"2025-09-27T14:00:03","guid":{"rendered":"https:\/\/www.entroncamentoonline.pt\/portal\/?p=69893"},"modified":"2025-09-27T12:54:48","modified_gmt":"2025-09-27T11:54:48","slug":"populacao-do-medio-tejo-mobiliza-se-contra-encerramento-da-maternidade-de-abrantes-e-da-urgencia-pediatrica-de-torres-novas","status":"publish","type":"post","link":"https:\/\/www.entroncamentoonline.pt\/portal\/populacao-do-medio-tejo-mobiliza-se-contra-encerramento-da-maternidade-de-abrantes-e-da-urgencia-pediatrica-de-torres-novas\/","title":{"rendered":"Popula\u00e7\u00e3o do M\u00e9dio Tejo mobiliza-se contra encerramento da Maternidade de Abrantes e da Urg\u00eancia Pedi\u00e1trica de Torres Novas"},"content":{"rendered":"<p align=\"left\"><span style=\"font-family: Arial, sans-serif;\"><span style=\"font-size: medium;\">A Comiss\u00e3o de Utentes da Sa\u00fade do M\u00e9dio Tejo (CUSMT), em conjunto com outras comiss\u00f5es locais, lan\u00e7ou um alerta p\u00fablico face \u00e0 possibilidade de encerramento da Maternidade de Abrantes e da Urg\u00eancia Pedi\u00e1trica de Torres Novas, servi\u00e7os integrados na Unidade Local de Sa\u00fade do M\u00e9dio Tejo (ULSMT).<\/span><\/span><\/p>\n<p align=\"left\"><span style=\"font-family: Arial, sans-serif;\"><span style=\"font-size: medium;\">A preocupa\u00e7\u00e3o surge ap\u00f3s a divulga\u00e7\u00e3o de um plano entregue ao Minist\u00e9rio da Sa\u00fade, que contempla o eventual encerramento destas duas val\u00eancias hospitalares, consideradas essenciais para a presta\u00e7\u00e3o de cuidados de sa\u00fade na regi\u00e3o.<\/span><\/span><\/p>\n<p align=\"left\"><span style=\"font-family: Arial, sans-serif;\"><span style=\"font-size: medium;\">Em resposta, a CUSMT anunciou um conjunto de a\u00e7\u00f5es de informa\u00e7\u00e3o e mobiliza\u00e7\u00e3o das popula\u00e7\u00f5es, incluindo:<\/span><\/span><\/p>\n<ul>\n<li>\n<p align=\"left\"><span style=\"font-family: Arial, sans-serif;\"><span style=\"font-size: medium;\">Pedido de reuni\u00e3o urgente ao Presidente do Conselho de Administra\u00e7\u00e3o da ULSMT para esclarecimentos sobre o plano em causa. Ser\u00e1 tamb\u00e9m solicitada uma audi\u00eancia \u00e0 Ministra da Sa\u00fade.<\/span><\/span><\/p>\n<\/li>\n<li>\n<p align=\"left\"><span style=\"font-family: Arial, sans-serif;\"><span style=\"font-size: medium;\">Notifica\u00e7\u00e3o da generalidade dos autarcas do M\u00e9dio Tejo sobre as propostas que, segundo os utentes, colocam em risco o acesso \u00e0 sa\u00fade materna e pedi\u00e1trica.<\/span><\/span><\/p>\n<\/li>\n<li>\n<p align=\"left\"><span style=\"font-family: Arial, sans-serif;\"><span style=\"font-size: medium;\">Lan\u00e7amento de um abaixo-assinado, a ser distribu\u00eddo em v\u00e1rias localidades e espa\u00e7os p\u00fablicos, exigindo o funcionamento permanente da Maternidade de Abrantes e da Urg\u00eancia Pedi\u00e1trica de Torres Novas. A iniciativa espera recolher milhares de assinaturas como express\u00e3o da vontade popular.<\/span><\/span><\/p>\n<\/li>\n<\/ul>\n<p align=\"left\"><span style=\"font-family: Arial, sans-serif;\"><span style=\"font-size: medium;\">A CUSMT apela \u00e0 participa\u00e7\u00e3o ativa da popula\u00e7\u00e3o e refor\u00e7a que \u201ca defesa dos servi\u00e7os p\u00fablicos de sa\u00fade \u00e9 uma responsabilidade coletiva\u201d.<\/span><\/span><\/p>\n<p align=\"left\"><em><span style=\"font-family: Arial, sans-serif;\"><span style=\"font-size: medium;\">Reda\u00e7\u00e3o<\/span><\/span><\/em><\/p>\n<div class=\"fb-background-color\">\n\t\t\t  <div \n\t\t\t  \tclass = \"fb-comments\" \n\t\t\t  \tdata-href = \"https:\/\/www.entroncamentoonline.pt\/portal\/populacao-do-medio-tejo-mobiliza-se-contra-encerramento-da-maternidade-de-abrantes-e-da-urgencia-pediatrica-de-torres-novas\/\"\n\t\t\t  \tdata-numposts = \"10\"\n\t\t\t  \tdata-lazy = \"true\"\n\t\t\t\tdata-colorscheme = \"light\"\n\t\t\t\tdata-order-by = \"social\"\n\t\t\t\tdata-mobile=true>\n\t\t\t  <\/div><\/div>\n\t\t  <style>\n\t\t    .fb-background-color {\n\t\t\t\tbackground:  !important;\n\t\t\t}\n\t\t\t.fb_iframe_widget_fluid_desktop iframe {\n\t\t\t    width: 100% !important;\n\t\t\t}\n\t\t  <\/style>\n\t\t  ","protected":false},"excerpt":{"rendered":"<p>A Comiss\u00e3o de Utentes da Sa\u00fade do M\u00e9dio Tejo (CUSMT), em conjunto com outras comiss\u00f5es locais, lan\u00e7ou um alerta p\u00fablico face \u00e0 possibilidade de encerramento da Maternidade de Abrantes e da Urg\u00eancia Pedi\u00e1trica de Torres Novas, servi\u00e7os integrados na Unidade Local de Sa\u00fade do M\u00e9dio Tejo (ULSMT). A preocupa\u00e7\u00e3o surge ap\u00f3s a divulga\u00e7\u00e3o de um [&hellip;]<\/p>\n","protected":false},"author":43,"featured_media":69894,"comment_status":"open","ping_status":"closed","sticky":false,"template":"","format":"standard","meta":{"_acf_changed":false,"footnotes":""},"categories":[56,29,52,70,75,32,37],"tags":[],"class_list":{"0":"post-69893","1":"post","2":"type-post","3":"status-publish","4":"format-standard","5":"has-post-thumbnail","7":"category-1apagina","8":"category-abrantes","9":"category-geral","10":"category-mais-noticias","11":"category-medio-tejo","12":"category-noticias","13":"category-torres-novas"},"acf":[],"_links":{"self":[{"href":"https:\/\/www.entroncamentoonline.pt\/portal\/wp-json\/wp\/v2\/posts\/69893","targetHints":{"allow":["GET"]}}],"collection":[{"href":"https:\/\/www.entroncamentoonline.pt\/portal\/wp-json\/wp\/v2\/posts"}],"about":[{"href":"https:\/\/www.entroncamentoonline.pt\/portal\/wp-json\/wp\/v2\/types\/post"}],"author":[{"embeddable":true,"href":"https:\/\/www.entroncamentoonline.pt\/portal\/wp-json\/wp\/v2\/users\/43"}],"replies":[{"embeddable":true,"href":"https:\/\/www.entroncamentoonline.pt\/portal\/wp-json\/wp\/v2\/comments?post=69893"}],"version-history":[{"count":0,"href":"https:\/\/www.entroncamentoonline.pt\/portal\/wp-json\/wp\/v2\/posts\/69893\/revisions"}],"wp:featuredmedia":[{"embeddable":true,"href":"https:\/\/www.entroncamentoonline.pt\/portal\/wp-json\/wp\/v2\/media\/69894"}],"wp:attachment":[{"href":"https:\/\/www.entroncamentoonline.pt\/portal\/wp-json\/wp\/v2\/media?parent=69893"}],"wp:term":[{"taxonomy":"category","embeddable":true,"href":"https:\/\/www.entroncamentoonline.pt\/portal\/wp-json\/wp\/v2\/categories?post=69893"},{"taxonomy":"post_tag","embeddable":true,"href":"https:\/\/www.entroncamentoonline.pt\/portal\/wp-json\/wp\/v2\/tags?post=69893"}],"curies":[{"name":"wp","href":"https:\/\/api.w.org\/{rel}","templated":true}]}}