{"id":69738,"date":"2025-09-18T13:05:36","date_gmt":"2025-09-18T12:05:36","guid":{"rendered":"https:\/\/www.entroncamentoonline.pt\/portal\/?p=69738"},"modified":"2025-09-18T13:05:36","modified_gmt":"2025-09-18T12:05:36","slug":"necrologia-philippe-james-peier-entroncamento","status":"publish","type":"post","link":"https:\/\/www.entroncamentoonline.pt\/portal\/necrologia-philippe-james-peier-entroncamento\/","title":{"rendered":"Necrologia: Philippe James Peier &#8211; Entroncamento"},"content":{"rendered":"<p align=\"left\"><span style=\"color: #2c363a;\"><span style=\"font-family: Arial, sans-serif;\"><span style=\"font-size: medium;\">Faleceu Philippe James Peier, de \u00a067 anos, que residia na \u00a0Rua da Barroca \u2013 Entroncamento<\/span><\/span><\/span><\/p>\n<p align=\"left\"><span style=\"color: #2c363a;\"><span style=\"font-family: Arial, sans-serif;\"><span style=\"font-size: medium;\">Sua esposa: S\u00f3nia Mariza Guedes Jackson, irm\u00e3s e restante fam\u00edlia, comunicam o seu<br \/>\nfalecimento.<\/span><\/span><\/span><\/p>\n<p align=\"left\"><span style=\"color: #2c363a;\"><span style=\"font-family: Arial, sans-serif;\"><span style=\"font-size: medium;\">O seu funeral realizar-se-\u00e1 no dia 19 de setembro de 2025 (sexta-feira), no cremat\u00f3rio<br \/>\ndo Entroncamento pelas 11:30 horas, onde ser\u00e3o celebradas as respetivas cerim\u00f3nias<br \/>\nf\u00fanebres<\/span><\/span><\/span><\/p>\n<p align=\"left\"><em><span style=\"color: #2c363a;\"><span style=\"font-family: Arial, sans-serif;\"><span style=\"font-size: medium;\">Ag\u00eancia Funer\u00e1ria Rainho<\/span><\/span><\/span><\/em><\/p>\n<div class=\"fb-background-color\">\n\t\t\t  <div \n\t\t\t  \tclass = \"fb-comments\" \n\t\t\t  \tdata-href = \"https:\/\/www.entroncamentoonline.pt\/portal\/necrologia-philippe-james-peier-entroncamento\/\"\n\t\t\t  \tdata-numposts = \"10\"\n\t\t\t  \tdata-lazy = \"true\"\n\t\t\t\tdata-colorscheme = \"light\"\n\t\t\t\tdata-order-by = \"social\"\n\t\t\t\tdata-mobile=true>\n\t\t\t  <\/div><\/div>\n\t\t  <style>\n\t\t    .fb-background-color {\n\t\t\t\tbackground:  !important;\n\t\t\t}\n\t\t\t.fb_iframe_widget_fluid_desktop iframe {\n\t\t\t    width: 100% !important;\n\t\t\t}\n\t\t  <\/style>\n\t\t  ","protected":false},"excerpt":{"rendered":"<p>Faleceu Philippe James Peier, de \u00a067 anos, que residia na \u00a0Rua da Barroca \u2013 Entroncamento Sua esposa: S\u00f3nia Mariza Guedes Jackson, irm\u00e3s e restante fam\u00edlia, comunicam o seu falecimento. O seu funeral realizar-se-\u00e1 no dia 19 de setembro de 2025 (sexta-feira), no cremat\u00f3rio do Entroncamento pelas 11:30 horas, onde ser\u00e3o celebradas as respetivas cerim\u00f3nias f\u00fanebres [&hellip;]<\/p>\n","protected":false},"author":43,"featured_media":69739,"comment_status":"open","ping_status":"closed","sticky":false,"template":"","format":"standard","meta":{"_acf_changed":false,"footnotes":""},"categories":[41],"tags":[],"class_list":{"0":"post-69738","1":"post","2":"type-post","3":"status-publish","4":"format-standard","5":"has-post-thumbnail","7":"category-necrologia"},"acf":[],"_links":{"self":[{"href":"https:\/\/www.entroncamentoonline.pt\/portal\/wp-json\/wp\/v2\/posts\/69738","targetHints":{"allow":["GET"]}}],"collection":[{"href":"https:\/\/www.entroncamentoonline.pt\/portal\/wp-json\/wp\/v2\/posts"}],"about":[{"href":"https:\/\/www.entroncamentoonline.pt\/portal\/wp-json\/wp\/v2\/types\/post"}],"author":[{"embeddable":true,"href":"https:\/\/www.entroncamentoonline.pt\/portal\/wp-json\/wp\/v2\/users\/43"}],"replies":[{"embeddable":true,"href":"https:\/\/www.entroncamentoonline.pt\/portal\/wp-json\/wp\/v2\/comments?post=69738"}],"version-history":[{"count":0,"href":"https:\/\/www.entroncamentoonline.pt\/portal\/wp-json\/wp\/v2\/posts\/69738\/revisions"}],"wp:featuredmedia":[{"embeddable":true,"href":"https:\/\/www.entroncamentoonline.pt\/portal\/wp-json\/wp\/v2\/media\/69739"}],"wp:attachment":[{"href":"https:\/\/www.entroncamentoonline.pt\/portal\/wp-json\/wp\/v2\/media?parent=69738"}],"wp:term":[{"taxonomy":"category","embeddable":true,"href":"https:\/\/www.entroncamentoonline.pt\/portal\/wp-json\/wp\/v2\/categories?post=69738"},{"taxonomy":"post_tag","embeddable":true,"href":"https:\/\/www.entroncamentoonline.pt\/portal\/wp-json\/wp\/v2\/tags?post=69738"}],"curies":[{"name":"wp","href":"https:\/\/api.w.org\/{rel}","templated":true}]}}