{"id":69724,"date":"2025-09-18T12:16:14","date_gmt":"2025-09-18T11:16:14","guid":{"rendered":"https:\/\/www.entroncamentoonline.pt\/portal\/?p=69724"},"modified":"2025-09-18T12:16:14","modified_gmt":"2025-09-18T11:16:14","slug":"necrologia-maria-julieta-florindo-lopes-vital-atalaia","status":"publish","type":"post","link":"https:\/\/www.entroncamentoonline.pt\/portal\/necrologia-maria-julieta-florindo-lopes-vital-atalaia\/","title":{"rendered":"Necrologia: Maria Julieta Florindo Lopes Vital &#8211;  Atalaia"},"content":{"rendered":"<p align=\"left\"><span style=\"color: #2c363a;\"><span style=\"font-family: Verdana, Geneva, sans-serif;\"><span style=\"font-size: small;\"><span style=\"font-family: Arial, sans-serif;\"><span style=\"font-size: medium;\">Faleceu Maria Julieta Florindo Lopes Vital, de <\/span><\/span><span style=\"font-family: Arial, sans-serif;\"><span style=\"font-size: medium;\">81 anos, <\/span><\/span><span style=\"font-family: Arial, sans-serif;\"><span style=\"font-size: medium;\">que residia na <\/span><\/span><span style=\"font-family: Arial, sans-serif;\"><span style=\"font-size: medium;\">Rua Carlos Neves Tom\u00e9 &#8211; Atalaia<\/span><\/span><\/span><\/span><\/span><\/p>\n<p align=\"left\"><span style=\"color: #2c363a;\"><span style=\"font-family: Arial, sans-serif;\"><span style=\"font-size: medium;\">Suas filhas: Ana Paula Lopes Vital, Clementina Maria Lopes Vital, genro, neto,<br \/>\nbisnetos e restante fam\u00edlia, comunicam que o seu vel\u00f3rio ser\u00e1 realizado na Capela<br \/>\nMortu\u00e1ria de Atalaia, dia 18 de setembro de 2025, a partir das 11:00 horas.<\/span><\/span><\/span><\/p>\n<p align=\"left\"><span style=\"color: #2c363a;\"><span style=\"font-family: Arial, sans-serif;\"><span style=\"font-size: medium;\">O seu funeral realizar-se-\u00e1 no dia 18 de setembro de 2025 (quinta-feira), saindo da<br \/>\nCapela Mortu\u00e1ria de Atalaia pelas 15:10 horas, com destino \u00e0 Igreja de Atalaia, onde<br \/>\nser\u00e3o celebradas as respetivas cerim\u00f3nias f\u00fanebres pelas 15:30 horas, seguindo para o<br \/>\ncemit\u00e9rio de Atalaia.<\/span><\/span><\/span><\/p>\n<p align=\"left\"><em><span style=\"color: #2c363a;\"><span style=\"font-family: Arial, sans-serif;\"><span style=\"font-size: medium;\">Ag\u00eancia Funer\u00e1ria Rainho<\/span><\/span><\/span><\/em><\/p>\n<div class=\"fb-background-color\">\n\t\t\t  <div \n\t\t\t  \tclass = \"fb-comments\" \n\t\t\t  \tdata-href = \"https:\/\/www.entroncamentoonline.pt\/portal\/necrologia-maria-julieta-florindo-lopes-vital-atalaia\/\"\n\t\t\t  \tdata-numposts = \"10\"\n\t\t\t  \tdata-lazy = \"true\"\n\t\t\t\tdata-colorscheme = \"light\"\n\t\t\t\tdata-order-by = \"social\"\n\t\t\t\tdata-mobile=true>\n\t\t\t  <\/div><\/div>\n\t\t  <style>\n\t\t    .fb-background-color {\n\t\t\t\tbackground:  !important;\n\t\t\t}\n\t\t\t.fb_iframe_widget_fluid_desktop iframe {\n\t\t\t    width: 100% !important;\n\t\t\t}\n\t\t  <\/style>\n\t\t  ","protected":false},"excerpt":{"rendered":"<p>Faleceu Maria Julieta Florindo Lopes Vital, de 81 anos, que residia na Rua Carlos Neves Tom\u00e9 &#8211; Atalaia Suas filhas: Ana Paula Lopes Vital, Clementina Maria Lopes Vital, genro, neto, bisnetos e restante fam\u00edlia, comunicam que o seu vel\u00f3rio ser\u00e1 realizado na Capela Mortu\u00e1ria de Atalaia, dia 18 de setembro de 2025, a partir das [&hellip;]<\/p>\n","protected":false},"author":43,"featured_media":69725,"comment_status":"open","ping_status":"closed","sticky":false,"template":"","format":"standard","meta":{"_acf_changed":false,"footnotes":""},"categories":[41],"tags":[],"class_list":{"0":"post-69724","1":"post","2":"type-post","3":"status-publish","4":"format-standard","5":"has-post-thumbnail","7":"category-necrologia"},"acf":[],"_links":{"self":[{"href":"https:\/\/www.entroncamentoonline.pt\/portal\/wp-json\/wp\/v2\/posts\/69724","targetHints":{"allow":["GET"]}}],"collection":[{"href":"https:\/\/www.entroncamentoonline.pt\/portal\/wp-json\/wp\/v2\/posts"}],"about":[{"href":"https:\/\/www.entroncamentoonline.pt\/portal\/wp-json\/wp\/v2\/types\/post"}],"author":[{"embeddable":true,"href":"https:\/\/www.entroncamentoonline.pt\/portal\/wp-json\/wp\/v2\/users\/43"}],"replies":[{"embeddable":true,"href":"https:\/\/www.entroncamentoonline.pt\/portal\/wp-json\/wp\/v2\/comments?post=69724"}],"version-history":[{"count":0,"href":"https:\/\/www.entroncamentoonline.pt\/portal\/wp-json\/wp\/v2\/posts\/69724\/revisions"}],"wp:featuredmedia":[{"embeddable":true,"href":"https:\/\/www.entroncamentoonline.pt\/portal\/wp-json\/wp\/v2\/media\/69725"}],"wp:attachment":[{"href":"https:\/\/www.entroncamentoonline.pt\/portal\/wp-json\/wp\/v2\/media?parent=69724"}],"wp:term":[{"taxonomy":"category","embeddable":true,"href":"https:\/\/www.entroncamentoonline.pt\/portal\/wp-json\/wp\/v2\/categories?post=69724"},{"taxonomy":"post_tag","embeddable":true,"href":"https:\/\/www.entroncamentoonline.pt\/portal\/wp-json\/wp\/v2\/tags?post=69724"}],"curies":[{"name":"wp","href":"https:\/\/api.w.org\/{rel}","templated":true}]}}