{"id":69575,"date":"2025-09-11T13:02:39","date_gmt":"2025-09-11T12:02:39","guid":{"rendered":"https:\/\/www.entroncamentoonline.pt\/portal\/?p=69575"},"modified":"2025-09-11T13:02:39","modified_gmt":"2025-09-11T12:02:39","slug":"necrologia-lurdes-da-gloria-martinho-entroncamento","status":"publish","type":"post","link":"https:\/\/www.entroncamentoonline.pt\/portal\/necrologia-lurdes-da-gloria-martinho-entroncamento\/","title":{"rendered":"Necrologia: Lurdes da Gl\u00f3ria Martinho &#8211; Entroncamento"},"content":{"rendered":"<p align=\"left\"><span style=\"color: #2c363a;\"><span style=\"font-family: Verdana, Geneva, sans-serif;\"><span style=\"font-size: small;\"><span style=\"font-family: Arial, sans-serif;\"><span style=\"font-size: medium;\">Faleceu <\/span><\/span><span style=\"font-family: Arial, sans-serif;\"><span style=\"font-size: medium;\">Lurdes da Gl\u00f3ria Martinho, de <\/span><\/span><span style=\"font-family: Arial, sans-serif;\"><span style=\"font-size: medium;\">73 anos, <\/span><\/span><span style=\"font-family: Arial, sans-serif;\"><span style=\"font-size: medium;\">que resiidia na <\/span><\/span><span style=\"font-family: Arial, sans-serif;\"><span style=\"font-size: medium;\">Rua da Juventude \u2013 Entroncamento.<\/span><\/span><\/span><\/span><\/span><\/p>\n<p align=\"left\"><span style=\"color: #2c363a;\"><span style=\"font-family: Arial, sans-serif;\"><span style=\"font-size: medium;\">Seu marido: Il\u00eddio da Silva Augusto, suas filhas: Sandra Cristina Poitout, Telma Sofia<br \/>\nRijo, genros, netos e restante fam\u00edlia, comunicam que o seu vel\u00f3rio ser\u00e1 realizado na<br \/>\nCapela Mortu\u00e1ria da Sagrada Fam\u00edlia &#8211; Entroncamento, dia 10 de setembro de 2025, a<br \/>\npartir das 11:00 horas.<\/span><\/span><\/span><\/p>\n<p align=\"left\"><span style=\"color: #2c363a;\"><span style=\"font-family: Arial, sans-serif;\"><span style=\"font-size: medium;\">O seu funeral realizar-se-\u00e1 no dia 10 de setembro de 2025 (quarta-feira), saindo da<br \/>\nCapela Mortu\u00e1ria da Sagrada Fam\u00edlia &#8211; Entroncamento pelas 14:30 horas, com destino<br \/>\nao Cemit\u00e9rio do Entroncamento, onde ser\u00e3o celebradas as respetivas cerim\u00f3nias<br \/>\nf\u00fanebres pelas 15:00 horas.<\/span><\/span><\/span><\/p>\n<p align=\"left\"><em>Ag\u00eancia Funer\u00e1ria Rainho<\/em><\/p>\n<div class=\"fb-background-color\">\n\t\t\t  <div \n\t\t\t  \tclass = \"fb-comments\" \n\t\t\t  \tdata-href = \"https:\/\/www.entroncamentoonline.pt\/portal\/necrologia-lurdes-da-gloria-martinho-entroncamento\/\"\n\t\t\t  \tdata-numposts = \"10\"\n\t\t\t  \tdata-lazy = \"true\"\n\t\t\t\tdata-colorscheme = \"light\"\n\t\t\t\tdata-order-by = \"social\"\n\t\t\t\tdata-mobile=true>\n\t\t\t  <\/div><\/div>\n\t\t  <style>\n\t\t    .fb-background-color {\n\t\t\t\tbackground:  !important;\n\t\t\t}\n\t\t\t.fb_iframe_widget_fluid_desktop iframe {\n\t\t\t    width: 100% !important;\n\t\t\t}\n\t\t  <\/style>\n\t\t  ","protected":false},"excerpt":{"rendered":"<p>Faleceu Lurdes da Gl\u00f3ria Martinho, de 73 anos, que resiidia na Rua da Juventude \u2013 Entroncamento. Seu marido: Il\u00eddio da Silva Augusto, suas filhas: Sandra Cristina Poitout, Telma Sofia Rijo, genros, netos e restante fam\u00edlia, comunicam que o seu vel\u00f3rio ser\u00e1 realizado na Capela Mortu\u00e1ria da Sagrada Fam\u00edlia &#8211; Entroncamento, dia 10 de setembro de [&hellip;]<\/p>\n","protected":false},"author":43,"featured_media":69576,"comment_status":"open","ping_status":"closed","sticky":false,"template":"","format":"standard","meta":{"_acf_changed":false,"footnotes":""},"categories":[41],"tags":[],"class_list":{"0":"post-69575","1":"post","2":"type-post","3":"status-publish","4":"format-standard","5":"has-post-thumbnail","7":"category-necrologia"},"acf":[],"_links":{"self":[{"href":"https:\/\/www.entroncamentoonline.pt\/portal\/wp-json\/wp\/v2\/posts\/69575","targetHints":{"allow":["GET"]}}],"collection":[{"href":"https:\/\/www.entroncamentoonline.pt\/portal\/wp-json\/wp\/v2\/posts"}],"about":[{"href":"https:\/\/www.entroncamentoonline.pt\/portal\/wp-json\/wp\/v2\/types\/post"}],"author":[{"embeddable":true,"href":"https:\/\/www.entroncamentoonline.pt\/portal\/wp-json\/wp\/v2\/users\/43"}],"replies":[{"embeddable":true,"href":"https:\/\/www.entroncamentoonline.pt\/portal\/wp-json\/wp\/v2\/comments?post=69575"}],"version-history":[{"count":0,"href":"https:\/\/www.entroncamentoonline.pt\/portal\/wp-json\/wp\/v2\/posts\/69575\/revisions"}],"wp:featuredmedia":[{"embeddable":true,"href":"https:\/\/www.entroncamentoonline.pt\/portal\/wp-json\/wp\/v2\/media\/69576"}],"wp:attachment":[{"href":"https:\/\/www.entroncamentoonline.pt\/portal\/wp-json\/wp\/v2\/media?parent=69575"}],"wp:term":[{"taxonomy":"category","embeddable":true,"href":"https:\/\/www.entroncamentoonline.pt\/portal\/wp-json\/wp\/v2\/categories?post=69575"},{"taxonomy":"post_tag","embeddable":true,"href":"https:\/\/www.entroncamentoonline.pt\/portal\/wp-json\/wp\/v2\/tags?post=69575"}],"curies":[{"name":"wp","href":"https:\/\/api.w.org\/{rel}","templated":true}]}}