{"id":69485,"date":"2025-09-01T11:45:06","date_gmt":"2025-09-01T10:45:06","guid":{"rendered":"https:\/\/www.entroncamentoonline.pt\/portal\/?p=69485"},"modified":"2025-09-01T11:45:06","modified_gmt":"2025-09-01T10:45:06","slug":"correio-dos-leitores-constancia-em-risco-de-perder-posto-de-emergencia-medica-por-jose-luz","status":"publish","type":"post","link":"https:\/\/www.entroncamentoonline.pt\/portal\/correio-dos-leitores-constancia-em-risco-de-perder-posto-de-emergencia-medica-por-jose-luz\/","title":{"rendered":"Correio dos Leitores: \u201cConst\u00e2ncia em risco de perder posto\u00a0de emerg\u00eancia m\u00e9dica\u201d por Jos\u00e9 Luz"},"content":{"rendered":"<p align=\"left\"><span style=\"color: #000000;\"><span style=\"font-family: Arial, sans-serif;\"><span style=\"font-size: medium;\">Os\u00a0Bombeiros Volunt\u00e1rios de Const\u00e2ncia enfrentam uma prioridade inadi\u00e1vel: adquirir, at\u00e9 Outubro, uma nova Ambul\u00e2ncia de Emerg\u00eancia para garantir a continuidade do protocolo com o INEM. Sem este investimento, avaliado em cerca de 70 mil euros, o concelho arrisca-se a perder o seu Posto de Emerg\u00eancia M\u00e9dica \u2014 um servi\u00e7o vital para a resposta r\u00e1pida a situa\u00e7\u00f5es urgentes.<\/span><\/span><\/span><\/p>\n<p align=\"left\"><span style=\"color: #000000;\"><span style=\"font-family: Arial, sans-serif;\"><span style=\"font-size: medium;\">Os Bombeiros Volunt\u00e1rios de Const\u00e2ncia sempre foram, ao longo de d\u00e9cadas, o garante da seguran\u00e7a, da protec\u00e7\u00e3o e da vida de todos n\u00f3s. \u00c9 f\u00e1cil esquecermo-nos do quanto lhes devemos at\u00e9 ao dia em que precisamos de uma sirene a soar ou de uma ambul\u00e2ncia \u00e0 porta. Hoje escrevo como antigo dirigente, e como cidad\u00e3o preocupado, perante sinais claros de fragilidade financeira que podem colocar em risco o futuro do posto de emerg\u00eancia m\u00e9dica.<\/span><\/span><\/span><\/p>\n<p align=\"left\"><span style=\"color: #000000;\"><span style=\"font-family: Arial, sans-serif;\"><span style=\"font-size: medium;\">H\u00e1 tr\u00eas necessidades urgentes que sinto existirem naquela associa\u00e7\u00e3o, que n\u00e3o podem continuar a ser adiadas.\u00a0 E cuja resolu\u00e7\u00e3o merece toda a nossa aten\u00e7\u00e3o colectiva. A primeira \u2013 e mais grave \u2013 prende-se com a aquisi\u00e7\u00e3o de uma nova Ambul\u00e2ncia de Emerg\u00eancia para o CODU (Centro de Orienta\u00e7\u00e3o de Doentes Urgentes). Est\u00e1 em causa o protocolo com o INEM que garante a exist\u00eancia de um Posto de Emerg\u00eancia M\u00e9dica no nosso concelho. A renova\u00e7\u00e3o deste protocolo, prevista para outubro,\u00a0 ao que julgo saber, depende directamente da compra desta viatura, cujo valor ronda os 70 mil euros. Sem ela, Const\u00e2ncia poder\u00e1 perder o seu posto de emerg\u00eancia m\u00e9dica. E todos sabemos o que isso significa: mais tempo de resposta, mais dist\u00e2ncia aos cuidados, mais risco para quem precisa de ajuda imediata.<\/span><\/span><\/span><\/p>\n<p align=\"left\"><span style=\"color: #000000;\"><span style=\"font-family: Arial, sans-serif;\"><span style=\"font-size: medium;\">\u00c9 verdade que existe um compromisso antigo do munic\u00edpio, iniciado em mandatos anteriores, de comparticipar 20% do custo de cada viatura. Mas o resto do montante n\u00e3o se inventa e a Associa\u00e7\u00e3o n\u00e3o tem meios pr\u00f3prios para o suportar. Esta n\u00e3o \u00e9 uma despesa de luxo, \u00e9 uma necessidade vital.<\/span><\/span><\/span><\/p>\n<p align=\"left\"><span style=\"color: #000000;\"><span style=\"font-family: Arial, sans-serif;\"><span style=\"font-size: medium;\">A segunda prioridade tem a ver com a substitui\u00e7\u00e3o do dep\u00f3sito de \u00e1guas quentes do quartel, equipamento com meio s\u00e9culo de uso. Est\u00e1 obsoleto, funciona com resist\u00eancias el\u00e9tricas em vez dos pain\u00e9is solares e representa\u00a0 eventuais riscos de seguran\u00e7a. A urg\u00eancia \u00e9 evidente e o custo, embora significativo (um gerador para v\u00e1rias val\u00eancias comunit\u00e1rias na vila oscilar\u00e1\u00a0entre 17 mil e 20 mil euros, dizem-me), \u00e9 incomparavelmente menor do que o valor de\u00a0 hipot\u00e9tico acidente.<\/span><\/span><\/span><\/p>\n<p align=\"left\"><span style=\"color: #000000;\"><span style=\"font-family: Arial, sans-serif;\"><span style=\"font-size: medium;\">A terceira necessidade prende-se com os port\u00f5es do quartel. Pesados, manuais e inseguros, dificultam a sa\u00edda r\u00e1pida das viaturas em momentos em que cada segundo conta. Substitu\u00ed-los por port\u00f5es autom\u00e1ticos n\u00e3o \u00e9 uma quest\u00e3o de conforto, mas sim de operacionalidade e seguran\u00e7a.<\/span><\/span><\/span><\/p>\n<p align=\"left\"><span style=\"color: #000000;\"><span style=\"font-family: Arial, sans-serif;\"><span style=\"font-size: medium;\">Estas tr\u00eas prioridades n\u00e3o s\u00e3o um capricho de dirigentes, s\u00e3o exig\u00eancias m\u00ednimas para que os Bombeiros possam continuar a servir a popula\u00e7\u00e3o com a efic\u00e1cia e a prontid\u00e3o que sempre caracterizaram a sua miss\u00e3o.<\/span><\/span><\/span><\/p>\n<p align=\"left\"><span style=\"color: #000000;\"><span style=\"font-family: Arial, sans-serif;\"><span style=\"font-size: medium;\">Deixo este alerta em voz alta porque o sil\u00eancio, neste caso, seria cumplicidade com a in\u00e9rcia. Os Bombeiros de Const\u00e2ncia n\u00e3o podem ficar sem a sua ambul\u00e2ncia de emerg\u00eancia. N\u00e3o podem ficar ref\u00e9ns de equipamentos caducos. N\u00e3o podem depender apenas da boa vontade individual de quem, por generosidade, resolve ajudar.<\/span><\/span><\/span><\/p>\n<p align=\"left\"><span style=\"color: #000000;\"><span style=\"font-family: Arial, sans-serif;\"><span style=\"font-size: medium;\">A Associa\u00e7\u00e3o Humanit\u00e1ria \u00e9 de todos n\u00f3s. Se a deixarmos fragilizar-se, fragilizamos tamb\u00e9m a protec\u00e7\u00e3o das nossas fam\u00edlias. N\u00e3o falo em nome de nenhum \u00f3rg\u00e3o, nem como porta-voz de uma dire\u00e7\u00e3o. Falo apenas como Jos\u00e9 Luz, antigo presidente da Assembleia Geral, mas acima de tudo como cidad\u00e3o de Const\u00e2ncia.<\/span><\/span><\/span><\/p>\n<p align=\"left\"><span style=\"color: #000000;\"><span style=\"font-family: Arial, sans-serif;\"><span style=\"font-size: medium;\">E o que digo \u00e9 simples: ou a comunidade e as entidades p\u00fablicas se mobilizam, ou corremos o risco de perder um servi\u00e7o essencial. E quando perdermos, ser\u00e1 tarde demais para lamentar.<\/span><\/span><\/span><\/p>\n<p align=\"left\"><em><span style=\"color: #000000;\"><span style=\"font-family: Arial, sans-serif;\"><span style=\"font-size: medium;\">Jos\u00e9 Luz (antigo presidente da Assembleia Geral dos Bombeiros de Const\u00e2ncia)\u00bb<\/span><\/span><\/span><\/em><\/p>\n<div class=\"fb-background-color\">\n\t\t\t  <div \n\t\t\t  \tclass = \"fb-comments\" \n\t\t\t  \tdata-href = \"https:\/\/www.entroncamentoonline.pt\/portal\/correio-dos-leitores-constancia-em-risco-de-perder-posto-de-emergencia-medica-por-jose-luz\/\"\n\t\t\t  \tdata-numposts = \"10\"\n\t\t\t  \tdata-lazy = \"true\"\n\t\t\t\tdata-colorscheme = \"light\"\n\t\t\t\tdata-order-by = \"social\"\n\t\t\t\tdata-mobile=true>\n\t\t\t  <\/div><\/div>\n\t\t  <style>\n\t\t    .fb-background-color {\n\t\t\t\tbackground:  !important;\n\t\t\t}\n\t\t\t.fb_iframe_widget_fluid_desktop iframe {\n\t\t\t    width: 100% !important;\n\t\t\t}\n\t\t  <\/style>\n\t\t  ","protected":false},"excerpt":{"rendered":"<p>Os\u00a0Bombeiros Volunt\u00e1rios de Const\u00e2ncia enfrentam uma prioridade inadi\u00e1vel: adquirir, at\u00e9 Outubro, uma nova Ambul\u00e2ncia de Emerg\u00eancia para garantir a continuidade do protocolo com o INEM. Sem este investimento, avaliado em cerca de 70 mil euros, o concelho arrisca-se a perder o seu Posto de Emerg\u00eancia M\u00e9dica \u2014 um servi\u00e7o vital para a resposta r\u00e1pida a [&hellip;]<\/p>\n","protected":false},"author":43,"featured_media":69486,"comment_status":"open","ping_status":"closed","sticky":false,"template":"","format":"standard","meta":{"_acf_changed":false,"footnotes":""},"categories":[39],"tags":[],"class_list":{"0":"post-69485","1":"post","2":"type-post","3":"status-publish","4":"format-standard","5":"has-post-thumbnail","7":"category-correio-dos-leitores"},"acf":[],"_links":{"self":[{"href":"https:\/\/www.entroncamentoonline.pt\/portal\/wp-json\/wp\/v2\/posts\/69485","targetHints":{"allow":["GET"]}}],"collection":[{"href":"https:\/\/www.entroncamentoonline.pt\/portal\/wp-json\/wp\/v2\/posts"}],"about":[{"href":"https:\/\/www.entroncamentoonline.pt\/portal\/wp-json\/wp\/v2\/types\/post"}],"author":[{"embeddable":true,"href":"https:\/\/www.entroncamentoonline.pt\/portal\/wp-json\/wp\/v2\/users\/43"}],"replies":[{"embeddable":true,"href":"https:\/\/www.entroncamentoonline.pt\/portal\/wp-json\/wp\/v2\/comments?post=69485"}],"version-history":[{"count":0,"href":"https:\/\/www.entroncamentoonline.pt\/portal\/wp-json\/wp\/v2\/posts\/69485\/revisions"}],"wp:featuredmedia":[{"embeddable":true,"href":"https:\/\/www.entroncamentoonline.pt\/portal\/wp-json\/wp\/v2\/media\/69486"}],"wp:attachment":[{"href":"https:\/\/www.entroncamentoonline.pt\/portal\/wp-json\/wp\/v2\/media?parent=69485"}],"wp:term":[{"taxonomy":"category","embeddable":true,"href":"https:\/\/www.entroncamentoonline.pt\/portal\/wp-json\/wp\/v2\/categories?post=69485"},{"taxonomy":"post_tag","embeddable":true,"href":"https:\/\/www.entroncamentoonline.pt\/portal\/wp-json\/wp\/v2\/tags?post=69485"}],"curies":[{"name":"wp","href":"https:\/\/api.w.org\/{rel}","templated":true}]}}