{"id":69448,"date":"2025-08-30T19:00:06","date_gmt":"2025-08-30T18:00:06","guid":{"rendered":"https:\/\/www.entroncamentoonline.pt\/portal\/?p=69448"},"modified":"2025-08-30T18:01:21","modified_gmt":"2025-08-30T17:01:21","slug":"autarquicas-2025-livre-apresentou-candidatura-ao-entroncamento-com-propostas-centradas-na-seguranca-habitacao-ambiente-saude-e-comercio-local","status":"publish","type":"post","link":"https:\/\/www.entroncamentoonline.pt\/portal\/autarquicas-2025-livre-apresentou-candidatura-ao-entroncamento-com-propostas-centradas-na-seguranca-habitacao-ambiente-saude-e-comercio-local\/","title":{"rendered":"Aut\u00e1rquicas 2025: LIVRE apresentou candidatura ao Entroncamento com propostas centradas na seguran\u00e7a, habita\u00e7\u00e3o, ambiente, sa\u00fade e com\u00e9rcio local"},"content":{"rendered":"<p><span style=\"font-family: Arial, sans-serif;\">A candidatura do <\/span><strong><span style=\"font-family: Arial, sans-serif;\">LIVRE<\/span><\/strong><span style=\"font-family: Arial, sans-serif;\"> \u00e0 C\u00e2mara Municipal do <\/span><strong><span style=\"font-family: Arial, sans-serif;\">Entroncamento<\/span><\/strong><span style=\"font-family: Arial, sans-serif;\"> foi apresentada este <\/span><strong><span style=\"font-family: Arial, sans-serif;\">s\u00e1bado, 30 de agosto<\/span><\/strong><span style=\"font-family: Arial, sans-serif;\">, na <\/span><strong><span style=\"font-family: Arial, sans-serif;\">zona verde da cidade<\/span><\/strong><span style=\"font-family: Arial, sans-serif;\">, com um conjunto de propostas centradas na <\/span><strong><span style=\"font-family: Arial, sans-serif;\">seguran\u00e7a humana<\/span><\/strong><span style=\"font-family: Arial, sans-serif;\">, <\/span><strong><span style=\"font-family: Arial, sans-serif;\">habita\u00e7\u00e3o acess\u00edvel<\/span><\/strong><span style=\"font-family: Arial, sans-serif;\">, <\/span><strong><span style=\"font-family: Arial, sans-serif;\">sustentabilidade ambiental<\/span><\/strong><span style=\"font-family: Arial, sans-serif;\">, <\/span><strong><span style=\"font-family: Arial, sans-serif;\">prote\u00e7\u00e3o animal<\/span><\/strong><span style=\"font-family: Arial, sans-serif;\">, <\/span><strong><span style=\"font-family: Arial, sans-serif;\">com\u00e9rcio de proximidade<\/span><\/strong><span style=\"font-family: Arial, sans-serif;\"> e <\/span><strong><span style=\"font-family: Arial, sans-serif;\">acesso \u00e0 sa\u00fade e educa\u00e7\u00e3o<\/span><\/strong><span style=\"font-family: Arial, sans-serif;\">.<\/span><\/p>\n<p><span style=\"font-family: Arial, sans-serif;\">O cabe\u00e7a de lista \u00e0 presid\u00eancia da C\u00e2mara \u00e9 <\/span><strong><span style=\"font-family: Arial, sans-serif;\">Rui Sim\u00f5es<\/span><\/strong><span style=\"font-family: Arial, sans-serif;\">, que sublinhou que \u201ca seguran\u00e7a \u00e9 o mote principal da nossa campanha e ser\u00e1 do nosso programa\u201d, defendendo o conceito de <\/span><strong><span style=\"font-family: Arial, sans-serif;\">seguran\u00e7a humana<\/span><\/strong><span style=\"font-family: Arial, sans-serif;\"> como eixo program\u00e1tico, inspirado nas diretrizes das Na\u00e7\u00f5es Unidas: \u201cFocamo-nos na aus\u00eancia do medo e da car\u00eancia, abrangendo n\u00e3o s\u00f3 a viol\u00eancia, mas tamb\u00e9m a prote\u00e7\u00e3o contra a pobreza, fome, doen\u00e7as, degrada\u00e7\u00e3o ambiental e outras amea\u00e7as que prejudicam o bem-estar humano.\u201d A equipa candidata \u00e0 C\u00e2mara inclui ainda <\/span><strong><span style=\"font-family: Arial, sans-serif;\">Vera Matos<\/span><\/strong><span style=\"font-family: Arial, sans-serif;\"> como n\u00famero dois e <\/span><strong><span style=\"font-family: Arial, sans-serif;\">Vanessa Curral<\/span><\/strong><span style=\"font-family: Arial, sans-serif;\"> como n\u00famero tr\u00eas.<\/span><\/p>\n<p><img loading=\"lazy\" decoding=\"async\" class=\"alignnone size-medium wp-image-69450\" src=\"https:\/\/www.entroncamentoonline.pt\/portal\/wp-content\/uploads\/2025\/08\/IMG_4369-800x533.jpg\" alt=\"\" width=\"800\" height=\"533\" srcset=\"https:\/\/www.entroncamentoonline.pt\/portal\/wp-content\/uploads\/2025\/08\/IMG_4369-800x533.jpg 800w, https:\/\/www.entroncamentoonline.pt\/portal\/wp-content\/uploads\/2025\/08\/IMG_4369-2024x1349.jpg 2024w, https:\/\/www.entroncamentoonline.pt\/portal\/wp-content\/uploads\/2025\/08\/IMG_4369-768x512.jpg 768w, https:\/\/www.entroncamentoonline.pt\/portal\/wp-content\/uploads\/2025\/08\/IMG_4369-1536x1024.jpg 1536w, https:\/\/www.entroncamentoonline.pt\/portal\/wp-content\/uploads\/2025\/08\/IMG_4369-2048x1365.jpg 2048w, https:\/\/www.entroncamentoonline.pt\/portal\/wp-content\/uploads\/2025\/08\/IMG_4369-696x464.jpg 696w, https:\/\/www.entroncamentoonline.pt\/portal\/wp-content\/uploads\/2025\/08\/IMG_4369-1068x712.jpg 1068w, https:\/\/www.entroncamentoonline.pt\/portal\/wp-content\/uploads\/2025\/08\/IMG_4369-1920x1280.jpg 1920w, https:\/\/www.entroncamentoonline.pt\/portal\/wp-content\/uploads\/2025\/08\/IMG_4369-630x420.jpg 630w\" sizes=\"auto, (max-width: 800px) 100vw, 800px\" \/><\/p>\n<p><em>Vanessa Curral<\/em><\/p>\n<p><span style=\"font-family: Arial, sans-serif;\">A candidata Vanessa Curral destacou a <\/span><strong><span style=\"font-family: Arial, sans-serif;\">seguran\u00e7a comunit\u00e1ria<\/span><\/strong><span style=\"font-family: Arial, sans-serif;\">, apelando \u00e0 cria\u00e7\u00e3o de espa\u00e7os p\u00fablicos seguros e \u00e0 valoriza\u00e7\u00e3o das rela\u00e7\u00f5es de vizinhan\u00e7a: \u201cQueremos trabalhar juntos na seguran\u00e7a da comunidade. As pessoas querem andar na rua em seguran\u00e7a.\u201d<\/span><\/p>\n<p><img loading=\"lazy\" decoding=\"async\" class=\"alignnone size-medium wp-image-69451\" src=\"https:\/\/www.entroncamentoonline.pt\/portal\/wp-content\/uploads\/2025\/08\/IMG_4375-800x533.jpg\" alt=\"\" width=\"800\" height=\"533\" srcset=\"https:\/\/www.entroncamentoonline.pt\/portal\/wp-content\/uploads\/2025\/08\/IMG_4375-800x533.jpg 800w, https:\/\/www.entroncamentoonline.pt\/portal\/wp-content\/uploads\/2025\/08\/IMG_4375-2024x1349.jpg 2024w, https:\/\/www.entroncamentoonline.pt\/portal\/wp-content\/uploads\/2025\/08\/IMG_4375-768x512.jpg 768w, https:\/\/www.entroncamentoonline.pt\/portal\/wp-content\/uploads\/2025\/08\/IMG_4375-1536x1024.jpg 1536w, https:\/\/www.entroncamentoonline.pt\/portal\/wp-content\/uploads\/2025\/08\/IMG_4375-2048x1365.jpg 2048w, https:\/\/www.entroncamentoonline.pt\/portal\/wp-content\/uploads\/2025\/08\/IMG_4375-696x464.jpg 696w, https:\/\/www.entroncamentoonline.pt\/portal\/wp-content\/uploads\/2025\/08\/IMG_4375-1068x712.jpg 1068w, https:\/\/www.entroncamentoonline.pt\/portal\/wp-content\/uploads\/2025\/08\/IMG_4375-1920x1280.jpg 1920w, https:\/\/www.entroncamentoonline.pt\/portal\/wp-content\/uploads\/2025\/08\/IMG_4375-630x420.jpg 630w\" sizes=\"auto, (max-width: 800px) 100vw, 800px\" \/><\/p>\n<p><em>Vera Matos<\/em><\/p>\n<p><strong><span style=\"font-family: Arial, sans-serif;\">Vera Matos<\/span><\/strong><span style=\"font-family: Arial, sans-serif;\">, que foi <\/span><strong><span style=\"font-family: Arial, sans-serif;\">cabe\u00e7a de lista do PAN pelo c\u00edrculo de Santar\u00e9m nas legislativas<\/span><\/strong><span style=\"font-family: Arial, sans-serif;\">, explicou em entrevista ao <\/span><em><span style=\"font-family: Arial, sans-serif;\">Entroncamento Online<\/span><\/em><span style=\"font-family: Arial, sans-serif;\"> que a sua mudan\u00e7a para o LIVRE representa \u201cuma oportunidade de agir localmente, de forma mais pr\u00f3xima das pessoas e com maior facilidade de interven\u00e7\u00e3o no munic\u00edpio\u201d. Sobre a sa\u00edda do anterior partido, afirmou: \u201cFoi uma desvincula\u00e7\u00e3o calma. Sa\u00ed bem, continuo a valorizar o PAN, mas neste momento o desafio era outro.\u201d Vera Matos destacou ainda a import\u00e2ncia das quest\u00f5es <\/span><strong><span style=\"font-family: Arial, sans-serif;\">ecol\u00f3gicas e de bem-estar animal<\/span><\/strong><span style=\"font-family: Arial, sans-serif;\">, que considera \u201ctransversais a todos os partidos\u201d, defendendo que \u201cno meio ambiente somos muito mais felizes, e isso tamb\u00e9m \u00e9 um dos objetivos da nossa candidatura \u2014 e um objetivo pessoal meu: ter as pessoas mais felizes.\u201d<\/span><\/p>\n<p><img loading=\"lazy\" decoding=\"async\" class=\"alignnone size-medium wp-image-69454\" src=\"https:\/\/www.entroncamentoonline.pt\/portal\/wp-content\/uploads\/2025\/08\/IMG_4386-800x533.jpg\" alt=\"\" width=\"800\" height=\"533\" srcset=\"https:\/\/www.entroncamentoonline.pt\/portal\/wp-content\/uploads\/2025\/08\/IMG_4386-800x533.jpg 800w, https:\/\/www.entroncamentoonline.pt\/portal\/wp-content\/uploads\/2025\/08\/IMG_4386-2024x1349.jpg 2024w, https:\/\/www.entroncamentoonline.pt\/portal\/wp-content\/uploads\/2025\/08\/IMG_4386-768x512.jpg 768w, https:\/\/www.entroncamentoonline.pt\/portal\/wp-content\/uploads\/2025\/08\/IMG_4386-1536x1024.jpg 1536w, https:\/\/www.entroncamentoonline.pt\/portal\/wp-content\/uploads\/2025\/08\/IMG_4386-2048x1365.jpg 2048w, https:\/\/www.entroncamentoonline.pt\/portal\/wp-content\/uploads\/2025\/08\/IMG_4386-696x464.jpg 696w, https:\/\/www.entroncamentoonline.pt\/portal\/wp-content\/uploads\/2025\/08\/IMG_4386-1068x712.jpg 1068w, https:\/\/www.entroncamentoonline.pt\/portal\/wp-content\/uploads\/2025\/08\/IMG_4386-1920x1280.jpg 1920w, https:\/\/www.entroncamentoonline.pt\/portal\/wp-content\/uploads\/2025\/08\/IMG_4386-630x420.jpg 630w\" sizes=\"auto, (max-width: 800px) 100vw, 800px\" \/><\/p>\n<p><span style=\"font-family: Arial, sans-serif;\">Em nome de <\/span><strong><span style=\"font-family: Arial, sans-serif;\">Andreia Vieira<\/span><\/strong><span style=\"font-family: Arial, sans-serif;\">, foram apresentadas propostas para a <\/span><strong><span style=\"font-family: Arial, sans-serif;\">seguran\u00e7a habitacional<\/span><\/strong><span style=\"font-family: Arial, sans-serif;\">, com foco na reabilita\u00e7\u00e3o de im\u00f3veis e no acesso \u00e0 habita\u00e7\u00e3o a custos acess\u00edveis: \u201cTemos muitas casas para reabilitar e podemos garanti-las para venda ou aluguer a pre\u00e7os justos. O LIVRE vai apresentar propostas para, at\u00e9 2029, colocar no mercado habita\u00e7\u00e3o acess\u00edvel para que os jovens n\u00e3o tenham de sair do Entroncamento.\u201d<\/span><\/p>\n<p><strong><span style=\"font-family: Arial, sans-serif;\">David Adri<\/span><\/strong><strong><span style=\"font-family: Arial, sans-serif;\">\u00e3o<\/span><\/strong><span style=\"font-family: Arial, sans-serif;\"> abordou a <\/span><strong><span style=\"font-family: Arial, sans-serif;\">seguran\u00e7a na educa\u00e7\u00e3o<\/span><\/strong><span style=\"font-family: Arial, sans-serif;\">, defendendo melhores condi\u00e7\u00f5es nas escolas e refor\u00e7o do pessoal auxiliar: \u201cA escola \u00e9 onde os jovens passam cerca de um ter\u00e7o do seu dia \u00fatil. O munic\u00edpio tem a responsabilidade de garantir ambientes escolares seguros, com alimenta\u00e7\u00e3o saud\u00e1vel e condi\u00e7\u00f5es dignas para docentes e auxiliares.\u201d<\/span><\/p>\n<p><img loading=\"lazy\" decoding=\"async\" class=\"alignnone size-medium wp-image-69453\" src=\"https:\/\/www.entroncamentoonline.pt\/portal\/wp-content\/uploads\/2025\/08\/IMG_4384-800x533.jpg\" alt=\"\" width=\"800\" height=\"533\" srcset=\"https:\/\/www.entroncamentoonline.pt\/portal\/wp-content\/uploads\/2025\/08\/IMG_4384-800x533.jpg 800w, https:\/\/www.entroncamentoonline.pt\/portal\/wp-content\/uploads\/2025\/08\/IMG_4384-2024x1349.jpg 2024w, https:\/\/www.entroncamentoonline.pt\/portal\/wp-content\/uploads\/2025\/08\/IMG_4384-768x512.jpg 768w, https:\/\/www.entroncamentoonline.pt\/portal\/wp-content\/uploads\/2025\/08\/IMG_4384-1536x1024.jpg 1536w, https:\/\/www.entroncamentoonline.pt\/portal\/wp-content\/uploads\/2025\/08\/IMG_4384-2048x1365.jpg 2048w, https:\/\/www.entroncamentoonline.pt\/portal\/wp-content\/uploads\/2025\/08\/IMG_4384-696x464.jpg 696w, https:\/\/www.entroncamentoonline.pt\/portal\/wp-content\/uploads\/2025\/08\/IMG_4384-1068x712.jpg 1068w, https:\/\/www.entroncamentoonline.pt\/portal\/wp-content\/uploads\/2025\/08\/IMG_4384-1920x1280.jpg 1920w, https:\/\/www.entroncamentoonline.pt\/portal\/wp-content\/uploads\/2025\/08\/IMG_4384-630x420.jpg 630w\" sizes=\"auto, (max-width: 800px) 100vw, 800px\" \/><\/p>\n<p><em>Leonel Carmo<\/em><\/p>\n<p><strong><span style=\"font-family: Arial, sans-serif;\">Leonel Carmo<\/span><\/strong><span style=\"font-family: Arial, sans-serif;\">, que assume o papel de <\/span><strong><span style=\"font-family: Arial, sans-serif;\">mandat\u00e1rio da candidatura<\/span><\/strong><span style=\"font-family: Arial, sans-serif;\">, focou-se na <\/span><strong><span style=\"font-family: Arial, sans-serif;\">seguran\u00e7a na sa\u00fade<\/span><\/strong><span style=\"font-family: Arial, sans-serif;\">, criticando a falta de m\u00e9dicos de fam\u00edlia e o acesso limitado a consultas de urg\u00eancia: \u201cNingu\u00e9m se sente seguro se n\u00e3o tiver acesso aos cuidados b\u00e1sicos. A C\u00e2mara Municipal tem compet\u00eancias na \u00e1rea da sa\u00fade e compete-lhe encontrar solu\u00e7\u00f5es. Com o LIVRE na presid\u00eancia, garantimos que nenhum cidad\u00e3o ficar\u00e1 sem consulta de urg\u00eancia.\u201d<\/span><\/p>\n<p><span style=\"font-family: Arial, sans-serif;\">A candidatura \u00e0 <\/span><strong><span style=\"font-family: Arial, sans-serif;\">Assembleia Municipal<\/span><\/strong><span style=\"font-family: Arial, sans-serif;\"> \u00e9 liderada por <\/span><strong><span style=\"font-family: Arial, sans-serif;\">Rui Sim\u00f5es<\/span><\/strong><span style=\"font-family: Arial, sans-serif;\">, seguido por <\/span><strong><span style=\"font-family: Arial, sans-serif;\">Vanessa Curral<\/span><\/strong><span style=\"font-family: Arial, sans-serif;\"> e <\/span><strong><span style=\"font-family: Arial, sans-serif;\">Vera Matos<\/span><\/strong><span style=\"font-family: Arial, sans-serif;\">, refletindo a aposta numa equipa coesa e transversal. Para as <\/span><strong><span style=\"font-family: Arial, sans-serif;\">Juntas de Freguesia<\/span><\/strong><span style=\"font-family: Arial, sans-serif;\">, o LIVRE apresenta <\/span><strong><span style=\"font-family: Arial, sans-serif;\">Vera Matos<\/span><\/strong><span style=\"font-family: Arial, sans-serif;\"> como cabe\u00e7a de lista em <\/span><strong><span style=\"font-family: Arial, sans-serif;\">Nossa Senhora de F\u00e1tima<\/span><\/strong><span style=\"font-family: Arial, sans-serif;\">, acompanhada por <\/span><strong><span style=\"font-family: Arial, sans-serif;\">David Adri<\/span><\/strong><strong><span style=\"font-family: Arial, sans-serif;\">\u00e3o<\/span><\/strong><span style=\"font-family: Arial, sans-serif;\">, e <\/span><strong><span style=\"font-family: Arial, sans-serif;\">Vanessa Curral<\/span><\/strong><span style=\"font-family: Arial, sans-serif;\"> como n\u00famero um em <\/span><strong><span style=\"font-family: Arial, sans-serif;\">S\u00e3o Jo\u00e3o Baptista<\/span><\/strong><span style=\"font-family: Arial, sans-serif;\">, com <\/span><strong><span style=\"font-family: Arial, sans-serif;\">Leonel Carmo<\/span><\/strong><span style=\"font-family: Arial, sans-serif;\"> como n\u00famero dois.<\/span><\/p>\n<p><img loading=\"lazy\" decoding=\"async\" class=\"alignnone size-medium wp-image-69452\" src=\"https:\/\/www.entroncamentoonline.pt\/portal\/wp-content\/uploads\/2025\/08\/IMG_4365-800x533.jpg\" alt=\"\" width=\"800\" height=\"533\" srcset=\"https:\/\/www.entroncamentoonline.pt\/portal\/wp-content\/uploads\/2025\/08\/IMG_4365-800x533.jpg 800w, https:\/\/www.entroncamentoonline.pt\/portal\/wp-content\/uploads\/2025\/08\/IMG_4365-2024x1349.jpg 2024w, https:\/\/www.entroncamentoonline.pt\/portal\/wp-content\/uploads\/2025\/08\/IMG_4365-768x512.jpg 768w, https:\/\/www.entroncamentoonline.pt\/portal\/wp-content\/uploads\/2025\/08\/IMG_4365-1536x1024.jpg 1536w, https:\/\/www.entroncamentoonline.pt\/portal\/wp-content\/uploads\/2025\/08\/IMG_4365-2048x1365.jpg 2048w, https:\/\/www.entroncamentoonline.pt\/portal\/wp-content\/uploads\/2025\/08\/IMG_4365-696x464.jpg 696w, https:\/\/www.entroncamentoonline.pt\/portal\/wp-content\/uploads\/2025\/08\/IMG_4365-1068x712.jpg 1068w, https:\/\/www.entroncamentoonline.pt\/portal\/wp-content\/uploads\/2025\/08\/IMG_4365-1920x1280.jpg 1920w, https:\/\/www.entroncamentoonline.pt\/portal\/wp-content\/uploads\/2025\/08\/IMG_4365-630x420.jpg 630w\" sizes=\"auto, (max-width: 800px) 100vw, 800px\" \/><\/p>\n<p><em>Rui Sim\u00f5es<\/em><\/p>\n<p><span style=\"font-family: Arial, sans-serif;\">Rui Sim\u00f5es encerrou a sess\u00e3o com propostas concretas para o <\/span><strong><span style=\"font-family: Arial, sans-serif;\">com\u00e9rcio local<\/span><\/strong><span style=\"font-family: Arial, sans-serif;\">, anunciando o programa <\/span><strong><span style=\"font-family: Arial, sans-serif;\">revitamais.com<\/span><\/strong><span style=\"font-family: Arial, sans-serif;\">: \u201cVamos unir os centros de com\u00e9rcio de proximidade, melhorar a ilumina\u00e7\u00e3o p\u00fablica e fomentar o surgimento de uma verdadeira associa\u00e7\u00e3o de comerciantes.\u201d O candidato defendeu ainda a <\/span><strong><span style=\"font-family: Arial, sans-serif;\">descentraliza\u00e7\u00e3o de compet\u00eancias<\/span><\/strong><span style=\"font-family: Arial, sans-serif;\"> para as juntas de freguesia, especialmente na \u00e1rea do <\/span><strong><span style=\"font-family: Arial, sans-serif;\">bem-estar animal<\/span><\/strong><span style=\"font-family: Arial, sans-serif;\"> e da <\/span><strong><span style=\"font-family: Arial, sans-serif;\">gest\u00e3o de espa\u00e7os verdes<\/span><\/strong><span style=\"font-family: Arial, sans-serif;\">: \u201cAs juntas est\u00e3o mais pr\u00f3ximas das pessoas e sabem melhor cuidar dos jardins e das papeleiras. Com o LIVRE, vamos libertar e capacitar quem est\u00e1 no terreno.\u201d<\/span><\/p>\n<p><span style=\"font-family: Arial, sans-serif;\">A candidatura apresenta-se com equipas parit\u00e1rias e propostas centradas na participa\u00e7\u00e3o cidad\u00e3, justi\u00e7a social e desenvolvimento sustent\u00e1vel, com o lema: <\/span><strong><span style=\"font-family: Arial, sans-serif;\">\u201cJuntos fazemos o Entroncamento.\u201d<\/span><\/strong><\/p>\n<p align=\"left\"><em><span style=\"font-family: Arial, sans-serif;\"><span style=\"font-size: medium;\">Texto e Fotos: Ricardo Alves<\/span><\/span><\/em><\/p>\n<div class=\"fb-background-color\">\n\t\t\t  <div \n\t\t\t  \tclass = \"fb-comments\" \n\t\t\t  \tdata-href = \"https:\/\/www.entroncamentoonline.pt\/portal\/autarquicas-2025-livre-apresentou-candidatura-ao-entroncamento-com-propostas-centradas-na-seguranca-habitacao-ambiente-saude-e-comercio-local\/\"\n\t\t\t  \tdata-numposts = \"10\"\n\t\t\t  \tdata-lazy = \"true\"\n\t\t\t\tdata-colorscheme = \"light\"\n\t\t\t\tdata-order-by = \"social\"\n\t\t\t\tdata-mobile=true>\n\t\t\t  <\/div><\/div>\n\t\t  <style>\n\t\t    .fb-background-color {\n\t\t\t\tbackground:  !important;\n\t\t\t}\n\t\t\t.fb_iframe_widget_fluid_desktop iframe {\n\t\t\t    width: 100% !important;\n\t\t\t}\n\t\t  <\/style>\n\t\t  ","protected":false},"excerpt":{"rendered":"<p>A candidatura do LIVRE \u00e0 C\u00e2mara Municipal do Entroncamento foi apresentada este s\u00e1bado, 30 de agosto, na zona verde da cidade, com um conjunto de propostas centradas na seguran\u00e7a humana, habita\u00e7\u00e3o acess\u00edvel, sustentabilidade ambiental, prote\u00e7\u00e3o animal, com\u00e9rcio de proximidade e acesso \u00e0 sa\u00fade e educa\u00e7\u00e3o. O cabe\u00e7a de lista \u00e0 presid\u00eancia da C\u00e2mara \u00e9 Rui [&hellip;]<\/p>\n","protected":false},"author":43,"featured_media":69449,"comment_status":"open","ping_status":"closed","sticky":false,"template":"","format":"standard","meta":{"_acf_changed":false,"footnotes":""},"categories":[1],"tags":[320,115,340,341,342],"class_list":{"0":"post-69448","1":"post","2":"type-post","3":"status-publish","4":"format-standard","5":"has-post-thumbnail","7":"category-sem-categoria","8":"tag-autarquicas-2025","9":"tag-entroncamento","10":"tag-livre","11":"tag-rui-simoes","12":"tag-vera-matos"},"acf":[],"_links":{"self":[{"href":"https:\/\/www.entroncamentoonline.pt\/portal\/wp-json\/wp\/v2\/posts\/69448","targetHints":{"allow":["GET"]}}],"collection":[{"href":"https:\/\/www.entroncamentoonline.pt\/portal\/wp-json\/wp\/v2\/posts"}],"about":[{"href":"https:\/\/www.entroncamentoonline.pt\/portal\/wp-json\/wp\/v2\/types\/post"}],"author":[{"embeddable":true,"href":"https:\/\/www.entroncamentoonline.pt\/portal\/wp-json\/wp\/v2\/users\/43"}],"replies":[{"embeddable":true,"href":"https:\/\/www.entroncamentoonline.pt\/portal\/wp-json\/wp\/v2\/comments?post=69448"}],"version-history":[{"count":0,"href":"https:\/\/www.entroncamentoonline.pt\/portal\/wp-json\/wp\/v2\/posts\/69448\/revisions"}],"wp:featuredmedia":[{"embeddable":true,"href":"https:\/\/www.entroncamentoonline.pt\/portal\/wp-json\/wp\/v2\/media\/69449"}],"wp:attachment":[{"href":"https:\/\/www.entroncamentoonline.pt\/portal\/wp-json\/wp\/v2\/media?parent=69448"}],"wp:term":[{"taxonomy":"category","embeddable":true,"href":"https:\/\/www.entroncamentoonline.pt\/portal\/wp-json\/wp\/v2\/categories?post=69448"},{"taxonomy":"post_tag","embeddable":true,"href":"https:\/\/www.entroncamentoonline.pt\/portal\/wp-json\/wp\/v2\/tags?post=69448"}],"curies":[{"name":"wp","href":"https:\/\/api.w.org\/{rel}","templated":true}]}}