{"id":69394,"date":"2025-08-27T10:10:29","date_gmt":"2025-08-27T09:10:29","guid":{"rendered":"https:\/\/www.entroncamentoonline.pt\/portal\/?p=69394"},"modified":"2025-08-27T10:12:07","modified_gmt":"2025-08-27T09:12:07","slug":"novos-peugeot-308-e-308-sw-chegam-no-outono-com-design-arrojado-e-motorizacoes-para-todos-os-estilos-de-conducao","status":"publish","type":"post","link":"https:\/\/www.entroncamentoonline.pt\/portal\/novos-peugeot-308-e-308-sw-chegam-no-outono-com-design-arrojado-e-motorizacoes-para-todos-os-estilos-de-conducao\/","title":{"rendered":"Novos PEUGEOT 308 e 308 SW chegam no outono com design arrojado e motoriza\u00e7\u00f5es para todos os estilos de condu\u00e7\u00e3o"},"content":{"rendered":"<p>A PEUGEOT revelou os novos modelos <strong>308 e 308 SW<\/strong>, que chegam ao mercado portugu\u00eas no <strong>outono de 2025<\/strong>, com uma aposta clara no <strong>prazer de condu\u00e7\u00e3o<\/strong>, na <strong>efici\u00eancia energ\u00e9tica<\/strong> e num <strong>design marcante<\/strong>. Produzidos em <strong>Mulhouse, Fran\u00e7a<\/strong>, os novos modelos destacam-se pela frente iluminada, assinatura luminosa de tr\u00eas garras e o novo emblema da marca \u2014 agora tamb\u00e9m iluminado.<\/p>\n<p>A gama inclui <strong>quatro motoriza\u00e7\u00f5es<\/strong>: 100% el\u00e9trica, h\u00edbrido plug-in, h\u00edbrido convencional e Diesel, com <strong>tr\u00eas n\u00edveis de equipamento<\/strong> \u2014 Style, Allure e GT. O modelo el\u00e9trico <strong>PEUGEOT E-308<\/strong> oferece at\u00e9 <strong>450 km de autonomia<\/strong>, com carregamento r\u00e1pido e funcionalidades como <strong>Plug &amp; Charge<\/strong> e <strong>V2L<\/strong>, que permitem alimentar dispositivos externos diretamente a partir da bateria do ve\u00edculo.<\/p>\n<p><img loading=\"lazy\" decoding=\"async\" class=\"alignnone size-medium wp-image-69396\" src=\"https:\/\/www.entroncamentoonline.pt\/portal\/wp-content\/uploads\/2025\/08\/PEUGEOT_E308SW_2508STYP_280_FR-800x600.jpg\" alt=\"\" width=\"800\" height=\"600\" srcset=\"https:\/\/www.entroncamentoonline.pt\/portal\/wp-content\/uploads\/2025\/08\/PEUGEOT_E308SW_2508STYP_280_FR-800x600.jpg 800w, https:\/\/www.entroncamentoonline.pt\/portal\/wp-content\/uploads\/2025\/08\/PEUGEOT_E308SW_2508STYP_280_FR-2024x1518.jpg 2024w, https:\/\/www.entroncamentoonline.pt\/portal\/wp-content\/uploads\/2025\/08\/PEUGEOT_E308SW_2508STYP_280_FR-768x576.jpg 768w, https:\/\/www.entroncamentoonline.pt\/portal\/wp-content\/uploads\/2025\/08\/PEUGEOT_E308SW_2508STYP_280_FR-1536x1152.jpg 1536w, https:\/\/www.entroncamentoonline.pt\/portal\/wp-content\/uploads\/2025\/08\/PEUGEOT_E308SW_2508STYP_280_FR-2048x1536.jpg 2048w, https:\/\/www.entroncamentoonline.pt\/portal\/wp-content\/uploads\/2025\/08\/PEUGEOT_E308SW_2508STYP_280_FR-696x522.jpg 696w, https:\/\/www.entroncamentoonline.pt\/portal\/wp-content\/uploads\/2025\/08\/PEUGEOT_E308SW_2508STYP_280_FR-1068x801.jpg 1068w, https:\/\/www.entroncamentoonline.pt\/portal\/wp-content\/uploads\/2025\/08\/PEUGEOT_E308SW_2508STYP_280_FR-1920x1440.jpg 1920w, https:\/\/www.entroncamentoonline.pt\/portal\/wp-content\/uploads\/2025\/08\/PEUGEOT_E308SW_2508STYP_280_FR-560x420.jpg 560w, https:\/\/www.entroncamentoonline.pt\/portal\/wp-content\/uploads\/2025\/08\/PEUGEOT_E308SW_2508STYP_280_FR-80x60.jpg 80w, https:\/\/www.entroncamentoonline.pt\/portal\/wp-content\/uploads\/2025\/08\/PEUGEOT_E308SW_2508STYP_280_FR-265x198.jpg 265w\" sizes=\"auto, (max-width: 800px) 100vw, 800px\" \/><\/p>\n<p>O interior foi redesenhado com foco na ergonomia e no conforto, incluindo <strong>painel digital<\/strong>, <strong>ilumina\u00e7\u00e3o ambiente personaliz\u00e1vel<\/strong>, <strong>bancos com certifica\u00e7\u00e3o AGR<\/strong> e sistema de som <strong>Focal\u00ae Premium Hi-Fi<\/strong>. A vers\u00e3o <strong>SW<\/strong> oferece ainda maior versatilidade, com bagageira ajust\u00e1vel e bancos traseiros rebat\u00edveis em tr\u00eas partes.<\/p>\n<p>A marca refor\u00e7a tamb\u00e9m o compromisso com a sustentabilidade, integrando <strong>mais de 30% de materiais reciclados e renov\u00e1veis<\/strong> na constru\u00e7\u00e3o dos ve\u00edculos, e oferecendo <strong>garantia de 8 anos ou 160.000 km<\/strong> para os modelos el\u00e9tricos.<\/p>\n<p>Com esta renova\u00e7\u00e3o, a PEUGEOT pretende consolidar a lideran\u00e7a no segmento C em Portugal, onde o 308 e o 308 SW t\u00eam sido os mais vendidos nos \u00faltimos anos.<\/p>\n<p>Mais informa\u00e7\u00f5es em: www.media.stellantis.com\/pt-pt\/peugeot<\/p>\n<p><em>Reda\u00e7\u00e3o<\/em><\/p>\n<div class=\"fb-background-color\">\n\t\t\t  <div \n\t\t\t  \tclass = \"fb-comments\" \n\t\t\t  \tdata-href = \"https:\/\/www.entroncamentoonline.pt\/portal\/novos-peugeot-308-e-308-sw-chegam-no-outono-com-design-arrojado-e-motorizacoes-para-todos-os-estilos-de-conducao\/\"\n\t\t\t  \tdata-numposts = \"10\"\n\t\t\t  \tdata-lazy = \"true\"\n\t\t\t\tdata-colorscheme = \"light\"\n\t\t\t\tdata-order-by = \"social\"\n\t\t\t\tdata-mobile=true>\n\t\t\t  <\/div><\/div>\n\t\t  <style>\n\t\t    .fb-background-color {\n\t\t\t\tbackground:  !important;\n\t\t\t}\n\t\t\t.fb_iframe_widget_fluid_desktop iframe {\n\t\t\t    width: 100% !important;\n\t\t\t}\n\t\t  <\/style>\n\t\t  ","protected":false},"excerpt":{"rendered":"<p>A PEUGEOT revelou os novos modelos 308 e 308 SW, que chegam ao mercado portugu\u00eas no outono de 2025, com uma aposta clara no prazer de condu\u00e7\u00e3o, na efici\u00eancia energ\u00e9tica e num design marcante. Produzidos em Mulhouse, Fran\u00e7a, os novos modelos destacam-se pela frente iluminada, assinatura luminosa de tr\u00eas garras e o novo emblema da [&hellip;]<\/p>\n","protected":false},"author":43,"featured_media":69395,"comment_status":"open","ping_status":"closed","sticky":false,"template":"","format":"standard","meta":{"_acf_changed":false,"footnotes":""},"categories":[50,62,52,32,71],"tags":[],"class_list":{"0":"post-69394","1":"post","2":"type-post","3":"status-publish","4":"format-standard","5":"has-post-thumbnail","7":"category-atividade-comercial","8":"category-cronica-automovel","9":"category-geral","10":"category-noticias","11":"category-outras-noticias"},"acf":[],"_links":{"self":[{"href":"https:\/\/www.entroncamentoonline.pt\/portal\/wp-json\/wp\/v2\/posts\/69394","targetHints":{"allow":["GET"]}}],"collection":[{"href":"https:\/\/www.entroncamentoonline.pt\/portal\/wp-json\/wp\/v2\/posts"}],"about":[{"href":"https:\/\/www.entroncamentoonline.pt\/portal\/wp-json\/wp\/v2\/types\/post"}],"author":[{"embeddable":true,"href":"https:\/\/www.entroncamentoonline.pt\/portal\/wp-json\/wp\/v2\/users\/43"}],"replies":[{"embeddable":true,"href":"https:\/\/www.entroncamentoonline.pt\/portal\/wp-json\/wp\/v2\/comments?post=69394"}],"version-history":[{"count":0,"href":"https:\/\/www.entroncamentoonline.pt\/portal\/wp-json\/wp\/v2\/posts\/69394\/revisions"}],"wp:featuredmedia":[{"embeddable":true,"href":"https:\/\/www.entroncamentoonline.pt\/portal\/wp-json\/wp\/v2\/media\/69395"}],"wp:attachment":[{"href":"https:\/\/www.entroncamentoonline.pt\/portal\/wp-json\/wp\/v2\/media?parent=69394"}],"wp:term":[{"taxonomy":"category","embeddable":true,"href":"https:\/\/www.entroncamentoonline.pt\/portal\/wp-json\/wp\/v2\/categories?post=69394"},{"taxonomy":"post_tag","embeddable":true,"href":"https:\/\/www.entroncamentoonline.pt\/portal\/wp-json\/wp\/v2\/tags?post=69394"}],"curies":[{"name":"wp","href":"https:\/\/api.w.org\/{rel}","templated":true}]}}