{"id":69364,"date":"2025-08-26T11:30:06","date_gmt":"2025-08-26T10:30:06","guid":{"rendered":"https:\/\/www.entroncamentoonline.pt\/portal\/?p=69364"},"modified":"2025-08-26T09:52:37","modified_gmt":"2025-08-26T08:52:37","slug":"festival-do-crato-comeca-hoje-com-dia-de-entrada-livre","status":"publish","type":"post","link":"https:\/\/www.entroncamentoonline.pt\/portal\/festival-do-crato-comeca-hoje-com-dia-de-entrada-livre\/","title":{"rendered":"Festival do Crato come\u00e7a hoje com dia de entrada livre"},"content":{"rendered":"<p align=\"left\"><span style=\"color: #000000;\"><span style=\"font-family: roboto, helvetica neue, helvetica, arial, sans-serif;\"><span style=\"font-size: small;\">O Festival do Crato, distrito de Portalegre, volta para mais uma edi\u00e7\u00e3o, entre os dias <\/span><\/span><\/span><span style=\"color: #000000;\"><span style=\"font-family: roboto, helvetica neue, helvetica, arial, sans-serif;\"><span style=\"font-size: small;\">26\u00a0e 30 de agosto<\/span><\/span><\/span><span style=\"color: #000000;\"><span style=\"font-family: roboto, helvetica neue, helvetica, arial, sans-serif;\"><span style=\"font-size: small;\">.\u00a0A festa come\u00e7a j\u00e1 <\/span><\/span><\/span><span style=\"color: #000000;\"><span style=\"font-family: roboto, helvetica neue, helvetica, arial, sans-serif;\"><span style=\"font-size: small;\">hoje<\/span><\/span><\/span><span style=\"color: #000000;\"><span style=\"font-family: roboto, helvetica neue, helvetica, arial, sans-serif;\"><span style=\"font-size: small;\">, 26 de agosto, com um dia especial de\u00a0<\/span><\/span><\/span><span style=\"color: #000000;\"><span style=\"font-family: roboto, helvetica neue, helvetica, arial, sans-serif;\"><span style=\"font-size: small;\">entrada livre para todos<\/span><\/span><\/span><span style=\"color: #000000;\"><span style=\"font-family: roboto, helvetica neue, helvetica, arial, sans-serif;\"><span style=\"font-size: small;\">, mesmo para quem n\u00e3o tem pulseira, marcado por m\u00fasica, tradi\u00e7\u00e3o e celebra\u00e7\u00e3o alentejana.<\/span><\/span><\/span><\/p>\n<p>Antes dos concertos, pelas 19h, o Festival do Crato inaugurar\u00e1 a sua\u00a0<span style=\"color: #000000;\"><span style=\"font-family: roboto, helvetica neue, helvetica, arial, sans-serif;\"><span style=\"font-size: small;\">Feira de Artesanato e Gastronomia do Crato<\/span><\/span><\/span><span style=\"color: #000000;\"><span style=\"font-family: roboto, helvetica neue, helvetica, arial, sans-serif;\"><span style=\"font-size: small;\">, com a presen\u00e7a do Presidente da C\u00e2mara Municipal do Crato, do Presidente da CCDR, do Presidente da CIMAA e do Presidente da Entidade Regional de Turismo do Alentejo e Ribatejo.<\/span><\/span><\/span><\/p>\n<p>A partir das 21h30 come\u00e7am os concertos, com os Vizinhos a cargo do arranque desta edi\u00e7\u00e3o, seguidos de Os Ra\u00edz (com convidados especiais) e Cutting Crew.<\/p>\n<p>O cartaz deste ano conta com nomes de peso como\u00a0<span style=\"color: #000000;\"><span style=\"font-family: roboto, helvetica neue, helvetica, arial, sans-serif;\"><span style=\"font-size: small;\">Wet Bed Gang, Plutonio, Mizzy Miles, Matu\u00ea, Lon3r Johny e Profjam, J\u00dcRA, Skunk Anansie, GNR, Lu\u00eds Trigacheiro e convidados, Daniela Mercury, Fernando Daniel e Nena<\/span><\/span><\/span><span style=\"color: #000000;\"><span style=\"font-family: roboto, helvetica neue, helvetica, arial, sans-serif;\"><span style=\"font-size: small;\">.<\/span><\/span><\/span><\/p>\n<p>Depois dos concertos principais, o palco palco passa a\u00a0<span style=\"color: #000000;\"><span style=\"font-family: roboto, helvetica neue, helvetica, arial, sans-serif;\"><span style=\"font-size: small;\">After Hours<\/span><\/span><\/span><span style=\"color: #000000;\"><span style=\"font-family: roboto, helvetica neue, helvetica, arial, sans-serif;\"><span style=\"font-size: small;\">, com a\u00a0festa a continuar pela noite dentro com<\/span><\/span><\/span><span style=\"color: #000000;\"><span style=\"font-family: roboto, helvetica neue, helvetica, arial, sans-serif;\"><span style=\"font-size: small;\">\u00a0<\/span><\/span><\/span><span style=\"color: #000000;\"><span style=\"font-family: roboto, helvetica neue, helvetica, arial, sans-serif;\"><span style=\"font-size: small;\">DJ Dadda, DJ LK da Esc\u00f3cia, DJ Matcho, DJ Ana Isabel Arroja e Insert Coin<\/span><\/span><\/span><span style=\"color: #000000;\"><span style=\"font-family: roboto, helvetica neue, helvetica, arial, sans-serif;\"><span style=\"font-size: small;\">.<\/span><\/span><\/span><\/p>\n<p>Joaquim Diogo, diretor do\u00a0<span style=\"color: #000000;\"><span style=\"font-family: roboto, helvetica neue, helvetica, arial, sans-serif;\"><span style=\"font-size: small;\">Festival do Crato<\/span><\/span><\/span><span style=\"color: #000000;\"><span style=\"font-family: roboto, helvetica neue, helvetica, arial, sans-serif;\"><span style=\"font-size: small;\">, refere que\u00a0<\/span><\/span><\/span><em><span style=\"color: #000000;\"><span style=\"font-family: roboto, helvetica neue, helvetica, arial, sans-serif;\"><span style=\"font-size: small;\">&#8220;Quer\u00edamos surpreender todos os que fazem parte desta festa. Este dia extra gratuito \u00e9 um presente para o p\u00fablico fiel que todos os anos enche o Crato de vida. Come\u00e7amos a festa mais cedo e com o p\u00e9 direito.&#8221;<\/span><\/span><\/span><\/em><\/p>\n<p>Questionado sobre o ecletismo do cartaz apresentado, Joaquim Diogo afirma que &#8220;<span style=\"color: #000000;\"><span style=\"font-family: roboto, helvetica neue, helvetica, arial, sans-serif;\"><span style=\"font-size: small;\">&#8230; o Festival do Crato o que faz todos os anos \u00e9 tentar ser o mais abrangente poss\u00edvel e ir ao encontro de muitos gostos musicais. Temos uma forma de estar onde gostamos muito que as v\u00e1rias gera\u00e7\u00f5es possam experimentar aquilo que s\u00e3o diferentes ritmos de m\u00fasica e novos projetos para que quem nos visite fique surpreendido<\/span><\/span><\/span><span style=\"color: #000000;\"><span style=\"font-family: roboto, helvetica neue, helvetica, arial, sans-serif;\"><span style=\"font-size: small;\">&#8220;.<\/span><\/span><\/span><\/p>\n<p>Para al\u00e9m dos artistas internacionais e nacionais que v\u00e3o animar os fins de tarde e noites no recinto do\u00a0<span style=\"color: #000000;\"><span style=\"font-family: roboto, helvetica neue, helvetica, arial, sans-serif;\"><span style=\"font-size: small;\">Festival do Crato<\/span><\/span><\/span><span style=\"color: #000000;\"><span style=\"font-family: roboto, helvetica neue, helvetica, arial, sans-serif;\"><span style=\"font-size: small;\">, haver\u00e1 uma Feira de Artesanato e Gastronomia, que \u00e9 uma parte importante do evento, destacando a cultura e as tradi\u00e7\u00f5es locais. Este cruzamento de m\u00fasica, artesanato e gastronomia vai muito al\u00e9m dos dias do festival, como nos explica, Joaquim Diogo, diretor do Festival do Crato &#8220;<\/span><\/span><\/span><em><span style=\"color: #000000;\"><span style=\"font-family: roboto, helvetica neue, helvetica, arial, sans-serif;\"><span style=\"font-size: small;\">o Festival do Crato acaba por nos posicionar em termos daquilo que \u00e9 a nossa marca, aquilo que \u00e9 o nome deste concelho magn\u00edfico deixando sempre um rastro a quem vem nesses dias para conhecer os seus monumentos, as suas din\u00e2micas e, a gastronomia, \u00e9 sempre um ponto de atra\u00e7\u00e3o<\/span><\/span><\/span><\/em><span style=\"color: #000000;\"><span style=\"font-family: roboto, helvetica neue, helvetica, arial, sans-serif;\"><span style=\"font-size: small;\">&#8220;.<\/span><\/span><\/span><\/p>\n<p><span style=\"color: #000000;\"><span style=\"font-family: Helvetica;\"><span style=\"font-size: medium;\"><u>\u00a0<\/u><\/span><\/span><\/span><strong><span style=\"color: #000000;\"><span style=\"font-family: roboto, helvetica neue, helvetica, arial, sans-serif;\"><span style=\"font-size: small;\"><u><b>Festival do Crato 2025<\/b><\/u><\/span><\/span><\/span><\/strong><\/p>\n<p><strong><span style=\"color: #000000;\"><span style=\"font-family: roboto, helvetica neue, helvetica, arial, sans-serif;\"><span style=\"font-size: small;\"><b>26 agosto (entrada livre)<\/b><\/span><\/span><\/span><\/strong><span style=\"color: #000000;\"><span style=\"font-family: roboto, helvetica neue, helvetica, arial, sans-serif;\"><span style=\"font-size: small;\"><br \/>\nCutting Crew<br \/>\nVizinhos<br \/>\nOs Raiz (com os convidados \u00c1toa, Los Romeros, Afonso Dubraz e Kika)<br \/>\nRemember Old Times<\/span><\/span><\/span><\/p>\n<p><strong><span style=\"color: #000000;\"><span style=\"font-family: roboto, helvetica neue, helvetica, arial, sans-serif;\"><span style=\"font-size: small;\"><b>27 agosto<\/b><\/span><\/span><\/span><\/strong><span style=\"color: #000000;\"><span style=\"font-family: roboto, helvetica neue, helvetica, arial, sans-serif;\"><span style=\"font-size: small;\"><br \/>\nWet Bed Gang<br \/>\nPlutonio<br \/>\nMizzy Miles<br \/>\nDJ Dadda<\/span><\/span><\/span><\/p>\n<p><strong><span style=\"color: #000000;\"><span style=\"font-family: roboto, helvetica neue, helvetica, arial, sans-serif;\"><span style=\"font-size: small;\"><b>28 agosto<\/b><\/span><\/span><\/span><\/strong><span style=\"color: #000000;\"><span style=\"font-family: roboto, helvetica neue, helvetica, arial, sans-serif;\"><span style=\"font-size: small;\"><br \/>\nMatu\u00ea<br \/>\nLon3r Johny e ProfJam<br \/>\nJ\u00dcRA<br \/>\nDJ LK da Esc\u00f3cia<\/span><\/span><\/span><\/p>\n<p><strong><span style=\"color: #000000;\"><span style=\"font-family: roboto, helvetica neue, helvetica, arial, sans-serif;\"><span style=\"font-size: small;\"><b>29 agosto<\/b><\/span><\/span><\/span><\/strong><span style=\"color: #000000;\"><span style=\"font-family: roboto, helvetica neue, helvetica, arial, sans-serif;\"><span style=\"font-size: small;\"><br \/>\nSkunk Anansie<br \/>\nGNR<br \/>\nLu\u00eds Trigacheiro e Convidados<br \/>\nDJ Matcho<br \/>\nDJ Ana Isabel Arroja<\/span><\/span><\/span><\/p>\n<p><strong><span style=\"color: #000000;\"><span style=\"font-family: roboto, helvetica neue, helvetica, arial, sans-serif;\"><span style=\"font-size: small;\"><b>30 agosto<\/b><\/span><\/span><\/span><\/strong><span style=\"color: #000000;\"><span style=\"font-family: roboto, helvetica neue, helvetica, arial, sans-serif;\"><span style=\"font-size: small;\"><br \/>\nDaniela Mercury<br \/>\nFernando Daniel<br \/>\nNena<br \/>\nInsert Coin\u200b<\/span><\/span><\/span><\/p>\n<p align=\"left\"><span style=\"color: #000000;\"><span style=\"font-family: roboto, helvetica neue, helvetica, arial, sans-serif;\"><span style=\"font-size: small;\">Os bilhetes j\u00e1 est\u00e3o \u00e0 venda nos locais habituais.<\/span><\/span><\/span><\/p>\n<p align=\"left\"><em>Reda\u00e7\u00e3o<\/em><\/p>\n<div class=\"fb-background-color\">\n\t\t\t  <div \n\t\t\t  \tclass = \"fb-comments\" \n\t\t\t  \tdata-href = \"https:\/\/www.entroncamentoonline.pt\/portal\/festival-do-crato-comeca-hoje-com-dia-de-entrada-livre\/\"\n\t\t\t  \tdata-numposts = \"10\"\n\t\t\t  \tdata-lazy = \"true\"\n\t\t\t\tdata-colorscheme = \"light\"\n\t\t\t\tdata-order-by = \"social\"\n\t\t\t\tdata-mobile=true>\n\t\t\t  <\/div><\/div>\n\t\t  <style>\n\t\t    .fb-background-color {\n\t\t\t\tbackground:  !important;\n\t\t\t}\n\t\t\t.fb_iframe_widget_fluid_desktop iframe {\n\t\t\t    width: 100% !important;\n\t\t\t}\n\t\t  <\/style>\n\t\t  ","protected":false},"excerpt":{"rendered":"<p>O Festival do Crato, distrito de Portalegre, volta para mais uma edi\u00e7\u00e3o, entre os dias 26\u00a0e 30 de agosto.\u00a0A festa come\u00e7a j\u00e1 hoje, 26 de agosto, com um dia especial de\u00a0entrada livre para todos, mesmo para quem n\u00e3o tem pulseira, marcado por m\u00fasica, tradi\u00e7\u00e3o e celebra\u00e7\u00e3o alentejana. Antes dos concertos, pelas 19h, o Festival do [&hellip;]<\/p>\n","protected":false},"author":43,"featured_media":0,"comment_status":"open","ping_status":"closed","sticky":false,"template":"","format":"standard","meta":{"_acf_changed":false,"footnotes":""},"categories":[1],"tags":[],"class_list":{"0":"post-69364","1":"post","2":"type-post","3":"status-publish","4":"format-standard","6":"category-sem-categoria"},"acf":[],"_links":{"self":[{"href":"https:\/\/www.entroncamentoonline.pt\/portal\/wp-json\/wp\/v2\/posts\/69364","targetHints":{"allow":["GET"]}}],"collection":[{"href":"https:\/\/www.entroncamentoonline.pt\/portal\/wp-json\/wp\/v2\/posts"}],"about":[{"href":"https:\/\/www.entroncamentoonline.pt\/portal\/wp-json\/wp\/v2\/types\/post"}],"author":[{"embeddable":true,"href":"https:\/\/www.entroncamentoonline.pt\/portal\/wp-json\/wp\/v2\/users\/43"}],"replies":[{"embeddable":true,"href":"https:\/\/www.entroncamentoonline.pt\/portal\/wp-json\/wp\/v2\/comments?post=69364"}],"version-history":[{"count":0,"href":"https:\/\/www.entroncamentoonline.pt\/portal\/wp-json\/wp\/v2\/posts\/69364\/revisions"}],"wp:attachment":[{"href":"https:\/\/www.entroncamentoonline.pt\/portal\/wp-json\/wp\/v2\/media?parent=69364"}],"wp:term":[{"taxonomy":"category","embeddable":true,"href":"https:\/\/www.entroncamentoonline.pt\/portal\/wp-json\/wp\/v2\/categories?post=69364"},{"taxonomy":"post_tag","embeddable":true,"href":"https:\/\/www.entroncamentoonline.pt\/portal\/wp-json\/wp\/v2\/tags?post=69364"}],"curies":[{"name":"wp","href":"https:\/\/api.w.org\/{rel}","templated":true}]}}