{"id":69297,"date":"2025-08-22T16:50:10","date_gmt":"2025-08-22T15:50:10","guid":{"rendered":"https:\/\/www.entroncamentoonline.pt\/portal\/?p=69297"},"modified":"2025-08-22T11:50:32","modified_gmt":"2025-08-22T10:50:32","slug":"uniao-europeia-regista-mais-de-um-milhao-de-hectares-ardidos-em-2025-o-pior-ano-de-incendios-florestais-desde-que-ha-registo","status":"publish","type":"post","link":"https:\/\/www.entroncamentoonline.pt\/portal\/uniao-europeia-regista-mais-de-um-milhao-de-hectares-ardidos-em-2025-o-pior-ano-de-incendios-florestais-desde-que-ha-registo\/","title":{"rendered":"Uni\u00e3o Europeia regista mais de um milh\u00e3o de hectares ardidos em 2025 \u2014 o pior ano de inc\u00eandios florestais desde que h\u00e1 registo"},"content":{"rendered":"<p><span style=\"font-family: Arial, sans-serif;\"><span style=\"font-size: medium;\">A temporada de inc\u00eandios florestais de 2025 ainda decorre, mas j\u00e1 \u00e9 oficialmente o pior ano de sempre na Uni\u00e3o Europeia em termos de \u00e1rea ardida, intensidade dos fogos e impacto ambiental. Segundo dados divulgados pelo <\/span><\/span><em><span style=\"font-family: Arial, sans-serif;\"><span style=\"font-size: medium;\">The Guardian<\/span><\/span><\/em><span style=\"font-family: Arial, sans-serif;\"><span style=\"font-size: medium;\"> a 22 de agosto, mais de <\/span><\/span><strong><span style=\"font-family: Arial, sans-serif;\"><span style=\"font-size: medium;\">um milh\u00e3o de hectares<\/span><\/span><\/strong><span style=\"font-family: Arial, sans-serif;\"><span style=\"font-size: medium;\"> foram consumidos pelas chamas desde o in\u00edcio do ano \u2014 um n\u00famero que ultrapassa todos os registos anteriores e que continua a crescer \u00e0 medida que o ver\u00e3o avan\u00e7a.<\/span><\/span><\/p>\n<p><span style=\"font-family: Arial, sans-serif;\"><span style=\"font-size: medium;\">Portugal, Espanha, Fran\u00e7a, It\u00e1lia e Gr\u00e9cia est\u00e3o entre os pa\u00edses mais afetados, com inc\u00eandios de grande escala a devastar zonas rurais, parques naturais e \u00e1reas residenciais. As temperaturas extremas, associadas a uma seca prolongada e ventos fortes, criaram condi\u00e7\u00f5es ideais para a propaga\u00e7\u00e3o r\u00e1pida dos fogos, muitos dos quais t\u00eam sido dif\u00edceis de controlar mesmo com meios a\u00e9reos e terrestres refor\u00e7ados.<\/span><\/span><\/p>\n<p><span style=\"font-family: Arial, sans-serif;\"><span style=\"font-size: medium;\">Especialistas alertam que este cen\u00e1rio \u00e9 uma consequ\u00eancia direta das altera\u00e7\u00f5es clim\u00e1ticas, que est\u00e3o a tornar os ver\u00f5es europeus mais quentes, secos e propensos a fen\u00f3menos extremos. A Comiss\u00e3o Europeia j\u00e1 mobilizou fundos de emerg\u00eancia e est\u00e1 a rever os planos de preven\u00e7\u00e3o e resposta, mas admite que o fen\u00f3meno exige uma abordagem mais profunda e coordenada entre os Estados-membros.<\/span><\/span><\/p>\n<p><span style=\"font-family: Arial, sans-serif;\"><span style=\"font-size: medium;\">Al\u00e9m da perda de biodiversidade e da degrada\u00e7\u00e3o dos solos, os inc\u00eandios t\u00eam provocado milhares de evacua\u00e7\u00f5es, encerramento de estradas e infraestruturas, e preju\u00edzos significativos na agricultura e turismo. Em algumas regi\u00f5es, como a Andaluzia e o sul de It\u00e1lia, os servi\u00e7os de prote\u00e7\u00e3o civil t\u00eam descrito os cen\u00e1rios como \u201capocal\u00edpticos\u201d, com aldeias cercadas pelas chamas e popula\u00e7\u00f5es a fugir com o que conseguem carregar.<\/span><\/span><\/p>\n<p><span style=\"font-family: Arial, sans-serif;\"><span style=\"font-size: medium;\">O artigo do <\/span><\/span><em><span style=\"font-family: Arial, sans-serif;\"><span style=\"font-size: medium;\">The Guardian<\/span><\/span><\/em><span style=\"font-family: Arial, sans-serif;\"><span style=\"font-size: medium;\"> sublinha que, apesar dos avan\u00e7os tecnol\u00f3gicos na dete\u00e7\u00e3o precoce e combate aos fogos, a escala dos inc\u00eandios em 2025 representa um novo desafio para a Europa. A tend\u00eancia aponta para uma intensifica\u00e7\u00e3o destes fen\u00f3menos nos pr\u00f3ximos anos, caso n\u00e3o sejam tomadas medidas estruturais para mitigar os efeitos da crise clim\u00e1tica.<\/span><\/span><\/p>\n<div class=\"fb-background-color\">\n\t\t\t  <div \n\t\t\t  \tclass = \"fb-comments\" \n\t\t\t  \tdata-href = \"https:\/\/www.entroncamentoonline.pt\/portal\/uniao-europeia-regista-mais-de-um-milhao-de-hectares-ardidos-em-2025-o-pior-ano-de-incendios-florestais-desde-que-ha-registo\/\"\n\t\t\t  \tdata-numposts = \"10\"\n\t\t\t  \tdata-lazy = \"true\"\n\t\t\t\tdata-colorscheme = \"light\"\n\t\t\t\tdata-order-by = \"social\"\n\t\t\t\tdata-mobile=true>\n\t\t\t  <\/div><\/div>\n\t\t  <style>\n\t\t    .fb-background-color {\n\t\t\t\tbackground:  !important;\n\t\t\t}\n\t\t\t.fb_iframe_widget_fluid_desktop iframe {\n\t\t\t    width: 100% !important;\n\t\t\t}\n\t\t  <\/style>\n\t\t  ","protected":false},"excerpt":{"rendered":"<p>A temporada de inc\u00eandios florestais de 2025 ainda decorre, mas j\u00e1 \u00e9 oficialmente o pior ano de sempre na Uni\u00e3o Europeia em termos de \u00e1rea ardida, intensidade dos fogos e impacto ambiental. Segundo dados divulgados pelo The Guardian a 22 de agosto, mais de um milh\u00e3o de hectares foram consumidos pelas chamas desde o in\u00edcio [&hellip;]<\/p>\n","protected":false},"author":43,"featured_media":69298,"comment_status":"open","ping_status":"closed","sticky":false,"template":"","format":"standard","meta":{"_acf_changed":false,"footnotes":""},"categories":[56,52,207,32],"tags":[],"class_list":{"0":"post-69297","1":"post","2":"type-post","3":"status-publish","4":"format-standard","5":"has-post-thumbnail","7":"category-1apagina","8":"category-geral","9":"category-internacional","10":"category-noticias"},"acf":[],"_links":{"self":[{"href":"https:\/\/www.entroncamentoonline.pt\/portal\/wp-json\/wp\/v2\/posts\/69297","targetHints":{"allow":["GET"]}}],"collection":[{"href":"https:\/\/www.entroncamentoonline.pt\/portal\/wp-json\/wp\/v2\/posts"}],"about":[{"href":"https:\/\/www.entroncamentoonline.pt\/portal\/wp-json\/wp\/v2\/types\/post"}],"author":[{"embeddable":true,"href":"https:\/\/www.entroncamentoonline.pt\/portal\/wp-json\/wp\/v2\/users\/43"}],"replies":[{"embeddable":true,"href":"https:\/\/www.entroncamentoonline.pt\/portal\/wp-json\/wp\/v2\/comments?post=69297"}],"version-history":[{"count":0,"href":"https:\/\/www.entroncamentoonline.pt\/portal\/wp-json\/wp\/v2\/posts\/69297\/revisions"}],"wp:featuredmedia":[{"embeddable":true,"href":"https:\/\/www.entroncamentoonline.pt\/portal\/wp-json\/wp\/v2\/media\/69298"}],"wp:attachment":[{"href":"https:\/\/www.entroncamentoonline.pt\/portal\/wp-json\/wp\/v2\/media?parent=69297"}],"wp:term":[{"taxonomy":"category","embeddable":true,"href":"https:\/\/www.entroncamentoonline.pt\/portal\/wp-json\/wp\/v2\/categories?post=69297"},{"taxonomy":"post_tag","embeddable":true,"href":"https:\/\/www.entroncamentoonline.pt\/portal\/wp-json\/wp\/v2\/tags?post=69297"}],"curies":[{"name":"wp","href":"https:\/\/api.w.org\/{rel}","templated":true}]}}