{"id":69257,"date":"2025-08-21T15:06:58","date_gmt":"2025-08-21T14:06:58","guid":{"rendered":"https:\/\/www.entroncamentoonline.pt\/portal\/?p=69257"},"modified":"2025-08-21T12:10:55","modified_gmt":"2025-08-21T11:10:55","slug":"volt-entra-na-corrida-autarquica-em-tomar-com-tiago-jose-serrano-como-candidato-a-camara","status":"publish","type":"post","link":"https:\/\/www.entroncamentoonline.pt\/portal\/volt-entra-na-corrida-autarquica-em-tomar-com-tiago-jose-serrano-como-candidato-a-camara\/","title":{"rendered":"Volt entra na corrida aut\u00e1rquica em Tomar com Tiago Jos\u00e9 Serrano como candidato \u00e0 C\u00e2mara"},"content":{"rendered":"<p><span style=\"font-family: Arial, sans-serif;\"><span style=\"font-size: medium;\">Est\u00e1 confirmada a sexta candidatura \u00e0 presid\u00eancia da C\u00e2mara Municipal de Tomar para as elei\u00e7\u00f5es aut\u00e1rquicas de 12 de outubro. O Volt Portugal oficializou a entrada na disputa com Tiago Jos\u00e9 Serrano como cabe\u00e7a de lista, refor\u00e7ando o leque de op\u00e7\u00f5es pol\u00edticas dispon\u00edveis para os eleitores tomarenses.<\/span><\/span><\/p>\n<p><span style=\"font-family: Arial, sans-serif;\"><span style=\"font-size: medium;\">Segundo nota enviada pela distrital de Santar\u00e9m do partido, as listas apresentadas pelo Volt destacam-se pela paridade de g\u00e9nero e pela diversidade geracional e profissional dos candidatos, com idades entre os 19 e os 78 anos. O movimento europeu prop\u00f5e uma abordagem centrada na transpar\u00eancia e na efici\u00eancia da gest\u00e3o aut\u00e1rquica, defendendo auditorias externas e independentes a cada dois anos, com divulga\u00e7\u00e3o p\u00fablica dos resultados.<\/span><\/span><\/p>\n<p><span style=\"font-family: Arial, sans-serif;\"><span style=\"font-size: medium;\">Tiago Jos\u00e9 Serrano, que regressou a Tomar ap\u00f3s experi\u00eancias profissionais noutros munic\u00edpios, afirma que \u201ca estagna\u00e7\u00e3o que todos sentimos \u00e9 prova de que Tomar j\u00e1 n\u00e3o \u00e9 o que foi\u201d. Entre as preocupa\u00e7\u00f5es apontadas est\u00e3o a dificuldade de acesso \u00e0 habita\u00e7\u00e3o, a escassez de oportunidades laborais e os entraves ao empreendedorismo. O candidato sublinha que \u201cplanear, ter vis\u00e3o e saber como executar s\u00e3o a receita das autarquias que garantem as melhores respostas\u201d.<\/span><\/span><\/p>\n<p><span style=\"font-family: Arial, sans-serif;\"><span style=\"font-size: medium;\">Para a Assembleia Municipal, o Volt apresenta Ricardo Martins Antunes, dirigente distrital do partido, que se inspira em modelos europeus como Viena, Nantes e Amsterd\u00e3o para propor medidas nas \u00e1reas da habita\u00e7\u00e3o, ambiente e economia. Entre as propostas est\u00e3o a cria\u00e7\u00e3o de comunidades energ\u00e9ticas autossuficientes, a revitaliza\u00e7\u00e3o do patrim\u00f3nio fabril, a implementa\u00e7\u00e3o de um imposto tur\u00edstico progressivo e a colabora\u00e7\u00e3o com o Instituto Polit\u00e9cnico de Tomar para desenvolver centros tecnol\u00f3gicos e criativos.<\/span><\/span><\/p>\n<p><span style=\"font-family: Arial, sans-serif;\"><span style=\"font-size: medium;\">O partido apresentou tamb\u00e9m candidatura \u00e0 Uni\u00e3o das Freguesias de Tomar (S\u00e3o Jo\u00e3o Baptista e Santa Maria dos Olivais), com propostas que incluem a cria\u00e7\u00e3o de uma aplica\u00e7\u00e3o para sinaliza\u00e7\u00e3o de falhas urbanas, um gabinete de media\u00e7\u00e3o comunit\u00e1ria, oficinas intergeracionais e um projeto-piloto de reabilita\u00e7\u00e3o ecol\u00f3gica de linhas de \u00e1gua urbanas, financiado por fundos europeus.<\/span><\/span><\/p>\n<p><span style=\"font-family: Arial, sans-serif;\"><span style=\"font-size: medium;\">O Volt Portugal afirma que estas candidaturas representam um compromisso a longo prazo com a renova\u00e7\u00e3o da vida p\u00fablica local, assumindo o lema \u201cTomar\u2026 A Nossa Casa na Europa\u201d.<\/span><\/span><\/p>\n<p><span style=\"font-family: Arial, sans-serif;\"><span style=\"font-size: medium;\"><i>Reda\u00e7\u00e3o<\/i><\/span><\/span><\/p>\n<div class=\"fb-background-color\">\n\t\t\t  <div \n\t\t\t  \tclass = \"fb-comments\" \n\t\t\t  \tdata-href = \"https:\/\/www.entroncamentoonline.pt\/portal\/volt-entra-na-corrida-autarquica-em-tomar-com-tiago-jose-serrano-como-candidato-a-camara\/\"\n\t\t\t  \tdata-numposts = \"10\"\n\t\t\t  \tdata-lazy = \"true\"\n\t\t\t\tdata-colorscheme = \"light\"\n\t\t\t\tdata-order-by = \"social\"\n\t\t\t\tdata-mobile=true>\n\t\t\t  <\/div><\/div>\n\t\t  <style>\n\t\t    .fb-background-color {\n\t\t\t\tbackground:  !important;\n\t\t\t}\n\t\t\t.fb_iframe_widget_fluid_desktop iframe {\n\t\t\t    width: 100% !important;\n\t\t\t}\n\t\t  <\/style>\n\t\t  ","protected":false},"excerpt":{"rendered":"<p>Est\u00e1 confirmada a sexta candidatura \u00e0 presid\u00eancia da C\u00e2mara Municipal de Tomar para as elei\u00e7\u00f5es aut\u00e1rquicas de 12 de outubro. O Volt Portugal oficializou a entrada na disputa com Tiago Jos\u00e9 Serrano como cabe\u00e7a de lista, refor\u00e7ando o leque de op\u00e7\u00f5es pol\u00edticas dispon\u00edveis para os eleitores tomarenses. Segundo nota enviada pela distrital de Santar\u00e9m do [&hellip;]<\/p>\n","protected":false},"author":43,"featured_media":69258,"comment_status":"open","ping_status":"closed","sticky":false,"template":"","format":"standard","meta":{"_acf_changed":false,"footnotes":""},"categories":[56,47,32,36],"tags":[],"class_list":{"0":"post-69257","1":"post","2":"type-post","3":"status-publish","4":"format-standard","5":"has-post-thumbnail","7":"category-1apagina","8":"category-atividade-partidaria","9":"category-noticias","10":"category-tomar"},"acf":[],"_links":{"self":[{"href":"https:\/\/www.entroncamentoonline.pt\/portal\/wp-json\/wp\/v2\/posts\/69257","targetHints":{"allow":["GET"]}}],"collection":[{"href":"https:\/\/www.entroncamentoonline.pt\/portal\/wp-json\/wp\/v2\/posts"}],"about":[{"href":"https:\/\/www.entroncamentoonline.pt\/portal\/wp-json\/wp\/v2\/types\/post"}],"author":[{"embeddable":true,"href":"https:\/\/www.entroncamentoonline.pt\/portal\/wp-json\/wp\/v2\/users\/43"}],"replies":[{"embeddable":true,"href":"https:\/\/www.entroncamentoonline.pt\/portal\/wp-json\/wp\/v2\/comments?post=69257"}],"version-history":[{"count":0,"href":"https:\/\/www.entroncamentoonline.pt\/portal\/wp-json\/wp\/v2\/posts\/69257\/revisions"}],"wp:featuredmedia":[{"embeddable":true,"href":"https:\/\/www.entroncamentoonline.pt\/portal\/wp-json\/wp\/v2\/media\/69258"}],"wp:attachment":[{"href":"https:\/\/www.entroncamentoonline.pt\/portal\/wp-json\/wp\/v2\/media?parent=69257"}],"wp:term":[{"taxonomy":"category","embeddable":true,"href":"https:\/\/www.entroncamentoonline.pt\/portal\/wp-json\/wp\/v2\/categories?post=69257"},{"taxonomy":"post_tag","embeddable":true,"href":"https:\/\/www.entroncamentoonline.pt\/portal\/wp-json\/wp\/v2\/tags?post=69257"}],"curies":[{"name":"wp","href":"https:\/\/api.w.org\/{rel}","templated":true}]}}