{"id":69220,"date":"2025-08-19T11:45:51","date_gmt":"2025-08-19T10:45:51","guid":{"rendered":"https:\/\/www.entroncamentoonline.pt\/portal\/?p=69220"},"modified":"2025-08-19T19:54:02","modified_gmt":"2025-08-19T18:54:02","slug":"cdu-entrega-listas-no-entroncamento-com-joao-felix-como-candidato-a-camara-municipal","status":"publish","type":"post","link":"https:\/\/www.entroncamentoonline.pt\/portal\/cdu-entrega-listas-no-entroncamento-com-joao-felix-como-candidato-a-camara-municipal\/","title":{"rendered":"CDU entrega listas no Entroncamento com Jo\u00e3o F\u00e9lix como candidato \u00e0 C\u00e2mara Municipal"},"content":{"rendered":"<p><span style=\"font-family: Arial, sans-serif;\"><span style=\"font-size: medium;\">A Coliga\u00e7\u00e3o Democr\u00e1tica Unit\u00e1ria (CDU) oficializou no dia 18 de agosto a entrega das listas no tribunal para as elei\u00e7\u00f5es aut\u00e1rquicas de 2025 no concelho do Entroncamento. A coliga\u00e7\u00e3o, que junta o PCP e o PEV, concorre \u00e0 C\u00e2mara Municipal, \u00e0 Assembleia Municipal e \u00e0s duas freguesias do concelho, apostando numa equipa composta maioritariamente por independentes sem filia\u00e7\u00e3o partid\u00e1ria.<\/span><\/span><\/p>\n<p><span style=\"font-family: Arial, sans-serif;\"><span style=\"font-size: medium;\">O candidato \u00e0 presid\u00eancia da C\u00e2mara \u00e9 <\/span><\/span><span style=\"font-family: Arial, sans-serif;\"><span style=\"font-size: medium;\">Jo\u00e3o F\u00e9lix<\/span><\/span><span style=\"font-family: Arial, sans-serif;\"><span style=\"font-size: medium;\">, ferrovi\u00e1rio de 62 anos, residente no Entroncamento h\u00e1 mais de tr\u00eas d\u00e9cadas. Com um percurso ligado \u00e0 Infraestruturas de Portugal, onde foi dirigente sindical e membro da Comiss\u00e3o de Trabalhadores, Jo\u00e3o F\u00e9lix apresenta-se como independente nas listas da CDU. Entre as prioridades da candidatura est\u00e3o a valoriza\u00e7\u00e3o da identidade ferrovi\u00e1ria do concelho, a promo\u00e7\u00e3o cultural, a transpar\u00eancia na gest\u00e3o aut\u00e1rquica, o refor\u00e7o dos servi\u00e7os p\u00fablicos e a cria\u00e7\u00e3o de ciclovias.<\/span><\/span><\/p>\n<p><span style=\"font-family: Arial, sans-serif;\"><span style=\"font-size: medium;\">Para a Assembleia Municipal, a CDU prop\u00f5e <\/span><\/span><span style=\"font-family: Arial, sans-serif;\"><span style=\"font-size: medium;\">Jo\u00e3o Caldeira<\/span><\/span><span style=\"font-family: Arial, sans-serif;\"><span style=\"font-size: medium;\">, de 52 anos, licenciado em Gest\u00e3o Financeira e Engenharia Mec\u00e2nica, com uma forte liga\u00e7\u00e3o ao associativismo local. Nas freguesias, os cabe\u00e7as de lista s\u00e3o <\/span><\/span><span style=\"font-family: Arial, sans-serif;\"><span style=\"font-size: medium;\">Catarina Alexandra Silva<\/span><\/span><span style=\"font-family: Arial, sans-serif;\"><span style=\"font-size: medium;\"> (S\u00e3o Jo\u00e3o Baptista) e <\/span><\/span><span style=\"font-family: Arial, sans-serif;\"><span style=\"font-size: medium;\">Ana Margarida Lopes<\/span><\/span><span style=\"font-family: Arial, sans-serif;\"><span style=\"font-size: medium;\"> (Nossa Senhora de F\u00e1tima), ambas empres\u00e1rias com experi\u00eancia pol\u00edtica e comunit\u00e1ria.<\/span><\/span><\/p>\n<p><span style=\"font-family: Arial, sans-serif;\"><span style=\"font-size: medium;\">Em comunicado, a CDU sublinha que \u201co futuro \u00e9 de confian\u00e7a\u201d e que se apresenta com um projeto de \u201ctrabalho, honestidade e compet\u00eancia\u201d, afirmando-se como \u201ca voz que n\u00e3o cala injusti\u00e7as e exige respostas para a vida da maioria\u201d.<\/span><\/span><\/p>\n<h3 class=\"western\"><strong><span style=\"font-family: Arial, sans-serif;\"><span style=\"font-size: medium;\">Aut\u00e1rquicas 2025: CDU tenta recuperar terreno<\/span><\/span><\/strong><\/h3>\n<p><span style=\"font-family: Arial, sans-serif;\"><span style=\"font-size: medium;\">A n\u00edvel nacional, a CDU concorre em todos os 308 munic\u00edpios, procurando recuperar c\u00e2maras perdidas em 2021, como Loures, Moita e Montemor-o-Novo. Nas \u00faltimas aut\u00e1rquicas, a coliga\u00e7\u00e3o obteve o pior resultado da sua hist\u00f3ria, ficando com apenas 19 c\u00e2maras. Em 2025, enfrenta o desafio da renova\u00e7\u00e3o de lideran\u00e7as, com v\u00e1rios autarcas a atingir o limite de mandatos.<\/span><\/span><\/p>\n<p><span style=\"font-family: Arial, sans-serif;\"><span style=\"font-size: medium;\">No distrito de Santar\u00e9m, a CDU apenas um presidente de c\u00e2mara em 2021, em Benavente, mas mant\u00e9m presen\u00e7a em v\u00e1rias assembleias de freguesia e municipais. A candidatura de Jo\u00e3o F\u00e9lix no Entroncamento insere-se numa estrat\u00e9gia de refor\u00e7o da liga\u00e7\u00e3o \u00e0s popula\u00e7\u00f5es e de aposta em candidatos com ra\u00edzes locais e experi\u00eancia profissional relevante.<\/span><\/span><\/p>\n<p><em>Reda\u00e7\u00e3o<\/em><\/p>\n<div class=\"fb-background-color\">\n\t\t\t  <div \n\t\t\t  \tclass = \"fb-comments\" \n\t\t\t  \tdata-href = \"https:\/\/www.entroncamentoonline.pt\/portal\/cdu-entrega-listas-no-entroncamento-com-joao-felix-como-candidato-a-camara-municipal\/\"\n\t\t\t  \tdata-numposts = \"10\"\n\t\t\t  \tdata-lazy = \"true\"\n\t\t\t\tdata-colorscheme = \"light\"\n\t\t\t\tdata-order-by = \"social\"\n\t\t\t\tdata-mobile=true>\n\t\t\t  <\/div><\/div>\n\t\t  <style>\n\t\t    .fb-background-color {\n\t\t\t\tbackground:  !important;\n\t\t\t}\n\t\t\t.fb_iframe_widget_fluid_desktop iframe {\n\t\t\t    width: 100% !important;\n\t\t\t}\n\t\t  <\/style>\n\t\t  ","protected":false},"excerpt":{"rendered":"<p>A Coliga\u00e7\u00e3o Democr\u00e1tica Unit\u00e1ria (CDU) oficializou no dia 18 de agosto a entrega das listas no tribunal para as elei\u00e7\u00f5es aut\u00e1rquicas de 2025 no concelho do Entroncamento. A coliga\u00e7\u00e3o, que junta o PCP e o PEV, concorre \u00e0 C\u00e2mara Municipal, \u00e0 Assembleia Municipal e \u00e0s duas freguesias do concelho, apostando numa equipa composta maioritariamente por [&hellip;]<\/p>\n","protected":false},"author":43,"featured_media":69221,"comment_status":"open","ping_status":"closed","sticky":false,"template":"","format":"standard","meta":{"_acf_changed":false,"footnotes":""},"categories":[47,26,32],"tags":[],"class_list":{"0":"post-69220","1":"post","2":"type-post","3":"status-publish","4":"format-standard","5":"has-post-thumbnail","7":"category-atividade-partidaria","8":"category-entroncamento","9":"category-noticias"},"acf":[],"_links":{"self":[{"href":"https:\/\/www.entroncamentoonline.pt\/portal\/wp-json\/wp\/v2\/posts\/69220","targetHints":{"allow":["GET"]}}],"collection":[{"href":"https:\/\/www.entroncamentoonline.pt\/portal\/wp-json\/wp\/v2\/posts"}],"about":[{"href":"https:\/\/www.entroncamentoonline.pt\/portal\/wp-json\/wp\/v2\/types\/post"}],"author":[{"embeddable":true,"href":"https:\/\/www.entroncamentoonline.pt\/portal\/wp-json\/wp\/v2\/users\/43"}],"replies":[{"embeddable":true,"href":"https:\/\/www.entroncamentoonline.pt\/portal\/wp-json\/wp\/v2\/comments?post=69220"}],"version-history":[{"count":0,"href":"https:\/\/www.entroncamentoonline.pt\/portal\/wp-json\/wp\/v2\/posts\/69220\/revisions"}],"wp:featuredmedia":[{"embeddable":true,"href":"https:\/\/www.entroncamentoonline.pt\/portal\/wp-json\/wp\/v2\/media\/69221"}],"wp:attachment":[{"href":"https:\/\/www.entroncamentoonline.pt\/portal\/wp-json\/wp\/v2\/media?parent=69220"}],"wp:term":[{"taxonomy":"category","embeddable":true,"href":"https:\/\/www.entroncamentoonline.pt\/portal\/wp-json\/wp\/v2\/categories?post=69220"},{"taxonomy":"post_tag","embeddable":true,"href":"https:\/\/www.entroncamentoonline.pt\/portal\/wp-json\/wp\/v2\/tags?post=69220"}],"curies":[{"name":"wp","href":"https:\/\/api.w.org\/{rel}","templated":true}]}}