{"id":69147,"date":"2025-08-14T21:30:56","date_gmt":"2025-08-14T20:30:56","guid":{"rendered":"https:\/\/www.entroncamentoonline.pt\/portal\/?p=69147"},"modified":"2025-08-15T13:28:35","modified_gmt":"2025-08-15T12:28:35","slug":"condicionamentos-ao-transito-na-regiao-devido-a-86-a-volta-a-portugal-continente-8-a-etapa-ferreira-do-zezere-santarem","status":"publish","type":"post","link":"https:\/\/www.entroncamentoonline.pt\/portal\/condicionamentos-ao-transito-na-regiao-devido-a-86-a-volta-a-portugal-continente-8-a-etapa-ferreira-do-zezere-santarem\/","title":{"rendered":"Condicionamentos ao tr\u00e2nsito na regi\u00e3o devido \u00e0 86.\u00aa Volta a Portugal Continente \u2013 8.\u00aa Etapa (Ferreira do Z\u00eazere &#8211; Santar\u00e9m)"},"content":{"rendered":"<p style=\"text-align: left;\" align=\"left\"><em><span style=\"color: #2c363a;\"><span style=\"font-family: Arial, sans-serif;\"><span style=\"font-size: medium;\">A 86.\u00aa Volta a Portugal em Bicicleta decorrer\u00e1 no distrito de Santar\u00e9m na 8.\u00aa Etapa (Ferreira do Z\u00eazere- Santar\u00e9m), amanh\u00e3, dia 15 de agosto<\/span><\/span><\/span><\/em><\/p>\n<p align=\"left\"><span style=\"color: #2c363a;\"><span style=\"font-family: Arial, sans-serif;\"><span style=\"font-size: medium;\">Esta prova, pela sua dimens\u00e3o e caracter\u00edsticas pr\u00f3prias, causar\u00e1 alguns constrangimentos \u00e0 circula\u00e7\u00e3o rodovi\u00e1ria das vias de tr\u00e2nsito por onde passam as v\u00e1rias etapas.<\/span><\/span><\/span><\/p>\n<p align=\"left\"><span style=\"color: #2c363a;\"><span style=\"font-family: Arial, sans-serif;\"><span style=\"font-size: medium;\">O Comando Distrital de Santar\u00e9m da PSP, nas cidades de Tomar, Abrantes, Entroncamento, Torres Novas, Santar\u00e9m e Cartaxo, com o objetivo de garantir a seguran\u00e7a de todos os intervenientes na prova, bem como de todos os cidad\u00e3os, ir\u00e1 implementar opera\u00e7\u00f5es de policiamento que afetar\u00e3o significativamente o tr\u00e2nsito e as desloca\u00e7\u00f5es nas vias por onde passam os ciclistas, bem como nas \u00e1reas adjacentes \u00e0s mesmas, pelo que apela \u00e0 boa compreens\u00e3o de todos os cidad\u00e3os que possam vir a ser afetados.<\/span><\/span><\/span><\/p>\n<p align=\"left\"><span style=\"color: #2c363a;\"><span style=\"font-family: Arial, sans-serif;\"><span style=\"font-size: medium;\">O percurso e as art\u00e9rias adjacentes ser\u00e3o interditados ao tr\u00e2nsito com alguma anteced\u00eancia relativamente \u00e0 passagem dos atletas, n\u00e3o sendo permitida a circula\u00e7\u00e3o de ve\u00edculos ou a travessia de pe\u00f5es.<\/span><\/span><\/span><\/p>\n<p align=\"left\"><span style=\"color: #2c363a;\"><span style=\"font-family: Arial, sans-serif;\"><span style=\"font-size: medium;\"><b>Para que o evento decorra sem qualquer incidente, a PSP aconselha o seguinte:<\/b><\/span><\/span><\/span><\/p>\n<p align=\"left\"><span style=\"color: #2c363a;\">\u00a0<\/span><span style=\"color: #2c363a;\"><span style=\"font-family: Arial, sans-serif;\"><span style=\"font-size: medium;\">\u00b7 Sigam as indica\u00e7\u00f5es dos pol\u00edcias colocados ao longo do percurso das provas;<\/span><\/span><\/span><\/p>\n<p align=\"left\"><span style=\"color: #2c363a;\"><span style=\"font-family: Arial, sans-serif;\"><span style=\"font-size: medium;\">\u00b7\u00a0 Evitem aglomerar-se nos pontos de partida\/chegada;<\/span><\/span><\/span><\/p>\n<p align=\"left\"><span style=\"color: #2c363a;\"><span style=\"font-family: Arial, sans-serif;\"><span style=\"font-size: medium;\">\u00b7\u00a0 Assistam \u00e0s provas nos locais permitidos, afastados das bermas e sem interferir com a circula\u00e7\u00e3o dos atletas;<\/span><\/span><\/span><\/p>\n<p align=\"left\"><span style=\"color: #2c363a;\"><span style=\"font-family: Arial, sans-serif;\"><span style=\"font-size: medium;\">\u00b7\u00a0 N\u00e3o atravessem a faixa de rodagem \u00e0 passagem dos ciclistas;<\/span><\/span><\/span><\/p>\n<p align=\"left\"><span style=\"color: #2c363a;\"><span style=\"font-family: Arial, sans-serif;\"><span style=\"font-size: medium;\">\u00b7\u00a0 N\u00e3o circulem por qualquer meio nos arruamentos de passagem das provas;<\/span><\/span><\/span><\/p>\n<p align=\"left\"><span style=\"color: #2c363a;\"><span style=\"font-family: Arial, sans-serif;\"><span style=\"font-size: medium;\">\u00b7\u00a0 \u00a0Supervisionem sempre as crian\u00e7as e evitem que corram para a estrada.<\/span><\/span><\/span><\/p>\n<p align=\"left\"><span style=\"color: #2c363a;\">\u00a0<\/span><span style=\"color: #2c363a;\"><span style=\"font-family: Arial, sans-serif;\"><span style=\"font-size: medium;\"><b>Lista de condicionamentos da 8.<\/b><b>\u00aa Etapa (Ferreira do Z\u00eazere &#8211; Santar\u00e9m) \u2013 15-08-2025<\/b><\/span><\/span><\/span><\/p>\n<p align=\"left\"><span style=\"color: #2c363a;\"><span style=\"font-family: Arial, sans-serif;\"><span style=\"font-size: medium;\"><b>Tomar\u00a0<\/b>(condicionalismos de tr\u00e2nsito nas art\u00e9rias do percurso da prova e adjacentes, previsivelmente, entre as 13H00 e as 14H00)<\/span><\/span><\/span><\/p>\n<p align=\"left\"><span style=\"color: #2c363a;\"><span style=\"font-family: Arial, sans-serif;\"><span style=\"font-size: medium;\">Percurso da Prova:<\/span><\/span><\/span><\/p>\n<p align=\"left\"><span style=\"color: #2c363a;\"><span style=\"font-family: Arial, sans-serif;\"><span style=\"font-size: medium;\">1.\u00a0\u00a0\u00a0\u00a0Rot.\u00aa (IC9) -Tomar Norte N110<\/span><\/span><\/span><\/p>\n<p align=\"left\"><span style=\"color: #2c363a;\"><span style=\"font-family: Arial, sans-serif;\"><span style=\"font-size: medium;\">2.\u00a0\u00a0\u00a0\u00a0Rot.\u00aa (RI15- Centro Hist\u00f3rico, Rua de Coimbra<\/span><\/span><\/span><\/p>\n<p align=\"left\"><span style=\"color: #2c363a;\"><span style=\"font-family: Arial, sans-serif;\"><span style=\"font-size: medium;\">3.\u00a0\u00a0\u00a0\u00a0Av. \u00c2ngela Tamagnini<\/span><\/span><\/span><\/p>\n<p align=\"left\"><span style=\"color: #2c363a;\"><span style=\"font-family: Arial, sans-serif;\"><span style=\"font-size: medium;\">4.\u00a0\u00a0\u00a0\u00a0Alameda 1 de Mar\u00e7o<\/span><\/span><\/span><\/p>\n<p align=\"left\"><span style=\"color: #2c363a;\"><span style=\"font-family: Arial, sans-serif;\"><span style=\"font-size: medium;\">5.\u00a0\u00a0\u00a0\u00a0Rua Marqu\u00eas de Pombal &#8211; Ponte s\/ Rio Nab\u00e3o<\/span><\/span><\/span><\/p>\n<p align=\"left\"><span style=\"color: #2c363a;\"><span style=\"font-family: Arial, sans-serif;\"><span style=\"font-size: medium;\">6.\u00a0\u00a0\u00a0\u00a0Rua Jo\u00e3o Carlos Everard<\/span><\/span><\/span><\/p>\n<p align=\"left\"><span style=\"color: #000000;\"><span style=\"font-family: Arial, sans-serif;\"><span style=\"font-size: medium;\">7.\u00a0\u00a0\u00a0\u00a0Rot.\u00aa (Tabuleiro) p\/\u00a0 Av. Torres Pinheiro<\/span><\/span><\/span><\/p>\n<p align=\"left\"><span style=\"color: #000000;\"><span style=\"font-family: Arial, sans-serif;\"><span style=\"font-size: medium;\">8.\u00a0\u00a0\u00a0\u00a0Av. Dom Nuno Alvares Pereira<\/span><\/span><\/span><\/p>\n<p align=\"left\"><span style=\"color: #000000;\"><span style=\"font-family: Arial, sans-serif;\"><span style=\"font-size: medium;\">9.\u00a0\u00a0\u00a0\u00a0Rot.\u00aa (Padr\u00e3o) p\/ N110<\/span><\/span><\/span><\/p>\n<p align=\"left\"><span style=\"color: #2c363a;\"><span style=\"font-family: Arial, sans-serif;\"><span style=\"font-size: medium;\"><b>Abrantes\u00a0<\/b>(condicionalismos de tr\u00e2nsito nas art\u00e9rias do percurso da prova e adjacentes, previsivelmente, entre as 14H00 e as 15H00)<\/span><\/span><\/span><\/p>\n<p align=\"left\"><span style=\"color: #2c363a;\"><span style=\"font-family: Arial, sans-serif;\"><span style=\"font-size: medium;\">Percurso da Prova:<\/span><\/span><\/span><\/p>\n<p align=\"left\"><span style=\"color: #2c363a;\"><span style=\"font-family: Arial, sans-serif;\"><span style=\"font-size: medium;\">1.\u00a0\u00a0\u00a0\u00a0Rot.\u00aa (75 anos N2)<\/span><\/span><\/span><\/p>\n<p align=\"left\"><span style=\"color: #2c363a;\"><span style=\"font-family: Arial, sans-serif;\"><span style=\"font-size: medium;\">2.\u00a0\u00a0\u00a0\u00a0Rot.\u00aa (Olival)<\/span><\/span><\/span><\/p>\n<p align=\"left\"><span style=\"color: #2c363a;\"><span style=\"font-family: Arial, sans-serif;\"><span style=\"font-size: medium;\">3.\u00a0\u00a0\u00a0\u00a0Barreiras do Tejo<\/span><\/span><\/span><\/p>\n<p align=\"left\"><span style=\"color: #2c363a;\"><span style=\"font-family: Arial, sans-serif;\"><span style=\"font-size: medium;\">4.\u00a0\u00a0\u00a0\u00a0Av. do Paiol<\/span><\/span><\/span><\/p>\n<p align=\"left\"><span style=\"color: #2c363a;\"><span style=\"font-family: Arial, sans-serif;\"><span style=\"font-size: medium;\">5.\u00a0\u00a0\u00a0\u00a0Av. Dr. Santana Maia<\/span><\/span><\/span><\/p>\n<p align=\"left\"><span style=\"color: #2c363a;\"><span style=\"font-family: Arial, sans-serif;\"><span style=\"font-size: medium;\">6.\u00a0\u00a0\u00a0\u00a0Av. das For\u00e7as Armadas<\/span><\/span><\/span><\/p>\n<p align=\"left\"><span style=\"color: #2c363a;\"><span style=\"font-family: Arial, sans-serif;\"><span style=\"font-size: medium;\">7.\u00a0\u00a0\u00a0\u00a0Rot.\u00aa (Regimento Apoio Militar de emerg\u00eancia) p\/ Const\u00e2ncia N3<\/span><\/span><\/span><\/p>\n<p align=\"left\"><span style=\"color: #2c363a;\"><span style=\"font-family: Arial, sans-serif;\"><span style=\"font-size: medium;\"><b>Entroncamento\u00a0<\/b>(condicionalismos de tr\u00e2nsito nas art\u00e9rias do percurso da prova e adjacentes, previsivelmente, entre as 15H00 e as 16H00)<\/span><\/span><\/span><\/p>\n<p align=\"left\"><span style=\"color: #2c363a;\"><span style=\"font-family: Arial, sans-serif;\"><span style=\"font-size: medium;\">Percurso da Prova:<\/span><\/span><\/span><\/p>\n<p align=\"left\"><span style=\"color: #2c363a;\"><span style=\"font-family: Arial, sans-serif;\"><span style=\"font-size: medium;\">1.\u00a0\u00a0\u00a0\u00a0V. N. da Barquinha &#8211; p\/ Entroncamento N3<\/span><\/span><\/span><\/p>\n<p align=\"left\"><span style=\"color: #2c363a;\"><span style=\"font-family: Arial, sans-serif;\"><span style=\"font-size: medium;\">2.\u00a0\u00a0\u00a0\u00a0Entroncamento &#8211; Rot.\u00aa (Hospital)<\/span><\/span><\/span><\/p>\n<p align=\"left\"><span style=\"color: #2c363a;\"><span style=\"font-family: Arial, sans-serif;\"><span style=\"font-size: medium;\">3.\u00a0\u00a0\u00a0\u00a0Rua Jacinto Marques Agostinho<\/span><\/span><\/span><\/p>\n<p align=\"left\"><span style=\"color: #2c363a;\"><span style=\"font-family: Arial, sans-serif;\"><span style=\"font-size: medium;\">4.\u00a0\u00a0\u00a0\u00a0Viaduto Eug\u00e9nio Dias Poitout s\/ Linha F\u00e9rrea<\/span><\/span><\/span><\/p>\n<p align=\"left\"><span style=\"color: #2c363a;\"><span style=\"font-family: Arial, sans-serif;\"><span style=\"font-size: medium;\">5.\u00a0\u00a0\u00a0\u00a0Rot.\u00aa (Cidade Ferrovi\u00e1ria)<\/span><\/span><\/span><\/p>\n<p align=\"left\"><span style=\"color: #2c363a;\"><span style=\"font-family: Arial, sans-serif;\"><span style=\"font-size: medium;\">6.\u00a0\u00a0\u00a0\u00a0Rot:\u00aa (Jeep dos Bombeiros)<\/span><\/span><\/span><\/p>\n<p align=\"left\"><span style=\"color: #2c363a;\"><span style=\"font-family: Arial, sans-serif;\"><span style=\"font-size: medium;\">7.\u00a0\u00a0\u00a0\u00a0Rot.\u00aa (Chaimite) p\/ Torres Novas N3<\/span><\/span><\/span><\/p>\n<p align=\"left\"><span style=\"color: #2c363a;\"><span style=\"font-family: Arial, sans-serif;\"><span style=\"font-size: medium;\"><b>Torres Novas<\/b>\u00a0(condicionalismos de tr\u00e2nsito nas art\u00e9rias do percurso da prova e adjacentes, previsivelmente, entre as 15H00 e as 16H00)<\/span><\/span><\/span><\/p>\n<p align=\"left\"><span style=\"color: #2c363a;\"><span style=\"font-family: Arial, sans-serif;\"><span style=\"font-size: medium;\">Percurso da Prova:<\/span><\/span><\/span><\/p>\n<p align=\"left\"><span style=\"color: #2c363a;\"><span style=\"font-family: Arial, sans-serif;\"><span style=\"font-size: medium;\">1.\u00a0\u00a0\u00a0\u00a0Rot.\u00aa (N.\u00aa Sr.\u00aa da Boa Viagem)<\/span><\/span><\/span><\/p>\n<p align=\"left\"><span style=\"color: #2c363a;\"><span style=\"font-family: Arial, sans-serif;\"><span style=\"font-size: medium;\">2.\u00a0\u00a0\u00a0\u00a0Rot.\u00aa (Bois)<\/span><\/span><\/span><\/p>\n<p align=\"left\"><span style=\"color: #2c363a;\"><span style=\"font-family: Arial, sans-serif;\"><span style=\"font-size: medium;\">3.\u00a0\u00a0\u00a0\u00a0Rot. p\/ Goleg\u00e3 N243<\/span><\/span><\/span><\/p>\n<p align=\"left\"><span style=\"color: #2c363a;\"><span style=\"font-family: Arial, sans-serif;\"><span style=\"font-size: medium;\">Todas as informa\u00e7\u00f5es sobre o percurso da etapa, mapa da cidade de partida e de chegada, percurso urbano, entre outras informa\u00e7\u00f5es pode ser consultado <\/span><\/span><\/span><span style=\"color: #2c363a;\"><span style=\"font-family: Arial, sans-serif;\"><span style=\"font-size: medium;\">em <\/span><\/span><\/span><a href=\"https:\/\/volta-portugal.com\/etapas\/8%C2%AA-etapa\/\" target=\"_blank\" rel=\"noopener\"><span style=\"color: #0000ff;\"><span style=\"font-family: Arial, sans-serif;\"><span style=\"font-size: medium;\"><u>Volta a Portugal Continente<\/u><\/span><\/span><\/span><\/a><\/p>\n<p><em>Reda\u00e7\u00e3o<\/em><\/p>\n<div class=\"fb-background-color\">\n\t\t\t  <div \n\t\t\t  \tclass = \"fb-comments\" \n\t\t\t  \tdata-href = \"https:\/\/www.entroncamentoonline.pt\/portal\/condicionamentos-ao-transito-na-regiao-devido-a-86-a-volta-a-portugal-continente-8-a-etapa-ferreira-do-zezere-santarem\/\"\n\t\t\t  \tdata-numposts = \"10\"\n\t\t\t  \tdata-lazy = \"true\"\n\t\t\t\tdata-colorscheme = \"light\"\n\t\t\t\tdata-order-by = \"social\"\n\t\t\t\tdata-mobile=true>\n\t\t\t  <\/div><\/div>\n\t\t  <style>\n\t\t    .fb-background-color {\n\t\t\t\tbackground:  !important;\n\t\t\t}\n\t\t\t.fb_iframe_widget_fluid_desktop iframe {\n\t\t\t    width: 100% !important;\n\t\t\t}\n\t\t  <\/style>\n\t\t  ","protected":false},"excerpt":{"rendered":"<p>A 86.\u00aa Volta a Portugal em Bicicleta decorrer\u00e1 no distrito de Santar\u00e9m na 8.\u00aa Etapa (Ferreira do Z\u00eazere- Santar\u00e9m), amanh\u00e3, dia 15 de agosto Esta prova, pela sua dimens\u00e3o e caracter\u00edsticas pr\u00f3prias, causar\u00e1 alguns constrangimentos \u00e0 circula\u00e7\u00e3o rodovi\u00e1ria das vias de tr\u00e2nsito por onde passam as v\u00e1rias etapas. O Comando Distrital de Santar\u00e9m da PSP, [&hellip;]<\/p>\n","protected":false},"author":43,"featured_media":69148,"comment_status":"open","ping_status":"closed","sticky":false,"template":"","format":"standard","meta":{"_acf_changed":false,"footnotes":""},"categories":[56,75,32,1],"tags":[],"class_list":{"0":"post-69147","1":"post","2":"type-post","3":"status-publish","4":"format-standard","5":"has-post-thumbnail","7":"category-1apagina","8":"category-medio-tejo","9":"category-noticias","10":"category-sem-categoria"},"acf":[],"_links":{"self":[{"href":"https:\/\/www.entroncamentoonline.pt\/portal\/wp-json\/wp\/v2\/posts\/69147","targetHints":{"allow":["GET"]}}],"collection":[{"href":"https:\/\/www.entroncamentoonline.pt\/portal\/wp-json\/wp\/v2\/posts"}],"about":[{"href":"https:\/\/www.entroncamentoonline.pt\/portal\/wp-json\/wp\/v2\/types\/post"}],"author":[{"embeddable":true,"href":"https:\/\/www.entroncamentoonline.pt\/portal\/wp-json\/wp\/v2\/users\/43"}],"replies":[{"embeddable":true,"href":"https:\/\/www.entroncamentoonline.pt\/portal\/wp-json\/wp\/v2\/comments?post=69147"}],"version-history":[{"count":0,"href":"https:\/\/www.entroncamentoonline.pt\/portal\/wp-json\/wp\/v2\/posts\/69147\/revisions"}],"wp:featuredmedia":[{"embeddable":true,"href":"https:\/\/www.entroncamentoonline.pt\/portal\/wp-json\/wp\/v2\/media\/69148"}],"wp:attachment":[{"href":"https:\/\/www.entroncamentoonline.pt\/portal\/wp-json\/wp\/v2\/media?parent=69147"}],"wp:term":[{"taxonomy":"category","embeddable":true,"href":"https:\/\/www.entroncamentoonline.pt\/portal\/wp-json\/wp\/v2\/categories?post=69147"},{"taxonomy":"post_tag","embeddable":true,"href":"https:\/\/www.entroncamentoonline.pt\/portal\/wp-json\/wp\/v2\/tags?post=69147"}],"curies":[{"name":"wp","href":"https:\/\/api.w.org\/{rel}","templated":true}]}}