{"id":69130,"date":"2025-08-14T18:50:29","date_gmt":"2025-08-14T17:50:29","guid":{"rendered":"https:\/\/www.entroncamentoonline.pt\/portal\/?p=69130"},"modified":"2025-08-14T16:20:05","modified_gmt":"2025-08-14T15:20:05","slug":"a-cronica-de-sandra-may-culpa-o-peso-que-vestimos-e-que-nos-molda","status":"publish","type":"post","link":"https:\/\/www.entroncamentoonline.pt\/portal\/a-cronica-de-sandra-may-culpa-o-peso-que-vestimos-e-que-nos-molda\/","title":{"rendered":"A Cr\u00f3nica de Sandra May &#8211; Entre Mudan\u00e7as e Conex\u00f5es: \u201cCulpa: o peso que vestimos e que nos molda\u201d"},"content":{"rendered":"<p align=\"justify\"><span style=\"font-family: Arial, sans-serif;\"><span style=\"font-size: medium;\">A culpa n\u00e3o \u00e9 uma emo\u00e7\u00e3o delicada que passa com ch\u00e1 quente, umas aulas de medita\u00e7\u00e3o e sil\u00eancio cronometrado. \u00c9, na verdade, uma faca de carne viva que nos segue durante grande parte da vida, disfar\u00e7ada de consci\u00eancia, de responsabilidade, de \u201cdeveria ter feito melhor\u201d e, nas piores de todas as hip\u00f3teses: \u201ce se nunca tivesse acontecido?\u201d.<\/span><\/span><\/p>\n<p align=\"justify\"><span style=\"font-family: Arial, sans-serif;\"><span style=\"font-size: medium;\">Mas, e se te disser que, muitas vezes, a culpa n\u00e3o nos faz crescer? Estamos apenas programados para acreditar que ela \u00e9 parte inevit\u00e1vel do tal \u201ccrescimento\u201d. Na realidade, <b>ela paralisa<\/b>. Transforma-nos em espectros de n\u00f3s mesmos, sempre a olhar para tr\u00e1s, sempre a martelar cada erro como se o passado fosse um crime imposs\u00edvel de prescrever.<\/span><\/span><\/p>\n<p align=\"left\"><span style=\"font-family: Arial, sans-serif;\"><span style=\"font-size: medium;\"><b>Sentir culpa \u00e9 um exerc\u00edcio cruel de auto-tortura.<\/b><\/span><\/span><\/p>\n<p>A sociedade ensinou-nos que responsabilidade \u00e9 carregar tudo sobre os ombros, mesmo o que nunca nos pertenceu. E n\u00f3s, obedientes\u2026 <i>t\u00e3o<\/i> obedientes que somos, engolimos essa carga. Caminhamos curvados, com medo de falhar outra vez, como se o simples ato de respirar pudesse ser pecado.<\/p>\n<p align=\"justify\"><span style=\"font-family: Arial, sans-serif;\"><span style=\"font-size: medium;\"><b>A verdade \u00e9 que a culpa \u00e9 uma mentira sofisticada. <\/b>Faz-nos acreditar que podemos controlar o passado, que podemos desfazer o que j\u00e1 aconteceu, que somos os arquitetos de todo o sofrimento que sentimos. N\u00e3o somos. Nunca fomos. A culpa n\u00e3o \u00e9 ponte, \u00e9 corrente. <b>E, cada vez que a aceitamos como nosso fardo, deixamos de viver o presente.<\/b><\/span><\/span><\/p>\n<p align=\"justify\"><span style=\"font-family: Arial, sans-serif;\"><span style=\"font-size: medium;\">Pior ainda \u00e9 quando criamos a ilus\u00e3o de que \u201cnunca mais iremos cometer o mesmo erro\u201d. Fazemos promessas que, no momento, parecem compromissos s\u00f3lidos. E adivinha s\u00f3? N\u00e3o s\u00e3o.<\/span><\/span><\/p>\n<p align=\"justify\"><span style=\"font-family: Arial, sans-serif;\"><span style=\"font-size: medium;\">E aqui vai o choque: o verdadeiro poder n\u00e3o est\u00e1 em sentir culpa. Est\u00e1 em olh\u00e1-la nos olhos, reconhecer a pr\u00f3pria falha sem nos dissolvermos nela e, ainda assim, decidir avan\u00e7ar. N\u00e3o importa se erraste feio, se magoaste algu\u00e9m ou a ti mesmo.<b> A vida n\u00e3o pede perd\u00e3o. A vida pede movimento.<\/b> E a culpa, transformada em consci\u00eancia, s\u00f3 serve se te empurrar para a frente e n\u00e3o se agarrar como a carca\u00e7a de um passado que j\u00e1 n\u00e3o existe.<\/span><\/span><\/p>\n<p align=\"justify\"><span style=\"font-family: Arial, sans-serif;\"><span style=\"font-size: medium;\">No fim, somos culpados n\u00e3o pelo que fizemos, mas pelo medo de deixar de ser culpados. <b>Abandonar a culpa significa largar a nossa desculpa favorita para n\u00e3o mudar. <\/b>E isso, caro leitor, \u00e9 o que nos mant\u00e9m presos.<\/span><\/span><\/p>\n<p align=\"justify\"><span style=\"font-family: Arial, sans-serif;\"><span style=\"font-size: medium;\">Talvez, no fundo, nos agarremos a ela porque \u00e9 mais f\u00e1cil viver como v\u00edtima do que assumir que somos livres. E a liberdade, essa sim, \u00e9 assustadora: exige a\u00e7\u00e3o, exige risco, exige recome\u00e7o. A culpa \u00e9 est\u00e1tica. A liberdade \u00e9 movimento. A culpa \u00e9 cela. A liberdade \u00e9 abismo.<\/span><\/span><\/p>\n<p align=\"justify\"><span style=\"font-family: Arial, sans-serif;\"><span style=\"font-size: medium;\">E ent\u00e3o, a pergunta que fica \u00e9: vais continuar a dormir abra\u00e7ado \u00e0 tua culpa como se fosse um cobertor gasto, ou vais rasg\u00e1-lo e sentir o frio que te obriga a andar?<\/span><\/span><\/p>\n<p align=\"left\"><span style=\"color: #222222;\"><span style=\"font-family: Arial, sans-serif;\"><span style=\"font-size: medium;\">SANDRA MAY<\/span><\/span><\/span><\/p>\n<p><span style=\"color: #222222;\"><span style=\"font-family: Arial, sans-serif;\"><span style=\"font-size: medium;\"><i>Acompanha o trabalho da autora em:<br \/>\n<\/i><\/span><\/span><\/span><span style=\"color: #3b5e78;\"><span style=\"font-family: Arial, sans-serif;\"><span style=\"font-size: medium;\"><i><a href=\"https:\/\/www.instagram.com\/saandramay\/\">https:\/\/www.instagram.com\/saandramay\/<br \/>\n<\/a><a href=\"https:\/\/www.facebook.com\/saandramay\/\">https:\/\/www.facebook.com\/saandramay\/<\/a><\/i><\/span><\/span><\/span><\/p>\n<div class=\"fb-background-color\">\n\t\t\t  <div \n\t\t\t  \tclass = \"fb-comments\" \n\t\t\t  \tdata-href = \"https:\/\/www.entroncamentoonline.pt\/portal\/a-cronica-de-sandra-may-culpa-o-peso-que-vestimos-e-que-nos-molda\/\"\n\t\t\t  \tdata-numposts = \"10\"\n\t\t\t  \tdata-lazy = \"true\"\n\t\t\t\tdata-colorscheme = \"light\"\n\t\t\t\tdata-order-by = \"social\"\n\t\t\t\tdata-mobile=true>\n\t\t\t  <\/div><\/div>\n\t\t  <style>\n\t\t    .fb-background-color {\n\t\t\t\tbackground:  !important;\n\t\t\t}\n\t\t\t.fb_iframe_widget_fluid_desktop iframe {\n\t\t\t    width: 100% !important;\n\t\t\t}\n\t\t  <\/style>\n\t\t  ","protected":false},"excerpt":{"rendered":"<p>A culpa n\u00e3o \u00e9 uma emo\u00e7\u00e3o delicada que passa com ch\u00e1 quente, umas aulas de medita\u00e7\u00e3o e sil\u00eancio cronometrado. \u00c9, na verdade, uma faca de carne viva que nos segue durante grande parte da vida, disfar\u00e7ada de consci\u00eancia, de responsabilidade, de \u201cdeveria ter feito melhor\u201d e, nas piores de todas as hip\u00f3teses: \u201ce se nunca [&hellip;]<\/p>\n","protected":false},"author":50,"featured_media":69131,"comment_status":"open","ping_status":"closed","sticky":false,"template":"","format":"standard","meta":{"_acf_changed":false,"footnotes":""},"categories":[55,139,209],"tags":[],"class_list":{"0":"post-69130","1":"post","2":"type-post","3":"status-publish","4":"format-standard","5":"has-post-thumbnail","7":"category-cronica","8":"category-cronica-eol","9":"category-sandra-may"},"acf":[],"_links":{"self":[{"href":"https:\/\/www.entroncamentoonline.pt\/portal\/wp-json\/wp\/v2\/posts\/69130","targetHints":{"allow":["GET"]}}],"collection":[{"href":"https:\/\/www.entroncamentoonline.pt\/portal\/wp-json\/wp\/v2\/posts"}],"about":[{"href":"https:\/\/www.entroncamentoonline.pt\/portal\/wp-json\/wp\/v2\/types\/post"}],"author":[{"embeddable":true,"href":"https:\/\/www.entroncamentoonline.pt\/portal\/wp-json\/wp\/v2\/users\/50"}],"replies":[{"embeddable":true,"href":"https:\/\/www.entroncamentoonline.pt\/portal\/wp-json\/wp\/v2\/comments?post=69130"}],"version-history":[{"count":0,"href":"https:\/\/www.entroncamentoonline.pt\/portal\/wp-json\/wp\/v2\/posts\/69130\/revisions"}],"wp:featuredmedia":[{"embeddable":true,"href":"https:\/\/www.entroncamentoonline.pt\/portal\/wp-json\/wp\/v2\/media\/69131"}],"wp:attachment":[{"href":"https:\/\/www.entroncamentoonline.pt\/portal\/wp-json\/wp\/v2\/media?parent=69130"}],"wp:term":[{"taxonomy":"category","embeddable":true,"href":"https:\/\/www.entroncamentoonline.pt\/portal\/wp-json\/wp\/v2\/categories?post=69130"},{"taxonomy":"post_tag","embeddable":true,"href":"https:\/\/www.entroncamentoonline.pt\/portal\/wp-json\/wp\/v2\/tags?post=69130"}],"curies":[{"name":"wp","href":"https:\/\/api.w.org\/{rel}","templated":true}]}}