{"id":68258,"date":"2025-06-12T21:56:20","date_gmt":"2025-06-12T20:56:20","guid":{"rendered":"https:\/\/www.entroncamentoonline.pt\/portal\/?p=68258"},"modified":"2025-06-12T23:36:57","modified_gmt":"2025-06-12T22:36:57","slug":"feira-do-tejo-2025-anima-vila-nova-da-barquinha-ate-domingo","status":"publish","type":"post","link":"https:\/\/www.entroncamentoonline.pt\/portal\/feira-do-tejo-2025-anima-vila-nova-da-barquinha-ate-domingo\/","title":{"rendered":"Feira do Tejo 2025 anima Vila Nova da Barquinha at\u00e9 domingo"},"content":{"rendered":"<p data-start=\"65\" data-end=\"356\"><em>\u00c9 oficial: A Barquinha est\u00e1 em Festa<\/em><\/p>\n<p data-start=\"65\" data-end=\"356\">Vila Nova da Barquinha acolhe, de 12 a 15 de junho, mais uma edi\u00e7\u00e3o da Feira do Tejo, evento que combina m\u00fasica, cultura popular, gastronomia e anima\u00e7\u00e3o para todas as idades. O certame decorre no Parque Ribeirinho, junto ao Tejo, e promete atrair milhares de visitantes.<\/p>\n<p data-start=\"358\" data-end=\"717\">O arranque d\u00e1-se hoje, quinta feira com a atua\u00e7\u00e3o de <strong data-start=\"437\" data-end=\"457\">B\u00e1rbara Bandeira<\/strong> (22h30) a marcar a primeira grande noite. Na quinta-feira, o destaque vai para a <strong data-start=\"539\" data-end=\"572\">Orquestra Ligeira do Ex\u00e9rcito<\/strong>, num espet\u00e1culo que inclui pirotecnia. <strong data-start=\"612\" data-end=\"622\">Carl\u00e3o<\/strong> sobe ao palco na noite de s\u00e1bado, e <strong data-start=\"659\" data-end=\"678\">Richie Campbell<\/strong> encerra o programa musical no domingo.<\/p>\n<p data-start=\"358\" data-end=\"717\"><img loading=\"lazy\" decoding=\"async\" class=\"alignnone size-medium wp-image-68260\" src=\"https:\/\/www.entroncamentoonline.pt\/portal\/wp-content\/uploads\/2025\/06\/Imagem-WhatsApp-2025-06-12-as-21.42.26_99ff121d-800x600.jpg\" alt=\"\" width=\"800\" height=\"600\" srcset=\"https:\/\/www.entroncamentoonline.pt\/portal\/wp-content\/uploads\/2025\/06\/Imagem-WhatsApp-2025-06-12-as-21.42.26_99ff121d-800x600.jpg 800w, https:\/\/www.entroncamentoonline.pt\/portal\/wp-content\/uploads\/2025\/06\/Imagem-WhatsApp-2025-06-12-as-21.42.26_99ff121d-2024x1518.jpg 2024w, https:\/\/www.entroncamentoonline.pt\/portal\/wp-content\/uploads\/2025\/06\/Imagem-WhatsApp-2025-06-12-as-21.42.26_99ff121d-768x576.jpg 768w, https:\/\/www.entroncamentoonline.pt\/portal\/wp-content\/uploads\/2025\/06\/Imagem-WhatsApp-2025-06-12-as-21.42.26_99ff121d-1536x1152.jpg 1536w, https:\/\/www.entroncamentoonline.pt\/portal\/wp-content\/uploads\/2025\/06\/Imagem-WhatsApp-2025-06-12-as-21.42.26_99ff121d-696x522.jpg 696w, https:\/\/www.entroncamentoonline.pt\/portal\/wp-content\/uploads\/2025\/06\/Imagem-WhatsApp-2025-06-12-as-21.42.26_99ff121d-1068x801.jpg 1068w, https:\/\/www.entroncamentoonline.pt\/portal\/wp-content\/uploads\/2025\/06\/Imagem-WhatsApp-2025-06-12-as-21.42.26_99ff121d-1920x1440.jpg 1920w, https:\/\/www.entroncamentoonline.pt\/portal\/wp-content\/uploads\/2025\/06\/Imagem-WhatsApp-2025-06-12-as-21.42.26_99ff121d-560x420.jpg 560w, https:\/\/www.entroncamentoonline.pt\/portal\/wp-content\/uploads\/2025\/06\/Imagem-WhatsApp-2025-06-12-as-21.42.26_99ff121d-80x60.jpg 80w, https:\/\/www.entroncamentoonline.pt\/portal\/wp-content\/uploads\/2025\/06\/Imagem-WhatsApp-2025-06-12-as-21.42.26_99ff121d-265x198.jpg 265w, https:\/\/www.entroncamentoonline.pt\/portal\/wp-content\/uploads\/2025\/06\/Imagem-WhatsApp-2025-06-12-as-21.42.26_99ff121d.jpg 2040w\" sizes=\"auto, (max-width: 800px) 100vw, 800px\" \/><\/p>\n<p data-start=\"719\" data-end=\"1056\">Al\u00e9m dos concertos, o evento inclui <strong data-start=\"755\" data-end=\"776\">marchas populares<\/strong>, <strong data-start=\"778\" data-end=\"806\">sardinhadas tradicionais<\/strong>, <strong data-start=\"808\" data-end=\"852\">feira de artesanato e produtos regionais<\/strong>, <strong data-start=\"854\" data-end=\"868\">tasquinhas<\/strong>, e <strong data-start=\"872\" data-end=\"895\">atividades infantis<\/strong>, como ateliers, jogos e espet\u00e1culos de rua. Haver\u00e1 ainda demonstra\u00e7\u00f5es de <strong data-start=\"970\" data-end=\"979\">dan\u00e7a<\/strong>, <strong data-start=\"981\" data-end=\"991\">teatro<\/strong>, <strong data-start=\"993\" data-end=\"1007\">exposi\u00e7\u00f5es<\/strong>, <strong data-start=\"1009\" data-end=\"1021\">desporto<\/strong> e sess\u00f5es de <strong data-start=\"1035\" data-end=\"1043\">yoga<\/strong> ao ar livre.<\/p>\n<p data-start=\"1058\" data-end=\"1190\">A entrada \u00e9 gratuita e os hor\u00e1rios variam entre as 18h00 e as 24h00 no dia inaugural e entre as 15h00 e as 24h00 nos restantes dias.<\/p>\n<p data-start=\"1192\" data-end=\"1372\">A Feira do Tejo afirma-se, ano ap\u00f3s ano, como um dos eventos de ver\u00e3o de refer\u00eancia no M\u00e9dio Tejo, com uma programa\u00e7\u00e3o ecl\u00e9tica que alia tradi\u00e7\u00e3o, modernidade e dinamismo cultural.<\/p>\n<p data-start=\"1374\" data-end=\"1442\" data-is-last-node=\"\" data-is-only-node=\"\">\n<div class=\"fb-background-color\">\n\t\t\t  <div \n\t\t\t  \tclass = \"fb-comments\" \n\t\t\t  \tdata-href = \"https:\/\/www.entroncamentoonline.pt\/portal\/feira-do-tejo-2025-anima-vila-nova-da-barquinha-ate-domingo\/\"\n\t\t\t  \tdata-numposts = \"10\"\n\t\t\t  \tdata-lazy = \"true\"\n\t\t\t\tdata-colorscheme = \"light\"\n\t\t\t\tdata-order-by = \"social\"\n\t\t\t\tdata-mobile=true>\n\t\t\t  <\/div><\/div>\n\t\t  <style>\n\t\t    .fb-background-color {\n\t\t\t\tbackground:  !important;\n\t\t\t}\n\t\t\t.fb_iframe_widget_fluid_desktop iframe {\n\t\t\t    width: 100% !important;\n\t\t\t}\n\t\t  <\/style>\n\t\t  ","protected":false},"excerpt":{"rendered":"<p>\u00c9 oficial: A Barquinha est\u00e1 em Festa Vila Nova da Barquinha acolhe, de 12 a 15 de junho, mais uma edi\u00e7\u00e3o da Feira do Tejo, evento que combina m\u00fasica, cultura popular, gastronomia e anima\u00e7\u00e3o para todas as idades. O certame decorre no Parque Ribeirinho, junto ao Tejo, e promete atrair milhares de visitantes. O arranque [&hellip;]<\/p>\n","protected":false},"author":43,"featured_media":68259,"comment_status":"open","ping_status":"closed","sticky":false,"template":"","format":"standard","meta":{"_acf_changed":false,"footnotes":""},"categories":[1],"tags":[],"class_list":{"0":"post-68258","1":"post","2":"type-post","3":"status-publish","4":"format-standard","5":"has-post-thumbnail","7":"category-sem-categoria"},"acf":[],"_links":{"self":[{"href":"https:\/\/www.entroncamentoonline.pt\/portal\/wp-json\/wp\/v2\/posts\/68258","targetHints":{"allow":["GET"]}}],"collection":[{"href":"https:\/\/www.entroncamentoonline.pt\/portal\/wp-json\/wp\/v2\/posts"}],"about":[{"href":"https:\/\/www.entroncamentoonline.pt\/portal\/wp-json\/wp\/v2\/types\/post"}],"author":[{"embeddable":true,"href":"https:\/\/www.entroncamentoonline.pt\/portal\/wp-json\/wp\/v2\/users\/43"}],"replies":[{"embeddable":true,"href":"https:\/\/www.entroncamentoonline.pt\/portal\/wp-json\/wp\/v2\/comments?post=68258"}],"version-history":[{"count":0,"href":"https:\/\/www.entroncamentoonline.pt\/portal\/wp-json\/wp\/v2\/posts\/68258\/revisions"}],"wp:featuredmedia":[{"embeddable":true,"href":"https:\/\/www.entroncamentoonline.pt\/portal\/wp-json\/wp\/v2\/media\/68259"}],"wp:attachment":[{"href":"https:\/\/www.entroncamentoonline.pt\/portal\/wp-json\/wp\/v2\/media?parent=68258"}],"wp:term":[{"taxonomy":"category","embeddable":true,"href":"https:\/\/www.entroncamentoonline.pt\/portal\/wp-json\/wp\/v2\/categories?post=68258"},{"taxonomy":"post_tag","embeddable":true,"href":"https:\/\/www.entroncamentoonline.pt\/portal\/wp-json\/wp\/v2\/tags?post=68258"}],"curies":[{"name":"wp","href":"https:\/\/api.w.org\/{rel}","templated":true}]}}