{"id":68212,"date":"2025-06-08T11:11:42","date_gmt":"2025-06-08T10:11:42","guid":{"rendered":"https:\/\/www.entroncamentoonline.pt\/portal\/?p=68212"},"modified":"2025-06-08T11:11:42","modified_gmt":"2025-06-08T10:11:42","slug":"a-cronica-de-manuel-fernandes-vicente-tres-candidatos-e-um-problema-serio-no-entroncamento","status":"publish","type":"post","link":"https:\/\/www.entroncamentoonline.pt\/portal\/a-cronica-de-manuel-fernandes-vicente-tres-candidatos-e-um-problema-serio-no-entroncamento\/","title":{"rendered":"A Cr\u00f3nica de Manuel Fernandes Vicente: &#8220;Tr\u00eas candidatos e um problema s\u00e9rio no Entroncamento&#8221;"},"content":{"rendered":"<p><span style=\"font-family: Arial, sans-serif;\"><span style=\"font-size: medium;\">No Entroncamento \u23bc e apesar de umas elei\u00e7\u00f5es legislativas serem bastante distintas de um ato eleitoral para as autarquias \u23bc os resultados das elei\u00e7\u00f5es de maio n\u00e3o podem deixar de iluminar, com uma luz diferente naturalmente, as perspetivas sobre as pr\u00f3ximas elei\u00e7\u00f5es para o munic\u00edpio (e tamb\u00e9m para as freguesias). A verdade \u00e9 que o cometa Chega, que varreu literalmente o pa\u00eds, para surpresa de muita gente, teve no Entroncamento efeitos ainda mais ampliados, vencendo n\u00e3o s\u00f3 no concelho como nas duas freguesias, e com resultados que impressionam. No conjunto do concelho votaram no partido de Andr\u00e9 Ventura 3 493 cidad\u00e3os, o que correspondeu a 31,8 por cento dos eleitores que foram a sufr\u00e1gio, mais que os 26,9 por cento obtidos pela AD, e os 23,7 por cento, a <i>performance <\/i>obtida pelo PS. O caso merece uma reflex\u00e3o profunda e, na minha opini\u00e3o, este vi\u00e9s de perce\u00e7\u00e3o a favor do Chega no Entroncamento (em rela\u00e7\u00e3o ao conjunto do pa\u00eds) merece tamb\u00e9m, ou devia merecer, uma aten\u00e7\u00e3o particular por parte dos candidatos dos tr\u00eas principais partidos da cidade para as elei\u00e7\u00f5es aut\u00e1rquicas que no in\u00edcio do outono, dentro de poucos meses, ir\u00e3o ocorrer.<\/span><\/span><\/p>\n<p><span style=\"font-family: Arial, sans-serif;\"><span style=\"font-size: medium;\">A verdade \u00e9 que, pela primeira vez desde abril de 1974, umas elei\u00e7\u00f5es aut\u00e1rquicas no Entroncamento dever\u00e3o ser disputadas, em p\u00e9 de uma consider\u00e1vel igualdade, por tr\u00eas for\u00e7as pol\u00edticas \u23bc nunca isso sucedera at\u00e9 hoje. Houve at\u00e9 mesmo, por diversas vezes, e a s\u00e9rio, um s\u00f3 partido que se apresentava e aprontava para as ganhar, tudo estando apenas dependente de se a maioria que obtivesse seria relativa ou absoluta, e neste caso, quantos vereadores iria eleger para distribuir os cargos do funcionalismo local. Sucedeu por diversas vezes com o saudoso Presidente Jos\u00e9 Pereira da Cunha, na d\u00e9cada de 1990, numa altura em que o PS reinava no Entroncamento, ent\u00e3o com uma matriz pol\u00edtica e sociol\u00f3gica t\u00e3o entranhadamente socialista que o ent\u00e3o l\u00edder social-democrata, Porf\u00edrio Rodrigues, chegou a desabafar, face aos repetidos reveses do seu partido, (e cito-o naturalmente de mem\u00f3ria) que na cidade, se pudessem, at\u00e9 as pedras da cal\u00e7ada votariam no PS (e em Jos\u00e9 Cunha). Cada elei\u00e7\u00e3o era ent\u00e3o um plebiscito bissexto, um ato de revalida\u00e7\u00e3o e de confirma\u00e7\u00e3o do autarca-ferrovi\u00e1rio. J\u00e1 no in\u00edcio deste mil\u00e9nio, e fruto de divis\u00f5es internas entre os socialistas (com Jos\u00e9 Cunha a apresentar-se ent\u00e3o como candidato numa lista de independentes, e dividindo a base dos seus eleitores), seria o candidato do PPD\/PSD, Jaime Ramos, a merecer a simpatia popular, e repetidamente o fez, at\u00e9 conquistar a maioria absoluta na C\u00e2mara em 2005 e 2009 (neste ano com 52,5 por cento dos votos) e chegar ao limite dos seus mandatos. H\u00e1 doze anos, os socialistas, com o independente Jorge Faria como l\u00edder para a C\u00e2mara, recuperavam o cetro dos destinos aut\u00e1rquicos, e conseguiriam uma maioria absoluta, mas a verdade \u00e9 que o PS apresenta-se agora j\u00e1 em razo\u00e1vel desgaste \u23bc e de novo criadas por divis\u00f5es internas, j\u00e1 que Ilda Joaquim, a presidente que sucedeu a Jorge Faria (que se retirou h\u00e1 quatro meses), n\u00e3o conseguiu vencer as elei\u00e7\u00f5es internas e ser a candidata. O Chega tem pouco hist\u00f3rico na cidade, \u00e9 verdade, mas em compensa\u00e7\u00e3o parece ter o vento a favor. Eu n\u00e3o acredito que tenha havido uma viragem pura e dura para a extrema-direita de uma parte t\u00e3o consider\u00e1vel da popula\u00e7\u00e3o local, as raz\u00f5es, na minha perspetiva n\u00e3o s\u00e3o assim t\u00e3o superficiais. <\/span><\/span><\/p>\n<p><span style=\"font-family: Arial, sans-serif;\"><span style=\"font-size: medium;\">Para as elei\u00e7\u00f5es deste outono quer os socialistas, quer o PPD\/PSD, quer o Chega j\u00e1 t\u00eam os seus candidatos para presidente da C\u00e2mara, o que \u00e9 sempre uma escolha determinante para os resultados. O PS escolheu M\u00e1rio Balsa, professor de Portugu\u00eas, ex-candidato \u00e0 Assembleia da Rep\u00fablica e ex-chefe do gabinete de Jorge Faria, que pretende \u201ccorporizar o esp\u00edrito transformador que a cidade precisa para devolver a esperan\u00e7a e tranquilidade que as pessoas merecem\u201d. Rui Madeira, professor auxiliar na Faculdade de Motricidade Humana de Lisboa, \u00e9 o candidato pelo PPD\/PSD, perdeu as \u00faltimas aut\u00e1rquicas em 2021 por \u201cum autocarro\u201d de votos, menos 62 que o PS, \u00e9 dos tr\u00eas candidatos o \u00fanico com experi\u00eancia no executivo aut\u00e1rquico e quer para o novo mandato \u201caumentar o n\u00edvel de desenvolvimento do Entroncamento\u201d. E quanto ao Chega, o seu candidato \u00e0 C\u00e2mara ser\u00e1 o soci\u00f3logo e gestor Nelson Cunha, teve uma experi\u00eancia como emigrante na Alemanha e no Reino Unido, tem uma empresa unic\u00f3rnio em Lisboa e j\u00e1 sublinhou que a cidade \u201cprecisa de recuperar os valores de cidadania, como o respeito pelo pr\u00f3ximo, o civismo e a solidariedade\u201d. <\/span><\/span><\/p>\n<p><span style=\"font-family: Arial, sans-serif;\"><span style=\"font-size: medium;\">Um dos tr\u00eas ser\u00e1 o pr\u00f3ximo presidente do executivo da cidade ferrovi\u00e1ria, julgo que nenhum ter\u00e1 os favores de correr na pista 1, por dentro, e tenho a convic\u00e7\u00e3o de que h\u00e1 uma faceta da cidade que vai, de uma forma mais declarada ou impl\u00edcita, tomar conta dos debates deste ano, o que nunca ocorreu em 2021, nem antes, nem podia ocorrer. E esse aspeto est\u00e1 relacionado com a profunda mudan\u00e7a na estrutura social que tem ocorrido no Entroncamento, sobretudo nos \u00faltimos tr\u00eas anos, e fruto da abertura das fronteiras de Portugal a cidad\u00e3os estrangeiros, em particular do Brasil, Angola, Cabo Verde, Guin\u00e9, Ucr\u00e2nia e \u00cdndia, entre outros, que trouxeram para a cidade pessoas de 53 pa\u00edses e a transformaram numa verdadeira \u201csociedade das na\u00e7\u00f5es\u201d, j\u00e1 a ter as suas experi\u00eancias singulares nas pr\u00f3prias escolas. A integra\u00e7\u00e3o adequada (cultural, educacional, habitacional\u2026) destes milhares de homens, mulheres e crian\u00e7as \u00e9 ou deve ser a pedra de toque \u2013 para al\u00e9m de outros aspetos mais habituais e comuns, como a economia, a seguran\u00e7a ou as escolas \u2013 a encarar pelos candidatos. O Entroncamento n\u00e3o estava (nem podia estar) preparado para este fen\u00f3meno. E, pessoalmente, n\u00e3o tenho grandes d\u00favidas de que no outono vencer\u00e1 quem, sobre esta mat\u00e9ria t\u00e3o fulcral, trouxer as propostas mais sensatas, equilibradas e exequ\u00edveis \u2013 as souber expor aos entroncamentenses e n\u00e3o se deixar ir atr\u00e1s do alarido dos extremismos, que sempre criam mais muros e est\u00e3o prontos a destruir pontes.<\/span><\/span><\/p>\n<div class=\"fb-background-color\">\n\t\t\t  <div \n\t\t\t  \tclass = \"fb-comments\" \n\t\t\t  \tdata-href = \"https:\/\/www.entroncamentoonline.pt\/portal\/a-cronica-de-manuel-fernandes-vicente-tres-candidatos-e-um-problema-serio-no-entroncamento\/\"\n\t\t\t  \tdata-numposts = \"10\"\n\t\t\t  \tdata-lazy = \"true\"\n\t\t\t\tdata-colorscheme = \"light\"\n\t\t\t\tdata-order-by = \"social\"\n\t\t\t\tdata-mobile=true>\n\t\t\t  <\/div><\/div>\n\t\t  <style>\n\t\t    .fb-background-color {\n\t\t\t\tbackground:  !important;\n\t\t\t}\n\t\t\t.fb_iframe_widget_fluid_desktop iframe {\n\t\t\t    width: 100% !important;\n\t\t\t}\n\t\t  <\/style>\n\t\t  ","protected":false},"excerpt":{"rendered":"<p>No Entroncamento \u23bc e apesar de umas elei\u00e7\u00f5es legislativas serem bastante distintas de um ato eleitoral para as autarquias \u23bc os resultados das elei\u00e7\u00f5es de maio n\u00e3o podem deixar de iluminar, com uma luz diferente naturalmente, as perspetivas sobre as pr\u00f3ximas elei\u00e7\u00f5es para o munic\u00edpio (e tamb\u00e9m para as freguesias). A verdade \u00e9 que o [&hellip;]<\/p>\n","protected":false},"author":21,"featured_media":68213,"comment_status":"open","ping_status":"closed","sticky":false,"template":"","format":"standard","meta":{"_acf_changed":false,"footnotes":""},"categories":[55,139,66],"tags":[],"class_list":{"0":"post-68212","1":"post","2":"type-post","3":"status-publish","4":"format-standard","5":"has-post-thumbnail","7":"category-cronica","8":"category-cronica-eol","9":"category-manuel-fernandes-vicente"},"acf":[],"_links":{"self":[{"href":"https:\/\/www.entroncamentoonline.pt\/portal\/wp-json\/wp\/v2\/posts\/68212","targetHints":{"allow":["GET"]}}],"collection":[{"href":"https:\/\/www.entroncamentoonline.pt\/portal\/wp-json\/wp\/v2\/posts"}],"about":[{"href":"https:\/\/www.entroncamentoonline.pt\/portal\/wp-json\/wp\/v2\/types\/post"}],"author":[{"embeddable":true,"href":"https:\/\/www.entroncamentoonline.pt\/portal\/wp-json\/wp\/v2\/users\/21"}],"replies":[{"embeddable":true,"href":"https:\/\/www.entroncamentoonline.pt\/portal\/wp-json\/wp\/v2\/comments?post=68212"}],"version-history":[{"count":0,"href":"https:\/\/www.entroncamentoonline.pt\/portal\/wp-json\/wp\/v2\/posts\/68212\/revisions"}],"wp:featuredmedia":[{"embeddable":true,"href":"https:\/\/www.entroncamentoonline.pt\/portal\/wp-json\/wp\/v2\/media\/68213"}],"wp:attachment":[{"href":"https:\/\/www.entroncamentoonline.pt\/portal\/wp-json\/wp\/v2\/media?parent=68212"}],"wp:term":[{"taxonomy":"category","embeddable":true,"href":"https:\/\/www.entroncamentoonline.pt\/portal\/wp-json\/wp\/v2\/categories?post=68212"},{"taxonomy":"post_tag","embeddable":true,"href":"https:\/\/www.entroncamentoonline.pt\/portal\/wp-json\/wp\/v2\/tags?post=68212"}],"curies":[{"name":"wp","href":"https:\/\/api.w.org\/{rel}","templated":true}]}}