{"id":67573,"date":"2025-05-08T18:27:49","date_gmt":"2025-05-08T17:27:49","guid":{"rendered":"https:\/\/www.entroncamentoonline.pt\/portal\/?p=67573"},"modified":"2025-05-08T18:28:36","modified_gmt":"2025-05-08T17:28:36","slug":"norte-americano-robert-f-prevost-e-o-novo-papa-uma-escolha-meio-inesperada-que-desafia-o-status-quo-politico","status":"publish","type":"post","link":"https:\/\/www.entroncamentoonline.pt\/portal\/norte-americano-robert-f-prevost-e-o-novo-papa-uma-escolha-meio-inesperada-que-desafia-o-status-quo-politico\/","title":{"rendered":"Norte-americano Robert F. Prevost \u00e9 o novo Papa, uma escolha meio inesperada que desafia o &#8220;status quo&#8221; pol\u00edtico"},"content":{"rendered":"<p><span style=\"font-family: Arial, sans-serif;\">Est\u00e1 escolhido o novo Papa. Depois da lideran\u00e7a do Papa Francisco, argentino, um Papa inclusivo e mais liberal nos costumes da igreja, eis que temos agora o Papa Robert F. Prevost, de 69 anos.<\/span><\/p>\n<p><span style=\"font-family: Arial, sans-serif;\">Da Am\u00e9rica do Sul para a Am\u00e9rica do Norte, o novo Papa \u00e9 considerado alinhado com grande parte das vis\u00f5es do falecido Papa Francisco. <\/span><\/p>\n<p><span style=\"font-family: Arial, sans-serif;\">Para Trump, o presidente dos Estados Unidos da Am\u00e9rica, esta \u00e9 uma chapada de luva branca. O ego e ideologia de Donald Trump embate de frente com o novo Papa. <\/span><\/p>\n<p><span style=\"font-family: Arial, sans-serif;\">Robert F. Prevost escolheu o nome de Le\u00e3o XIV. \u00c9 o primeiro Papa norte-americano. <\/span><\/p>\n<div class=\"fb-background-color\">\n\t\t\t  <div \n\t\t\t  \tclass = \"fb-comments\" \n\t\t\t  \tdata-href = \"https:\/\/www.entroncamentoonline.pt\/portal\/norte-americano-robert-f-prevost-e-o-novo-papa-uma-escolha-meio-inesperada-que-desafia-o-status-quo-politico\/\"\n\t\t\t  \tdata-numposts = \"10\"\n\t\t\t  \tdata-lazy = \"true\"\n\t\t\t\tdata-colorscheme = \"light\"\n\t\t\t\tdata-order-by = \"social\"\n\t\t\t\tdata-mobile=true>\n\t\t\t  <\/div><\/div>\n\t\t  <style>\n\t\t    .fb-background-color {\n\t\t\t\tbackground:  !important;\n\t\t\t}\n\t\t\t.fb_iframe_widget_fluid_desktop iframe {\n\t\t\t    width: 100% !important;\n\t\t\t}\n\t\t  <\/style>\n\t\t  ","protected":false},"excerpt":{"rendered":"<p>Est\u00e1 escolhido o novo Papa. Depois da lideran\u00e7a do Papa Francisco, argentino, um Papa inclusivo e mais liberal nos costumes da igreja, eis que temos agora o Papa Robert F. Prevost, de 69 anos. Da Am\u00e9rica do Sul para a Am\u00e9rica do Norte, o novo Papa \u00e9 considerado alinhado com grande parte das vis\u00f5es do [&hellip;]<\/p>\n","protected":false},"author":43,"featured_media":67574,"comment_status":"open","ping_status":"closed","sticky":false,"template":"","format":"standard","meta":{"_acf_changed":false,"footnotes":""},"categories":[56,52,207,32],"tags":[],"class_list":{"0":"post-67573","1":"post","2":"type-post","3":"status-publish","4":"format-standard","5":"has-post-thumbnail","7":"category-1apagina","8":"category-geral","9":"category-internacional","10":"category-noticias"},"acf":[],"_links":{"self":[{"href":"https:\/\/www.entroncamentoonline.pt\/portal\/wp-json\/wp\/v2\/posts\/67573","targetHints":{"allow":["GET"]}}],"collection":[{"href":"https:\/\/www.entroncamentoonline.pt\/portal\/wp-json\/wp\/v2\/posts"}],"about":[{"href":"https:\/\/www.entroncamentoonline.pt\/portal\/wp-json\/wp\/v2\/types\/post"}],"author":[{"embeddable":true,"href":"https:\/\/www.entroncamentoonline.pt\/portal\/wp-json\/wp\/v2\/users\/43"}],"replies":[{"embeddable":true,"href":"https:\/\/www.entroncamentoonline.pt\/portal\/wp-json\/wp\/v2\/comments?post=67573"}],"version-history":[{"count":0,"href":"https:\/\/www.entroncamentoonline.pt\/portal\/wp-json\/wp\/v2\/posts\/67573\/revisions"}],"wp:featuredmedia":[{"embeddable":true,"href":"https:\/\/www.entroncamentoonline.pt\/portal\/wp-json\/wp\/v2\/media\/67574"}],"wp:attachment":[{"href":"https:\/\/www.entroncamentoonline.pt\/portal\/wp-json\/wp\/v2\/media?parent=67573"}],"wp:term":[{"taxonomy":"category","embeddable":true,"href":"https:\/\/www.entroncamentoonline.pt\/portal\/wp-json\/wp\/v2\/categories?post=67573"},{"taxonomy":"post_tag","embeddable":true,"href":"https:\/\/www.entroncamentoonline.pt\/portal\/wp-json\/wp\/v2\/tags?post=67573"}],"curies":[{"name":"wp","href":"https:\/\/api.w.org\/{rel}","templated":true}]}}