{"id":67568,"date":"2025-05-08T17:33:12","date_gmt":"2025-05-08T16:33:12","guid":{"rendered":"https:\/\/www.entroncamentoonline.pt\/portal\/?p=67568"},"modified":"2025-05-08T17:33:12","modified_gmt":"2025-05-08T16:33:12","slug":"habemus-papam-conclave-ja-escolheu-o-novo-lider-da-igreja-e-sucessor-de-francisco-sera-conhecido-em-breve","status":"publish","type":"post","link":"https:\/\/www.entroncamentoonline.pt\/portal\/habemus-papam-conclave-ja-escolheu-o-novo-lider-da-igreja-e-sucessor-de-francisco-sera-conhecido-em-breve\/","title":{"rendered":"&#8216;Habemus Papam&#8217;: Conclave j\u00e1 escolheu o novo l\u00edder da Igreja e sucessor de Francisco ser\u00e1 conhecido em breve"},"content":{"rendered":"<p>Est\u00e1 eleito o novo l\u00edder da Igreja Cat\u00f3lica. Pelas 17h10 desta quinta-feira, surgiu o fumo branco da chamin\u00e9 da Capela Sistina, sinal de que, ao segundo dia, os 133 cardeais presentes no Conclave j\u00e1 elegeram o sucessor de Francisco, falecido a 21 de abril.<\/p>\n<p>O nome do pr\u00f3ximo Papa ser\u00e1 confirmado atrav\u00e9s do an\u00fancio na varanda da Pra\u00e7a de S\u00e3o Pedro, ainda sem hora marcada.<\/p>\n<div class=\"fb-background-color\">\n\t\t\t  <div \n\t\t\t  \tclass = \"fb-comments\" \n\t\t\t  \tdata-href = \"https:\/\/www.entroncamentoonline.pt\/portal\/habemus-papam-conclave-ja-escolheu-o-novo-lider-da-igreja-e-sucessor-de-francisco-sera-conhecido-em-breve\/\"\n\t\t\t  \tdata-numposts = \"10\"\n\t\t\t  \tdata-lazy = \"true\"\n\t\t\t\tdata-colorscheme = \"light\"\n\t\t\t\tdata-order-by = \"social\"\n\t\t\t\tdata-mobile=true>\n\t\t\t  <\/div><\/div>\n\t\t  <style>\n\t\t    .fb-background-color {\n\t\t\t\tbackground:  !important;\n\t\t\t}\n\t\t\t.fb_iframe_widget_fluid_desktop iframe {\n\t\t\t    width: 100% !important;\n\t\t\t}\n\t\t  <\/style>\n\t\t  ","protected":false},"excerpt":{"rendered":"<p>Est\u00e1 eleito o novo l\u00edder da Igreja Cat\u00f3lica. Pelas 17h10 desta quinta-feira, surgiu o fumo branco da chamin\u00e9 da Capela Sistina, sinal de que, ao segundo dia, os 133 cardeais presentes no Conclave j\u00e1 elegeram o sucessor de Francisco, falecido a 21 de abril. O nome do pr\u00f3ximo Papa ser\u00e1 confirmado atrav\u00e9s do an\u00fancio na [&hellip;]<\/p>\n","protected":false},"author":43,"featured_media":67569,"comment_status":"open","ping_status":"closed","sticky":false,"template":"","format":"standard","meta":{"_acf_changed":false,"footnotes":""},"categories":[56,52,207,32],"tags":[],"class_list":{"0":"post-67568","1":"post","2":"type-post","3":"status-publish","4":"format-standard","5":"has-post-thumbnail","7":"category-1apagina","8":"category-geral","9":"category-internacional","10":"category-noticias"},"acf":[],"_links":{"self":[{"href":"https:\/\/www.entroncamentoonline.pt\/portal\/wp-json\/wp\/v2\/posts\/67568","targetHints":{"allow":["GET"]}}],"collection":[{"href":"https:\/\/www.entroncamentoonline.pt\/portal\/wp-json\/wp\/v2\/posts"}],"about":[{"href":"https:\/\/www.entroncamentoonline.pt\/portal\/wp-json\/wp\/v2\/types\/post"}],"author":[{"embeddable":true,"href":"https:\/\/www.entroncamentoonline.pt\/portal\/wp-json\/wp\/v2\/users\/43"}],"replies":[{"embeddable":true,"href":"https:\/\/www.entroncamentoonline.pt\/portal\/wp-json\/wp\/v2\/comments?post=67568"}],"version-history":[{"count":0,"href":"https:\/\/www.entroncamentoonline.pt\/portal\/wp-json\/wp\/v2\/posts\/67568\/revisions"}],"wp:featuredmedia":[{"embeddable":true,"href":"https:\/\/www.entroncamentoonline.pt\/portal\/wp-json\/wp\/v2\/media\/67569"}],"wp:attachment":[{"href":"https:\/\/www.entroncamentoonline.pt\/portal\/wp-json\/wp\/v2\/media?parent=67568"}],"wp:term":[{"taxonomy":"category","embeddable":true,"href":"https:\/\/www.entroncamentoonline.pt\/portal\/wp-json\/wp\/v2\/categories?post=67568"},{"taxonomy":"post_tag","embeddable":true,"href":"https:\/\/www.entroncamentoonline.pt\/portal\/wp-json\/wp\/v2\/tags?post=67568"}],"curies":[{"name":"wp","href":"https:\/\/api.w.org\/{rel}","templated":true}]}}