{"id":67480,"date":"2025-05-06T10:08:10","date_gmt":"2025-05-06T09:08:10","guid":{"rendered":"https:\/\/www.entroncamentoonline.pt\/portal\/?p=67480"},"modified":"2025-05-06T10:08:10","modified_gmt":"2025-05-06T09:08:10","slug":"conferencia-sobre-os-500-anos-das-cortes-de-torres-novas","status":"publish","type":"post","link":"https:\/\/www.entroncamentoonline.pt\/portal\/conferencia-sobre-os-500-anos-das-cortes-de-torres-novas\/","title":{"rendered":"Confer\u00eancia sobre os 500 anos das Cortes de Torres Novas"},"content":{"rendered":"<p align=\"left\"><span style=\"color: #2c363a;\"><span style=\"font-family: Arial, sans-serif;\"><span style=\"font-size: medium;\">No \u00e2mbito da Feira de \u00c9poca, que se realiza de 29 de maio a 1 de junho, e cujo tema \u00e9 \u00abTorres Novas no tempo de Cam\u00f5es\u00bb, a Biblioteca Municipal Gustavo Pinto Lopes vai receber, no dia 17 de maio, a partir das 21 horas, a confer\u00eancia \u00ab1525 &#8211; Os 500 anos das Cortes de Torres Novas e o contrato de casamento de Isabel de Portugal com o Imperador Carlos V\u00bb, tendo como oradora Ana Isabel Buescu.<\/span><\/span><\/span><\/p>\n<p align=\"left\"><span style=\"color: #2c363a;\"><span style=\"font-family: Arial, sans-serif;\"><span style=\"font-size: medium;\">Ana Isabel Buescu, doutora em Hist\u00f3ria, \u00e9 professora na Faculdade de Ci\u00eancias Sociais e Humanas da Universidade Nova de Lisboa e Investigadora integrada do Centro de Humanidades (CHAM\/UNL) da mesma Faculdade.<\/span><\/span><\/span><\/p>\n<p align=\"left\"><span style=\"color: #2c363a;\">\u00a0<\/span><span style=\"color: #2c363a;\"><span style=\"font-family: Arial, sans-serif;\"><span style=\"font-size: medium;\">Trabalha em Hist\u00f3ria Moderna (s\u00e9culos XV-XVIII), em particular os dom\u00ednios da hist\u00f3ria cultural e das mentalidades, sistemas de representa\u00e7\u00e3o \u2014 corte e cultura de corte nos s\u00e9culos XV e XVI; rituais e cerim\u00f3nias da monarquia; educa\u00e7\u00e3o de pr\u00edncipes; hist\u00f3ria das mulheres; livrarias na \u00e9poca moderna e hist\u00f3ria biogr\u00e1fica.<\/span><\/span><\/span><\/p>\n<p align=\"left\"><span style=\"color: #2c363a;\">\u00a0<\/span><span style=\"color: #2c363a;\"><span style=\"font-family: Arial, sans-serif;\"><span style=\"font-size: medium;\">Al\u00e9m de artigos em revistas acad\u00e9micas nacionais e estrangeiras, publicou v\u00e1rios livros entre os quais as biografias de D. Jo\u00e3o III; \u00abCatarina de \u00c1ustria. Infanta de Tordesilhas, Rainha de Portugal\u00bb; \u00abD. Beatriz de Portugal. A Infanta Esquecida\u00bb; \u00abA livraria renascentista de D. Teod\u00f3sio I, duque de Bragan\u00e7a\u00bb; e \u00abNa Corte dos Reis de Portugal. Saberes, Ritos e Mem\u00f3rias. Estudos sobre o s\u00e9culo XVI\u00bb.<\/span><\/span><\/span><\/p>\n<p align=\"left\"><span style=\"color: #2c363a;\"><span style=\"font-family: Arial, sans-serif;\"><span style=\"font-size: medium;\">Saiba mais sobre a Feira de \u00c9poca em:\u00a0<\/span><\/span><\/span><a href=\"https:\/\/memoriasdahistoria.pt\/\" target=\"_blank\" rel=\"noopener\"><span style=\"color: #0563c1;\"><span style=\"font-family: Arial, sans-serif;\"><span style=\"font-size: medium;\"><u>https:\/\/memoriasdahistoria.pt\/<\/u><\/span><\/span><\/span><\/a><\/p>\n<div class=\"fb-background-color\">\n\t\t\t  <div \n\t\t\t  \tclass = \"fb-comments\" \n\t\t\t  \tdata-href = \"https:\/\/www.entroncamentoonline.pt\/portal\/conferencia-sobre-os-500-anos-das-cortes-de-torres-novas\/\"\n\t\t\t  \tdata-numposts = \"10\"\n\t\t\t  \tdata-lazy = \"true\"\n\t\t\t\tdata-colorscheme = \"light\"\n\t\t\t\tdata-order-by = \"social\"\n\t\t\t\tdata-mobile=true>\n\t\t\t  <\/div><\/div>\n\t\t  <style>\n\t\t    .fb-background-color {\n\t\t\t\tbackground:  !important;\n\t\t\t}\n\t\t\t.fb_iframe_widget_fluid_desktop iframe {\n\t\t\t    width: 100% !important;\n\t\t\t}\n\t\t  <\/style>\n\t\t  ","protected":false},"excerpt":{"rendered":"<p>No \u00e2mbito da Feira de \u00c9poca, que se realiza de 29 de maio a 1 de junho, e cujo tema \u00e9 \u00abTorres Novas no tempo de Cam\u00f5es\u00bb, a Biblioteca Municipal Gustavo Pinto Lopes vai receber, no dia 17 de maio, a partir das 21 horas, a confer\u00eancia \u00ab1525 &#8211; Os 500 anos das Cortes de [&hellip;]<\/p>\n","protected":false},"author":43,"featured_media":67481,"comment_status":"open","ping_status":"closed","sticky":false,"template":"","format":"standard","meta":{"_acf_changed":false,"footnotes":""},"categories":[31,54,68],"tags":[],"class_list":{"0":"post-67480","1":"post","2":"type-post","3":"status-publish","4":"format-standard","5":"has-post-thumbnail","7":"category-agenda","8":"category-cultura","9":"category-na-boa"},"acf":[],"_links":{"self":[{"href":"https:\/\/www.entroncamentoonline.pt\/portal\/wp-json\/wp\/v2\/posts\/67480","targetHints":{"allow":["GET"]}}],"collection":[{"href":"https:\/\/www.entroncamentoonline.pt\/portal\/wp-json\/wp\/v2\/posts"}],"about":[{"href":"https:\/\/www.entroncamentoonline.pt\/portal\/wp-json\/wp\/v2\/types\/post"}],"author":[{"embeddable":true,"href":"https:\/\/www.entroncamentoonline.pt\/portal\/wp-json\/wp\/v2\/users\/43"}],"replies":[{"embeddable":true,"href":"https:\/\/www.entroncamentoonline.pt\/portal\/wp-json\/wp\/v2\/comments?post=67480"}],"version-history":[{"count":0,"href":"https:\/\/www.entroncamentoonline.pt\/portal\/wp-json\/wp\/v2\/posts\/67480\/revisions"}],"wp:featuredmedia":[{"embeddable":true,"href":"https:\/\/www.entroncamentoonline.pt\/portal\/wp-json\/wp\/v2\/media\/67481"}],"wp:attachment":[{"href":"https:\/\/www.entroncamentoonline.pt\/portal\/wp-json\/wp\/v2\/media?parent=67480"}],"wp:term":[{"taxonomy":"category","embeddable":true,"href":"https:\/\/www.entroncamentoonline.pt\/portal\/wp-json\/wp\/v2\/categories?post=67480"},{"taxonomy":"post_tag","embeddable":true,"href":"https:\/\/www.entroncamentoonline.pt\/portal\/wp-json\/wp\/v2\/tags?post=67480"}],"curies":[{"name":"wp","href":"https:\/\/api.w.org\/{rel}","templated":true}]}}