{"id":67365,"date":"2025-05-01T10:33:41","date_gmt":"2025-05-01T09:33:41","guid":{"rendered":"https:\/\/www.entroncamentoonline.pt\/portal\/?p=67365"},"modified":"2025-05-01T10:33:41","modified_gmt":"2025-05-01T09:33:41","slug":"necrologia-maria-jose-freitas-lamarosa","status":"publish","type":"post","link":"https:\/\/www.entroncamentoonline.pt\/portal\/necrologia-maria-jose-freitas-lamarosa\/","title":{"rendered":"Necrologia: Maria Jos\u00e9 Freitas \u2013 Lamarosa"},"content":{"rendered":"<p>Faleceu Maria Jos\u00e9 Freitas, de 95 anos, que residia na Rua do Caramulo \u2013 Lamarosa.<\/p>\n<p>O seu vel\u00f3rio ser\u00e1 realizado na Capela Mortu\u00e1ria de Lamarosa, dia 30 de abril de 20225, a partir das 19:00 horas.<\/p>\n<p>O seu funeral realizar-se-\u00e1 no dia 01 de maio de 2025 (quinta-feira), saindo da Capela<br \/>\nMortu\u00e1ria da Lamarosa pelas 10:30 horas, com destino \u00e0 Igreja da Lamarosa, onde<br \/>\nser\u00e1 realizada missa de corpo presente pelas 11:00 horas, seguindo para o cemit\u00e9rio de<br \/>\nLamarosa.<\/p>\n<p align=\"left\"><em><span style=\"color: #2c363a;\"><span style=\"font-family: Arial, sans-serif;\"><span style=\"font-size: medium;\">Ag\u00eancia Funer\u00e1ria Rainho<\/span><\/span><\/span><\/em><\/p>\n<div class=\"fb-background-color\">\n\t\t\t  <div \n\t\t\t  \tclass = \"fb-comments\" \n\t\t\t  \tdata-href = \"https:\/\/www.entroncamentoonline.pt\/portal\/necrologia-maria-jose-freitas-lamarosa\/\"\n\t\t\t  \tdata-numposts = \"10\"\n\t\t\t  \tdata-lazy = \"true\"\n\t\t\t\tdata-colorscheme = \"light\"\n\t\t\t\tdata-order-by = \"social\"\n\t\t\t\tdata-mobile=true>\n\t\t\t  <\/div><\/div>\n\t\t  <style>\n\t\t    .fb-background-color {\n\t\t\t\tbackground:  !important;\n\t\t\t}\n\t\t\t.fb_iframe_widget_fluid_desktop iframe {\n\t\t\t    width: 100% !important;\n\t\t\t}\n\t\t  <\/style>\n\t\t  ","protected":false},"excerpt":{"rendered":"<p>Faleceu Maria Jos\u00e9 Freitas, de 95 anos, que residia na Rua do Caramulo \u2013 Lamarosa. O seu vel\u00f3rio ser\u00e1 realizado na Capela Mortu\u00e1ria de Lamarosa, dia 30 de abril de 20225, a partir das 19:00 horas. O seu funeral realizar-se-\u00e1 no dia 01 de maio de 2025 (quinta-feira), saindo da Capela Mortu\u00e1ria da Lamarosa pelas [&hellip;]<\/p>\n","protected":false},"author":43,"featured_media":67366,"comment_status":"open","ping_status":"closed","sticky":false,"template":"","format":"standard","meta":{"_acf_changed":false,"footnotes":""},"categories":[41],"tags":[],"class_list":{"0":"post-67365","1":"post","2":"type-post","3":"status-publish","4":"format-standard","5":"has-post-thumbnail","7":"category-necrologia"},"acf":[],"_links":{"self":[{"href":"https:\/\/www.entroncamentoonline.pt\/portal\/wp-json\/wp\/v2\/posts\/67365","targetHints":{"allow":["GET"]}}],"collection":[{"href":"https:\/\/www.entroncamentoonline.pt\/portal\/wp-json\/wp\/v2\/posts"}],"about":[{"href":"https:\/\/www.entroncamentoonline.pt\/portal\/wp-json\/wp\/v2\/types\/post"}],"author":[{"embeddable":true,"href":"https:\/\/www.entroncamentoonline.pt\/portal\/wp-json\/wp\/v2\/users\/43"}],"replies":[{"embeddable":true,"href":"https:\/\/www.entroncamentoonline.pt\/portal\/wp-json\/wp\/v2\/comments?post=67365"}],"version-history":[{"count":0,"href":"https:\/\/www.entroncamentoonline.pt\/portal\/wp-json\/wp\/v2\/posts\/67365\/revisions"}],"wp:featuredmedia":[{"embeddable":true,"href":"https:\/\/www.entroncamentoonline.pt\/portal\/wp-json\/wp\/v2\/media\/67366"}],"wp:attachment":[{"href":"https:\/\/www.entroncamentoonline.pt\/portal\/wp-json\/wp\/v2\/media?parent=67365"}],"wp:term":[{"taxonomy":"category","embeddable":true,"href":"https:\/\/www.entroncamentoonline.pt\/portal\/wp-json\/wp\/v2\/categories?post=67365"},{"taxonomy":"post_tag","embeddable":true,"href":"https:\/\/www.entroncamentoonline.pt\/portal\/wp-json\/wp\/v2\/tags?post=67365"}],"curies":[{"name":"wp","href":"https:\/\/api.w.org\/{rel}","templated":true}]}}