{"id":67326,"date":"2025-04-29T09:48:46","date_gmt":"2025-04-29T08:48:46","guid":{"rendered":"https:\/\/www.entroncamentoonline.pt\/portal\/?p=67326"},"modified":"2025-04-29T09:48:46","modified_gmt":"2025-04-29T08:48:46","slug":"a-cronica-semanal-de-sandra-may-entre-mudancas-e-conexoes-quem-somos-nos-quando-as-luzes-se-apagam","status":"publish","type":"post","link":"https:\/\/www.entroncamentoonline.pt\/portal\/a-cronica-semanal-de-sandra-may-entre-mudancas-e-conexoes-quem-somos-nos-quando-as-luzes-se-apagam\/","title":{"rendered":"A Cr\u00f3nica Semanal de Sandra May &#8211; Entre Mudan\u00e7as e Conex\u00f5es: &#8220;Quem somos n\u00f3s, quando as luzes se apagam?&#8221;"},"content":{"rendered":"<p>O apag\u00e3o n\u00e3o avisou. Apenas aconteceu. Como tudo o que realmente importa. De repente, tudo o que nos protegia: o ru\u00eddo, o conforto, a pressa\u2026 Caiu por terra. Fic\u00e1mos nus, sem os adere\u00e7os que nos distraem daquilo que somos quando n\u00e3o estamos a fingir.<br \/>\nNo escuro, n\u00e3o somos rostos. N\u00e3o somos cargos. N\u00e3o somos sequer hist\u00f3rias bem contadas. No escuro, somos m\u00e3os a tatear, respira\u00e7\u00f5es presas, cora\u00e7\u00f5es a bater forte, traindo tudo aquilo que tentamos esconder de n\u00f3s pr\u00f3prios. <\/p>\n<p>As l\u00e2mpadas calaram-se. A eletricidade deixou-nos a s\u00f3s com aquilo que realmente transportamos: perguntas n\u00e3o feitas, abra\u00e7os adiados, vers\u00f5es de n\u00f3s que deix\u00e1mos esquecidas nos corredores da pressa. No escuro, o verniz estala, o sorriso treinado desfaz-se, e, no meio desse caos silencioso, talvez aconte\u00e7a o milagre: vermos, pela primeira vez, aquilo que sempre esteve l\u00e1.<\/p>\n<p>N\u00e3o s\u00e3o os olhos que guiam. \u00c9 o instinto. \u00c9 a mem\u00f3ria de quem j\u00e1 caiu antes e sabe, sem pensar, como se levanta.<br \/>\nSobrevivemos. Sobrevivemos ao que \u00e9 pequeno e parece enorme. Sobrevivemos ao vazio. Sobrevivemos, at\u00e9, a n\u00f3s mesmos, o que, \u00e0s vezes, \u00e9 a mais dif\u00edcil das batalhas. Mas fica a pergunta: e se o apag\u00e3o for de dentro? E se a luz que falta for a nossa? Como se reacende um peito apagado? Como se encontra o caminho, quando j\u00e1 n\u00e3o sabemos o que \u00e9 norte?<\/p>\n<p>Talvez seja preciso reaprender o gesto mais primitivo de todos: tatear no escuro, trope\u00e7ar sem vergonha, soprar para dentro at\u00e9 uma fa\u00edsca t\u00edmida voltar a crescer. N\u00e3o precisamos de ver o caminho todo. N\u00e3o precisamos sequer de v\u00ea-lo. Basta confiar naquilo que ainda bate. Mesmo em sil\u00eancio. Mesmo em queda. Precisamos sim, de ser casa para o nosso pr\u00f3prio escuro. Confiar que somos feitos de uma mat\u00e9ria que sabe, mesmo \u00e0s cegas, o rumo de volta para casa.<\/p>\n<p>Afinal, um apag\u00e3o \u00e9 isso mesmo: acender-se por dentro, mesmo quando o mundo inteiro parece ter-se apagado.<\/p>\n<p>SANDRA MAY<\/p>\n<p>Acompanha o trabalho da autora em:<br \/>\nhttps:\/\/www.instagram.com\/saandramay\/<br \/>\nhttps:\/\/www.facebook.com\/saandramay\/<\/p>\n<div class=\"fb-background-color\">\n\t\t\t  <div \n\t\t\t  \tclass = \"fb-comments\" \n\t\t\t  \tdata-href = \"https:\/\/www.entroncamentoonline.pt\/portal\/a-cronica-semanal-de-sandra-may-entre-mudancas-e-conexoes-quem-somos-nos-quando-as-luzes-se-apagam\/\"\n\t\t\t  \tdata-numposts = \"10\"\n\t\t\t  \tdata-lazy = \"true\"\n\t\t\t\tdata-colorscheme = \"light\"\n\t\t\t\tdata-order-by = \"social\"\n\t\t\t\tdata-mobile=true>\n\t\t\t  <\/div><\/div>\n\t\t  <style>\n\t\t    .fb-background-color {\n\t\t\t\tbackground:  !important;\n\t\t\t}\n\t\t\t.fb_iframe_widget_fluid_desktop iframe {\n\t\t\t    width: 100% !important;\n\t\t\t}\n\t\t  <\/style>\n\t\t  ","protected":false},"excerpt":{"rendered":"<p>O apag\u00e3o n\u00e3o avisou. Apenas aconteceu. Como tudo o que realmente importa. De repente, tudo o que nos protegia: o ru\u00eddo, o conforto, a pressa\u2026 Caiu por terra. Fic\u00e1mos nus, sem os adere\u00e7os que nos distraem daquilo que somos quando n\u00e3o estamos a fingir. No escuro, n\u00e3o somos rostos. N\u00e3o somos cargos. N\u00e3o somos sequer [&hellip;]<\/p>\n","protected":false},"author":50,"featured_media":67229,"comment_status":"open","ping_status":"closed","sticky":false,"template":"","format":"standard","meta":{"_acf_changed":false,"footnotes":""},"categories":[55,139,209],"tags":[],"class_list":{"0":"post-67326","1":"post","2":"type-post","3":"status-publish","4":"format-standard","5":"has-post-thumbnail","7":"category-cronica","8":"category-cronica-eol","9":"category-sandra-may"},"acf":[],"_links":{"self":[{"href":"https:\/\/www.entroncamentoonline.pt\/portal\/wp-json\/wp\/v2\/posts\/67326","targetHints":{"allow":["GET"]}}],"collection":[{"href":"https:\/\/www.entroncamentoonline.pt\/portal\/wp-json\/wp\/v2\/posts"}],"about":[{"href":"https:\/\/www.entroncamentoonline.pt\/portal\/wp-json\/wp\/v2\/types\/post"}],"author":[{"embeddable":true,"href":"https:\/\/www.entroncamentoonline.pt\/portal\/wp-json\/wp\/v2\/users\/50"}],"replies":[{"embeddable":true,"href":"https:\/\/www.entroncamentoonline.pt\/portal\/wp-json\/wp\/v2\/comments?post=67326"}],"version-history":[{"count":0,"href":"https:\/\/www.entroncamentoonline.pt\/portal\/wp-json\/wp\/v2\/posts\/67326\/revisions"}],"wp:featuredmedia":[{"embeddable":true,"href":"https:\/\/www.entroncamentoonline.pt\/portal\/wp-json\/wp\/v2\/media\/67229"}],"wp:attachment":[{"href":"https:\/\/www.entroncamentoonline.pt\/portal\/wp-json\/wp\/v2\/media?parent=67326"}],"wp:term":[{"taxonomy":"category","embeddable":true,"href":"https:\/\/www.entroncamentoonline.pt\/portal\/wp-json\/wp\/v2\/categories?post=67326"},{"taxonomy":"post_tag","embeddable":true,"href":"https:\/\/www.entroncamentoonline.pt\/portal\/wp-json\/wp\/v2\/tags?post=67326"}],"curies":[{"name":"wp","href":"https:\/\/api.w.org\/{rel}","templated":true}]}}