{"id":67286,"date":"2025-04-27T11:42:04","date_gmt":"2025-04-27T10:42:04","guid":{"rendered":"https:\/\/www.entroncamentoonline.pt\/portal\/?p=67286"},"modified":"2025-04-27T11:42:04","modified_gmt":"2025-04-27T10:42:04","slug":"necrologia-luisa-maria-vital-entroncamento","status":"publish","type":"post","link":"https:\/\/www.entroncamentoonline.pt\/portal\/necrologia-luisa-maria-vital-entroncamento\/","title":{"rendered":"Necrologia: Lu\u00edsa Maria Vital &#8211; Entroncamento"},"content":{"rendered":"<p align=\"left\"><span style=\"font-family: Arial, sans-serif;\"><span style=\"color: #2c363a;\">Faleceu Lu\u00edsa Maria Vital, de <\/span><span style=\"color: #2c363a;\">92 anos, <\/span><span style=\"color: #2c363a;\">que residia <\/span><span style=\"color: #2c363a;\">na Rua Maria Serrana &#8211; Entroncamento.<\/span><\/span><\/p>\n<p align=\"left\"><span style=\"color: #2c363a;\"><span style=\"font-family: Arial, sans-serif;\">O funeral ser\u00e1 realizado no dia 27-abr-2025 (domingo) saindo \u00e0s 10:30 para o Cremat\u00f3rio do Entroncamento onde ser\u00e1 realizada cerim\u00f3nia religiosa \u00e0s 11:00.<\/span><\/span><\/p>\n<div class=\"fb-background-color\">\n\t\t\t  <div \n\t\t\t  \tclass = \"fb-comments\" \n\t\t\t  \tdata-href = \"https:\/\/www.entroncamentoonline.pt\/portal\/necrologia-luisa-maria-vital-entroncamento\/\"\n\t\t\t  \tdata-numposts = \"10\"\n\t\t\t  \tdata-lazy = \"true\"\n\t\t\t\tdata-colorscheme = \"light\"\n\t\t\t\tdata-order-by = \"social\"\n\t\t\t\tdata-mobile=true>\n\t\t\t  <\/div><\/div>\n\t\t  <style>\n\t\t    .fb-background-color {\n\t\t\t\tbackground:  !important;\n\t\t\t}\n\t\t\t.fb_iframe_widget_fluid_desktop iframe {\n\t\t\t    width: 100% !important;\n\t\t\t}\n\t\t  <\/style>\n\t\t  ","protected":false},"excerpt":{"rendered":"<p>Faleceu Lu\u00edsa Maria Vital, de 92 anos, que residia na Rua Maria Serrana &#8211; Entroncamento. O funeral ser\u00e1 realizado no dia 27-abr-2025 (domingo) saindo \u00e0s 10:30 para o Cremat\u00f3rio do Entroncamento onde ser\u00e1 realizada cerim\u00f3nia religiosa \u00e0s 11:00.<\/p>\n","protected":false},"author":43,"featured_media":67287,"comment_status":"open","ping_status":"closed","sticky":false,"template":"","format":"standard","meta":{"_acf_changed":false,"footnotes":""},"categories":[1],"tags":[],"class_list":{"0":"post-67286","1":"post","2":"type-post","3":"status-publish","4":"format-standard","5":"has-post-thumbnail","7":"category-sem-categoria"},"acf":[],"_links":{"self":[{"href":"https:\/\/www.entroncamentoonline.pt\/portal\/wp-json\/wp\/v2\/posts\/67286","targetHints":{"allow":["GET"]}}],"collection":[{"href":"https:\/\/www.entroncamentoonline.pt\/portal\/wp-json\/wp\/v2\/posts"}],"about":[{"href":"https:\/\/www.entroncamentoonline.pt\/portal\/wp-json\/wp\/v2\/types\/post"}],"author":[{"embeddable":true,"href":"https:\/\/www.entroncamentoonline.pt\/portal\/wp-json\/wp\/v2\/users\/43"}],"replies":[{"embeddable":true,"href":"https:\/\/www.entroncamentoonline.pt\/portal\/wp-json\/wp\/v2\/comments?post=67286"}],"version-history":[{"count":0,"href":"https:\/\/www.entroncamentoonline.pt\/portal\/wp-json\/wp\/v2\/posts\/67286\/revisions"}],"wp:featuredmedia":[{"embeddable":true,"href":"https:\/\/www.entroncamentoonline.pt\/portal\/wp-json\/wp\/v2\/media\/67287"}],"wp:attachment":[{"href":"https:\/\/www.entroncamentoonline.pt\/portal\/wp-json\/wp\/v2\/media?parent=67286"}],"wp:term":[{"taxonomy":"category","embeddable":true,"href":"https:\/\/www.entroncamentoonline.pt\/portal\/wp-json\/wp\/v2\/categories?post=67286"},{"taxonomy":"post_tag","embeddable":true,"href":"https:\/\/www.entroncamentoonline.pt\/portal\/wp-json\/wp\/v2\/tags?post=67286"}],"curies":[{"name":"wp","href":"https:\/\/api.w.org\/{rel}","templated":true}]}}