{"id":67129,"date":"2025-04-21T10:41:37","date_gmt":"2025-04-21T09:41:37","guid":{"rendered":"https:\/\/www.entroncamentoonline.pt\/portal\/?p=67129"},"modified":"2025-04-21T10:41:37","modified_gmt":"2025-04-21T09:41:37","slug":"internacional-papa-francisco-morre-aos-88-anos","status":"publish","type":"post","link":"https:\/\/www.entroncamentoonline.pt\/portal\/internacional-papa-francisco-morre-aos-88-anos\/","title":{"rendered":"Internacional: Papa Francisco morre aos 88 anos"},"content":{"rendered":"<p align=\"left\"><span style=\"color: #333333;\"><span style=\"font-family: Arial, sans-serif;\"><span style=\"font-size: medium;\">O\u00a0<i>Vatican News<\/i>\u00a0refere que Francisco, que esteve recentemente internado com grave problema de sa\u00fade, morreu na resid\u00eancia Casa Santa Marta, no Vaticano.<\/span><\/span><\/span><\/p>\n<p align=\"left\"><span style=\"color: #333333;\"><span style=\"font-family: Arial, sans-serif;\"><span style=\"font-size: medium;\">O mesmo meio deu mais informa\u00e7\u00f5es, referindo que \u00e0s 8:45 da manh\u00e3 o Cardeal Kevin Farrell, Camerlengo da C\u00e2mara Apost\u00f3lica, deu a not\u00edcia na Casa Santa Marta: \u00abQueridos irm\u00e3os e irm\u00e3s, com profunda dor devo anunciar a morte do nosso Santo Padre Francisco. \u00c0s 7h35 desta manh\u00e3, o Bispo de Roma, Francisco, regressou \u00e0 casa do Pai. Toda a sua vida foi dedicada ao servi\u00e7o do Senhor e da sua Igreja. Ensinou-nos a viver os valores do Evangelho com fidelidade, coragem e amor universal, especialmente em favor dos mais pobres e marginalizados. Com imensa gratid\u00e3o pelo seu exemplo de verdadeiro disc\u00edpulo do Senhor Jesus, entregamos a alma do Papa Francisco ao infinito amor misericordioso do Deus Uno e Trino.\u00bb<\/span><\/span><\/span><\/p>\n<p align=\"left\"><span style=\"color: #333333;\"><span style=\"font-family: Arial, sans-serif;\"><span style=\"font-size: medium;\">A \u00faltima apari\u00e7\u00e3o foi domingo de manh\u00e3. Francisco compareceu na Loggia delle Benedizioni, na Bas\u00edlica de S\u00e3o Pedro, para a b\u00ean\u00e7\u00e3o Urbi et Orbi, no final da Missa de P\u00e1scoa, celebrada na Pra\u00e7a de S\u00e3o Pedro pelo Cardeal Angelo Comastri.<\/span><\/span><\/span><\/p>\n<p align=\"left\"><span style=\"color: #333333;\"><span style=\"font-family: Arial, sans-serif;\"><span style=\"font-size: medium;\">Foi recebido com ova\u00e7\u00f5es dos fi\u00e9is presentes na Pra\u00e7a de S\u00e3o Pedro, mas continuou a mostrar alguma fragilidade. \u00abQueridos irm\u00e3os e irm\u00e3s, feliz P\u00e1scoa. Encarrego o Mestre de Cerim\u00f3nias de ler a mensagem\u00bb, foram as poucas palavras pronunciadas pelo Papa na Loggia, que deixou a leitura da mensagem a D. Diego Ravelli.<\/span><\/span><\/span><\/p>\n<p align=\"left\"><span style=\"color: #333333;\"><span style=\"font-family: Arial, sans-serif;\"><span style=\"font-size: medium;\">Francisco, nome escolhido pelo argentino Jorge Bergoglio, foi internado a 14 de fevereiro, no hospital Gemelli, em Roma, para combater uma pneumonia dupla. Teve alta a 23 de mar\u00e7o, tendo surgido fr\u00e1gil \u00e0 janela do quarto, antes de sair para a Casa Santa Marta.<\/span><\/span><\/span><\/p>\n<p align=\"left\"><span style=\"color: #2c363a;\"><span style=\"font-family: Arial, sans-serif;\"><span style=\"font-size: medium;\"><span style=\"color: #333333;\">Francisco nasceu no dia 17 de Dezembro de 1936, em Buenos Aires, e era l\u00edder da Igreja Cat\u00f3lica desde 2013. Em mar\u00e7o desse ano escolhido para suceder a Bento XVI, que havia renunciado por motivos de sa\u00fade. Tornou-se no primeiro jesu\u00edta e no primeiro cardeal da Am\u00e9rica Latina na lideran\u00e7a da Igreja.<\/span> <\/span><\/span><\/span><\/p>\n<div class=\"fb-background-color\">\n\t\t\t  <div \n\t\t\t  \tclass = \"fb-comments\" \n\t\t\t  \tdata-href = \"https:\/\/www.entroncamentoonline.pt\/portal\/internacional-papa-francisco-morre-aos-88-anos\/\"\n\t\t\t  \tdata-numposts = \"10\"\n\t\t\t  \tdata-lazy = \"true\"\n\t\t\t\tdata-colorscheme = \"light\"\n\t\t\t\tdata-order-by = \"social\"\n\t\t\t\tdata-mobile=true>\n\t\t\t  <\/div><\/div>\n\t\t  <style>\n\t\t    .fb-background-color {\n\t\t\t\tbackground:  !important;\n\t\t\t}\n\t\t\t.fb_iframe_widget_fluid_desktop iframe {\n\t\t\t    width: 100% !important;\n\t\t\t}\n\t\t  <\/style>\n\t\t  ","protected":false},"excerpt":{"rendered":"<p>O\u00a0Vatican News\u00a0refere que Francisco, que esteve recentemente internado com grave problema de sa\u00fade, morreu na resid\u00eancia Casa Santa Marta, no Vaticano. O mesmo meio deu mais informa\u00e7\u00f5es, referindo que \u00e0s 8:45 da manh\u00e3 o Cardeal Kevin Farrell, Camerlengo da C\u00e2mara Apost\u00f3lica, deu a not\u00edcia na Casa Santa Marta: \u00abQueridos irm\u00e3os e irm\u00e3s, com profunda dor [&hellip;]<\/p>\n","protected":false},"author":43,"featured_media":67130,"comment_status":"open","ping_status":"closed","sticky":false,"template":"","format":"standard","meta":{"_acf_changed":false,"footnotes":""},"categories":[56,52,207,32],"tags":[],"class_list":{"0":"post-67129","1":"post","2":"type-post","3":"status-publish","4":"format-standard","5":"has-post-thumbnail","7":"category-1apagina","8":"category-geral","9":"category-internacional","10":"category-noticias"},"acf":[],"_links":{"self":[{"href":"https:\/\/www.entroncamentoonline.pt\/portal\/wp-json\/wp\/v2\/posts\/67129","targetHints":{"allow":["GET"]}}],"collection":[{"href":"https:\/\/www.entroncamentoonline.pt\/portal\/wp-json\/wp\/v2\/posts"}],"about":[{"href":"https:\/\/www.entroncamentoonline.pt\/portal\/wp-json\/wp\/v2\/types\/post"}],"author":[{"embeddable":true,"href":"https:\/\/www.entroncamentoonline.pt\/portal\/wp-json\/wp\/v2\/users\/43"}],"replies":[{"embeddable":true,"href":"https:\/\/www.entroncamentoonline.pt\/portal\/wp-json\/wp\/v2\/comments?post=67129"}],"version-history":[{"count":0,"href":"https:\/\/www.entroncamentoonline.pt\/portal\/wp-json\/wp\/v2\/posts\/67129\/revisions"}],"wp:featuredmedia":[{"embeddable":true,"href":"https:\/\/www.entroncamentoonline.pt\/portal\/wp-json\/wp\/v2\/media\/67130"}],"wp:attachment":[{"href":"https:\/\/www.entroncamentoonline.pt\/portal\/wp-json\/wp\/v2\/media?parent=67129"}],"wp:term":[{"taxonomy":"category","embeddable":true,"href":"https:\/\/www.entroncamentoonline.pt\/portal\/wp-json\/wp\/v2\/categories?post=67129"},{"taxonomy":"post_tag","embeddable":true,"href":"https:\/\/www.entroncamentoonline.pt\/portal\/wp-json\/wp\/v2\/tags?post=67129"}],"curies":[{"name":"wp","href":"https:\/\/api.w.org\/{rel}","templated":true}]}}